{"id":1098,"date":"2014-05-02T16:49:56","date_gmt":"2014-05-02T15:49:56","guid":{"rendered":"http:\/\/www.film-movie.eu\/?p=1098"},"modified":"2014-05-02T16:49:56","modified_gmt":"2014-05-02T15:49:56","slug":"festival-del-cinema-africano-dasia-e-america-latina-milano","status":"publish","type":"post","link":"https:\/\/www.castingnews.eu\/magazine\/2014\/05\/02\/festival-del-cinema-africano-dasia-e-america-latina-milano\/","title":{"rendered":"Festival del Cinema Africano, d\u2019Asia e America Latina \u2013 Milano"},"content":{"rendered":"<h3 style=\"text-align: justify;\">Il Festival del Cinema Africano, d\u2019Asia e America Latina (FCAAAL) \u00e8 dedicato alla conoscenza delle cinematografie, delle realt\u00e0 e delle culture dei paesi dell\u2019Africa, dell\u2019Asia e dell\u2019America Latina<em>.<\/em><\/h3>\n<p style=\"text-align: justify;\">Il Festival del Cinema Africano, d\u2019Asia e America Latina insieme ad altri sei festival milanesi (MIX, Filmmaker , Invideo, Milano Film Festival, Sguardi Altrove, Sport Movies &amp; Tv Festival) fa parte del Milano Film Network (MFN), una rete di festival milanesi che si estende su tutto l\u2019arco dell\u2019anno come un unico grande evento, il \u201cfestival lungo un anno\u201d. E\u2019 la risposta innovativa di Milano, che sperimenta modalit\u00e0 diverse di presenza sul territorio e di rapporto con il pubblico. Il Milano Film Network \u00e8 non solo una rete di festival ma un \u201csistema\u201d in grado di coordinare l\u2019offerta culturale della citt\u00e0 di Milano e fungere da motore di sviluppo di sinergie con il territorio.<\/p><div class=\"6d3639e8c6ac292cde400fad8ff8a5b9\" data-index=\"1\" style=\"float: none; margin:10px 0 10px 0; text-align:center;\">\n<script async src=\"\/\/pagead2.googlesyndication.com\/pagead\/js\/adsbygoogle.js\"><\/script>\r\n<!-- Casting Bambini NEW -->\r\n<ins class=\"adsbygoogle\"\r\n     style=\"display:inline-block;width:336px;height:280px\"\r\n     data-ad-client=\"ca-pub-5538097485429833\"\r\n     data-ad-slot=\"5127154445\"><\/ins>\r\n<script>\r\n(adsbygoogle = window.adsbygoogle || []).push({});\r\n<\/script>\n<\/div>\n\n<h5 style=\"text-align: justify;\">Sigla 23\u00b0 Festival del Cinema Africano, d&#8217;Asia e America Latina<\/h5>\n<p style=\"text-align: justify;\"><iframe loading=\"lazy\" src=\"\/\/www.youtube.com\/embed\/CRC96wObHEo\" frameborder=\"0\" width=\"420\" height=\"315\"><\/iframe><\/p>\n<p style=\"text-align: justify;\">Programma 2014<br \/>\nLa programmazione del 2014 presenta dei cambiamenti volti a unificare fiction e documentario e a ridurre numero di film e sezioni per dare maggiore rilievo ai film\/evento. I lungometraggi di fiction sono stati dunque uniti ai documentari nel Concorso Lungometraggi Finestre sul Mondo e nasce una nuova sezione fuori concorso, la Sezione Flash, che raccoglie le importanti anteprime del Festival.<br \/>\n<a href=\"http:\/\/www.film-movie.eu\/wp-content\/uploads\/2014\/05\/Festival-del-Cinema-Africano-d\u2019Asia-e-America-Latina.jpg\"><img loading=\"lazy\" decoding=\"async\" class=\"alignleft size-medium wp-image-1099\" style=\"margin-left: 5px; margin-right: 5px;\" title=\"Festival del Cinema Africano, d\u2019Asia e America Latina\" src=\"http:\/\/www.film-movie.eu\/wp-content\/uploads\/2014\/05\/Festival-del-Cinema-Africano-d\u2019Asia-e-America-Latina-300x175.jpg\" alt=\"\" width=\"300\" height=\"175\" \/><\/a>Elementi di continuit\u00e0 sono invece il Concorso Miglior Cortometraggio africano e il Concorso Extr\u2019A \u2013 che fa il punto sul cinema italiano a confronto con i tre continenti e i temi dell\u2019immigrazione \u2013 e le Sezioni parallele Films That Feed, dedicata ai temi Expo 2015 e E tutti ridono\u2026 le pi\u00f9 divertenti commedie da Africa, Asia e America Latina.<br \/>\nI film in concorso saranno giudicati da una Giuria internazionale composta da tre esperti che assegner\u00e0 il Premio al Miglior film del Concorso Lungometraggi Finestre sul Mondo e da una Giuria di giornalisti italiani che attribuir\u00e0 invece il Premio al Miglior Lungometraggio Africano e il Premio al Miglior Cortometraggio Africano.<\/p>\n<p style=\"text-align: justify;\">Il Festival del Cinema Africano, d\u2019Asia e America Latina prevede quindi la proiezione di circa 50 titoli (selezionati tra circa 700 film visionati) suddivisi nelle seguenti sezioni:<\/p>\n<p style=\"text-align: justify;\">&#8211; Concorso Lungometraggi Finestre sul Mondo, accurata selezione delle ultime produzioni di fiction e documentari provenienti da Asia, Africa e America Latina che privilegia le opere di giovani registi. I film sono tutti in prima nazionale. Tra i film pi\u00f9 attesi: MATAR A UN HOMBRE di Alejandro Fernandez Almendras, vincitore del World Cinema Grand Jury Prize al Sundance Film Festival.<br \/>\n&#8211; Concorso Cortometraggi Africani che propone corti di finzione e brevi documentari con l\u2019intento di promuovere i giovani registi africani ai loro primi passi nel cinema e di mostrare le nuove tendenze e le sperimentazioni. Tra i titoli: dal Sundance il corto AFRONAUTS della ghanese Frances Bodomo che racconta una storia inedita: il folle tentativo della \u201cZambia Space Academy\u201d che nel luglio 1969 ha cercato di imitare il lancio dell\u2019Apollo11.<br \/>\n-Concorso Extr\u2019A dedicato ad opere di cineasti italiani girate nei tre continenti o sulle tematiche dell\u2019immigrazione. Tra i titoli l\u2019anteprima mondiale di OUINE ALGERIA? (DOV\u2019\u00c8 L\u2019ALGERIA?)di Lemhanouer Ahmine, regista e cameraman algerino che vive da pi\u00f9 di 20 anni in Italia. Un racconto molto personale che intreccia ricordi e ritratti familiari con la storia di un paese, l\u2019Algeria, nell\u2019anno della celebrazione dei 50 anni d\u2019Indipendenza.<\/p>\n<p style=\"text-align: justify;\">Tra gli eventi della Sezione Flash:<br \/>\n-Il Festival celebra i 20 anni della Democraziona in Sudafrica con l\u2019anteprima italiana del film NELSON MANDELA: THE MYTH AND ME di Khalo Matabane (Sudafrica).Vincitore dello Special Award all\u2019Internatioanl Documetnary Festival of Amsterdam (IDFA). Il film raccoglie le opinioni di persone che hanno conosciuto Mandela e che sono state ispirate dal grande leader nelle loro azioni e prospettive. Tra gli intervistati troviamo il Dalai Lama, Henry Kissinger, Colin Powell, Albie Sachs, Ariel Dorfman, Nuruddin Farah, Pumla Gqola, Wole Soyinka, Ronnie Kasrils, Zubeida Jaffer, e diverse altre personalit\u00e0 straordinarie nel campo delle arti, della societ\u00e0 civile e del mondo degli affari. Il film \u00e8 un viaggio appassionato e molto personale del regista che da bambino aveva percepito Mandela come \u201cun personaggio dei racconti popolari\u201d, un essere sovrumano i cui poteri avrebbero cacciato il male dalla terra. Ora , in questa immaginaria \u201d lettera\u201d, Matabane chiede a Mandela di spiegare le sue principali decisioni politiche e si interroga sul suo \u201cessere umano\u201d, andando oltre le agiografie dei media .<\/p>\n<p style=\"text-align: justify;\">Come ormai da alcuni anni il Festival dedica una particolare attenzione ai film che ci raccontano l\u2019attualit\u00e0 delle rivoluzioni nei paesi arabi. Quest\u2019anno l\u2019attenzione \u00e8 rivolta alla Siria con l\u2019anteprima nazionale del film LADDER TO DAMASCUSdi Mohamad Malas, grande maestro del cinema siriano (il suo film the Night del 1992, \u00e8 stato inserito tra i primi 10 film arabi di tutti i tempi secondo una classifica del quotidiano britannico The Guardian). Il regista \u00e8 stato arrestato i primi di marzo dall\u2019intelligence siriana mentre stava per attraversare il confine con il Libano, da dove sarebbe dovuto partire per l\u2019Europa e presentare il suo film. Girato clandestinamente in uno spazio chiuso, una corte\/cinema il film mette in scena la rappresentazione simbolica, stilizzata, della paura e dello sgomento per ci\u00f2 che sta succedendo nel paese. Un film sulla guerra in Siria, senza mai vederla. Solo il suono, reale, riporta costantemente il rombo degli elicotteri e degli aerei.<\/p>\n<p style=\"text-align: justify;\">La principale sezione fuori concorso di questa 24\u00b0 edizione sar\u00e0 la seconda edizione di FILMS THAT FEED (FTF).<br \/>\nIn attesa dell\u2019Expo 2015, il Festival e l\u2019ong ACRA partecipano all\u2019evento Expo in citt\u00e0 con una selezione di film e video sulle sfide dell\u2019alimentazione e della sostenibilit\u00e0. Quest\u2019anno la sezione si avvale anche del patrocinio e della collaborazione di Slow Food.<br \/>\nCon un\u2019attenzione particolare all\u2019impronta creativa e autoriale, le opere selezionate introducono e approfondiscono i temi cardine della prossima EXPO milanese: \u201cNutrire il Pianeta, Energia per la Vita\u201d, dalle eccellenze della gastronomia alla sicurezza e salute alimentare, dalla sovranit\u00e0 alimentare alla produzione agricola sostenibile e la preservazione dell\u2019ambiente e delle risorse idriche. Non mancheranno in occasione delle proiezioni degustazioni e laboratori di cucina. Tra i men\u00f9: il Men\u00f9 Gourmet con il film in anteprima nazionale A TALE OF SAMURAI COOKING \u2013 A TRUE LOVE STORYdi Yuzo Asahara seguito da cinechef ispirato alla cucina giapponese.<br \/>\nTra i temi che approfondiremo negli incontri di quest\u2019anno: la coltivazione della quinoa, i micro-jardin o orti urbani, la difesa della biodiversit\u00e0 delle foreste e i sistemi agro-alimentari alternativi (Alternative Food Systems \u2013 AFS) come i GAS (gruppi di acquisto solidale) intesi come soluzioni locali dal basso per contrastare la fame e al tempo stesso promuovere la coesione sociale.<\/p>\n<p style=\"text-align: justify;\">In collaborazione con l\u2019evento Arte da Mangiare (8 -11 maggio 2014), il Festival presenter\u00e0 alcuni film della sezione Films that Feed alla Societ\u00e0 Umanitaria, nella sala Facchinetti e ospiter\u00e0 a sua volta una installazione artistica della affermata manifestazione di cultura e gusto<\/p>\n<p style=\"text-align: justify;\">Viene riproposta per il quarto anno consecutivo la sezione tematica \u201cE tutti ridono\u2026 le pi\u00f9 divertenti commedie da Africa, Asia e America Latina\u201d selezionate con la collaborazione di Gino e Michele di Zelig. Tra i titoli in anteprima italiana: il film EKSTRA di Jeffrey Jeturian, irresistibile commedia agro-dolce, one-day-in-the-life di una comparsa sul set di una soap opera filippina.<\/p>\n<p style=\"text-align: justify;\">Il Festival partecipa per il quinto anno consecutivo alla campagna lanciata da laFeltrinelli (casa editrice e libreria) Il Razzismo \u00e8 una brutta storia con una selezione di film sulle tematihe del razzismo e dell\u2019integrazione. Questa collaborazione tra FCAAAL e laFeltrinelli ha dato vita al Premio \u201cIl Razzismo \u00e8 una brutta storia\u201d, che sar\u00e0 consegnato al miglior film della sezione.<\/p>\n<p style=\"text-align: justify;\">Punto di incontro per gli ospiti e il pubblico \u00e8 il FESTIVAL CENTER che ospita mostre, iniziative, occasioni di intrattenimento e di relax ispirati alle culture di Africa, Asia e America Latina. Uno Spazio Bar, gestito dall\u2019Associazione Sunugal, sar\u00e0 allestito presso la sala degli incontri.Tutte le attivit\u00e0 del Festival Center per il pubblico saranno gratuite.<\/p>\n<p style=\"text-align: justify;\">Il Festival Center ospiter\u00e0 quest\u2019anno la Mostra fotografica \u201cONE DAY AFRICA. Una giornata nella vita del continente vero\u201d, realizzata dalla rivista \u201cAfrica\u201d, in collaborazione con il Festival del Cinema Africano, d\u2019Asia e America Latina.<br \/>\nLa mostra \u201cOne day Africa\u201d raccoglie quarantacinque immagini realizzate da reporter e fotografi affermati ed emergenti alle prese con la quotidianit\u00e0 di un continente in perenne fibrillazione.<br \/>\nLe fotografie sono esposte secondo l\u2019orario in cui sono state scattate \u2013 dalle prime luci dell\u2019alba fino a notte fonda \u2013 per ricostruire idealmente una giornata densa di vita, trascorsa alla scoperta di localit\u00e0 e genti distanti tra loro migliaia di chilometri ma accomunati dalla stessa vibrante energia.<br \/>\nI fotografi:<br \/>\nEdoardo Agresti, Marco Casino, Luciana De Michele, Linda de\u2019 Nobili, Alessandro Gandolfi, Marco Garofalo, Marco Gualazzini,Robin Hammond,Alexander Joe, Frans Lanting,Andrew McConnell, Pascal Meunier, Fernando Moleres, Baudouin Mouanda , George Osodi, Sergio Ramazzotti, Davide Scagliola, Daniele Tamagni, Sven Torfinn, Marco Trovato,Bruno Zanzottera, Tadej Znidarcic<\/p>\n<p style=\"text-align: justify;\">Lo Spazio Scuola del Festival concorre a promuovere e integrare percorsi didattici sui temi del dialogo interculturale, dei diritti, della pace e della cittadinanza mondiale attraverso proiezioni di film riservate a docenti e studenti delle scuole primarie e secondarie di primo e secondo grado; la costituzione di una Giuria studenti per l\u2019assegnazione di un premio al miglior cortometraggio e la costituzione di una Giuria docenti per l\u2019assegnazione di un altro premio ai cortometraggi.<\/p>\n<p style=\"text-align: justify;\">In collaborazione con il Milano Film Network il Festival organizza quest\u2019anno il Workshop \u201cDalla psicologia al documentario di creazione\u201d. Una masterclass con Zeina Daccache . Zeina Daccache, regista e documentarista libanese, presenta al Festival in concorso il suo ultimo documentario Scheherazade Diary. Zeina asce come psicologa, e in particolare come drama-therapist e in seguito si dedica alla regia.Il workshop da lei condotto ha lo scopo di illustrare il suo cinema e la sua metodologia di documentarista: il suo lavoro si svolge sempre all\u2019interno di un gruppo di persone emarginate e spesso recluse (prigionieri, malati psichiatrici) e si avvale di nozioni di psicologia, strumenti di recitazione e di regia documentaria per ottenere un effetto terapeutico, un forte impatto sociale e un prodotto finale audiovisivo sociale e artistico.<\/p>\n<p style=\"text-align: justify;\">Rassegne \u201cDopofestival\u201d<br \/>\nSin dai primi anni del festival, una priorit\u00e0 del COE \u00e8 stata quella di portare parte dell\u2019evento-festival in altre citt\u00e0 italiane, stimolando e incentivando l\u2019attivit\u00e0 annuale di diffusione di film di cinematografie emergenti su tutto il territorio nazionale.<\/p>\n<p style=\"text-align: justify;\">Luoghi e date della manifestazione<br \/>\nLa manifestazione si svolger\u00e0 a Milano dal 6 al 12 maggio 2014.<br \/>\nQuesti i luoghi coinvolti:<br \/>\nAuditorium San Fedele<br \/>\nSpazio Oberdan<br \/>\nCinema Beltrade<br \/>\nTeatro Rosetum<br \/>\nInstitut Fran\u00e7ais \u2013 Milano<br \/>\nFestival Center, Casello Ovest di Porta Venezia \u2013 Casa del pane<br \/>\nLibrerie LaFELTRINELLI<\/p>\n<p style=\"text-align: justify;\">Tutti i film sono sottotitolati in italiano. Per i film in concorso \u00e8 prevista la presenza del regista.<\/p>\n<p style=\"text-align: justify;\">Festival del Cinema Africano, d\u2019Asia e America Latina<br \/>\n<a title=\"Festival del Cinema Africano, d\u2019Asia e America Latina \u2013 Milano \" href=\"http:\/\/www.festivalcinemaafricano.org\/\" target=\"_blank\"> http:\/\/www.festivalcinemaafricano.org\/<\/a><\/p>\n\n<div style=\"font-size: 0px; height: 0px; line-height: 0px; margin: 0; padding: 0; clear: both;\"><\/div>","protected":false},"excerpt":{"rendered":"<p>Il Festival del Cinema Africano, d\u2019Asia e America Latina (FCAAAL) \u00e8 dedicato alla conoscenza delle cinematografie, delle realt\u00e0 e delle culture dei paesi dell\u2019Africa, dell\u2019Asia e dell\u2019America Latina. Il Festival del Cinema Africano, d\u2019Asia e America Latina insieme ad altri sei festival milanesi (MIX, Filmmaker , Invideo, Milano Film Festival, Sguardi Altrove, Sport Movies &amp; [&hellip;]<\/p>\n","protected":false},"author":1,"featured_media":1099,"comment_status":"closed","ping_status":"open","sticky":false,"template":"","format":"standard","meta":{"tdm_status":"","tdm_grid_status":"","footnotes":""},"categories":[11,71,21],"tags":[85,174,348,514,518,807,940],"class_list":{"0":"post-1098","1":"post","2":"type-post","3":"status-publish","4":"format-standard","5":"has-post-thumbnail","7":"category-festival","8":"category-italia-paese","9":"category-in-primo-piano","10":"tag-africa","11":"tag-asia-america-latina","12":"tag-concorso","13":"tag-festival","14":"tag-festival-del-cinema","15":"tag-lombardia","16":"tag-milano"},"yoast_head":"<!-- This site is optimized with the Yoast SEO plugin v27.4 - https:\/\/yoast.com\/product\/yoast-seo-wordpress\/ -->\r\n<title>Festival del Cinema Africano, d\u2019Asia e America Latina \u2013 Milano - Casting News Magazine<\/title>\r\n<meta name=\"robots\" content=\"index, follow, max-snippet:-1, max-image-preview:large, max-video-preview:-1\" \/>\r\n<link rel=\"canonical\" href=\"https:\/\/www.castingnews.eu\/magazine\/2014\/05\/02\/festival-del-cinema-africano-dasia-e-america-latina-milano\/\" \/>\r\n<meta property=\"og:locale\" content=\"it_IT\" \/>\r\n<meta property=\"og:type\" content=\"article\" \/>\r\n<meta property=\"og:title\" content=\"Festival del Cinema Africano, d\u2019Asia e America Latina \u2013 Milano - Casting News Magazine\" \/>\r\n<meta property=\"og:description\" content=\"Il Festival del Cinema Africano, d\u2019Asia e America Latina (FCAAAL) \u00e8 dedicato alla conoscenza delle cinematografie, delle realt\u00e0 e delle culture dei paesi dell\u2019Africa, dell\u2019Asia e dell\u2019America Latina. Il Festival del Cinema Africano, d\u2019Asia e America Latina insieme ad altri sei festival milanesi (MIX, Filmmaker , Invideo, Milano Film Festival, Sguardi Altrove, Sport Movies &amp; [&hellip;]\" \/>\r\n<meta property=\"og:url\" content=\"https:\/\/www.castingnews.eu\/magazine\/2014\/05\/02\/festival-del-cinema-africano-dasia-e-america-latina-milano\/\" \/>\r\n<meta property=\"og:site_name\" content=\"Casting News Magazine\" \/>\r\n<meta property=\"article:published_time\" content=\"2014-05-02T15:49:56+00:00\" \/>\r\n<meta name=\"author\" content=\"Redazione\" \/>\r\n<meta name=\"twitter:card\" content=\"summary_large_image\" \/>\r\n<meta name=\"twitter:label1\" content=\"Scritto da\" \/>\n\t<meta name=\"twitter:data1\" content=\"Redazione\" \/>\n\t<meta name=\"twitter:label2\" content=\"Tempo di lettura stimato\" \/>\n\t<meta name=\"twitter:data2\" content=\"9 minuti\" \/>\r\n<script type=\"application\/ld+json\" class=\"yoast-schema-graph\">{\"@context\":\"https:\\\/\\\/schema.org\",\"@graph\":[{\"@type\":\"Article\",\"@id\":\"https:\\\/\\\/www.castingnews.eu\\\/magazine\\\/2014\\\/05\\\/02\\\/festival-del-cinema-africano-dasia-e-america-latina-milano\\\/#article\",\"isPartOf\":{\"@id\":\"https:\\\/\\\/www.castingnews.eu\\\/magazine\\\/2014\\\/05\\\/02\\\/festival-del-cinema-africano-dasia-e-america-latina-milano\\\/\"},\"author\":{\"name\":\"Redazione\",\"@id\":\"https:\\\/\\\/www.castingnews.eu\\\/magazine\\\/#\\\/schema\\\/person\\\/099d71c568c9a7e5e4037b1594108f17\"},\"headline\":\"Festival del Cinema Africano, d\u2019Asia e America Latina \u2013 Milano\",\"datePublished\":\"2014-05-02T15:49:56+00:00\",\"mainEntityOfPage\":{\"@id\":\"https:\\\/\\\/www.castingnews.eu\\\/magazine\\\/2014\\\/05\\\/02\\\/festival-del-cinema-africano-dasia-e-america-latina-milano\\\/\"},\"wordCount\":1796,\"image\":{\"@id\":\"https:\\\/\\\/www.castingnews.eu\\\/magazine\\\/2014\\\/05\\\/02\\\/festival-del-cinema-africano-dasia-e-america-latina-milano\\\/#primaryimage\"},\"thumbnailUrl\":\"\",\"keywords\":[\"Africa\",\"Asia America Latina\",\"Concorso\",\"Festival\",\"Festival del cinema\",\"Lombardia\",\"Milano\"],\"articleSection\":[\"Festival\",\"Italia\",\"Primo piano\"],\"inLanguage\":\"it-IT\"},{\"@type\":\"WebPage\",\"@id\":\"https:\\\/\\\/www.castingnews.eu\\\/magazine\\\/2014\\\/05\\\/02\\\/festival-del-cinema-africano-dasia-e-america-latina-milano\\\/\",\"url\":\"https:\\\/\\\/www.castingnews.eu\\\/magazine\\\/2014\\\/05\\\/02\\\/festival-del-cinema-africano-dasia-e-america-latina-milano\\\/\",\"name\":\"Festival del Cinema Africano, d\u2019Asia e America Latina \u2013 Milano - Casting News Magazine\",\"isPartOf\":{\"@id\":\"https:\\\/\\\/www.castingnews.eu\\\/magazine\\\/#website\"},\"primaryImageOfPage\":{\"@id\":\"https:\\\/\\\/www.castingnews.eu\\\/magazine\\\/2014\\\/05\\\/02\\\/festival-del-cinema-africano-dasia-e-america-latina-milano\\\/#primaryimage\"},\"image\":{\"@id\":\"https:\\\/\\\/www.castingnews.eu\\\/magazine\\\/2014\\\/05\\\/02\\\/festival-del-cinema-africano-dasia-e-america-latina-milano\\\/#primaryimage\"},\"thumbnailUrl\":\"\",\"datePublished\":\"2014-05-02T15:49:56+00:00\",\"author\":{\"@id\":\"https:\\\/\\\/www.castingnews.eu\\\/magazine\\\/#\\\/schema\\\/person\\\/099d71c568c9a7e5e4037b1594108f17\"},\"breadcrumb\":{\"@id\":\"https:\\\/\\\/www.castingnews.eu\\\/magazine\\\/2014\\\/05\\\/02\\\/festival-del-cinema-africano-dasia-e-america-latina-milano\\\/#breadcrumb\"},\"inLanguage\":\"it-IT\",\"potentialAction\":[{\"@type\":\"ReadAction\",\"target\":[\"https:\\\/\\\/www.castingnews.eu\\\/magazine\\\/2014\\\/05\\\/02\\\/festival-del-cinema-africano-dasia-e-america-latina-milano\\\/\"]}]},{\"@type\":\"ImageObject\",\"inLanguage\":\"it-IT\",\"@id\":\"https:\\\/\\\/www.castingnews.eu\\\/magazine\\\/2014\\\/05\\\/02\\\/festival-del-cinema-africano-dasia-e-america-latina-milano\\\/#primaryimage\",\"url\":\"\",\"contentUrl\":\"\"},{\"@type\":\"BreadcrumbList\",\"@id\":\"https:\\\/\\\/www.castingnews.eu\\\/magazine\\\/2014\\\/05\\\/02\\\/festival-del-cinema-africano-dasia-e-america-latina-milano\\\/#breadcrumb\",\"itemListElement\":[{\"@type\":\"ListItem\",\"position\":1,\"name\":\"Home\",\"item\":\"https:\\\/\\\/www.castingnews.eu\\\/magazine\\\/\"},{\"@type\":\"ListItem\",\"position\":2,\"name\":\"Festival del Cinema Africano, d\u2019Asia e America Latina \u2013 Milano\"}]},{\"@type\":\"WebSite\",\"@id\":\"https:\\\/\\\/www.castingnews.eu\\\/magazine\\\/#website\",\"url\":\"https:\\\/\\\/www.castingnews.eu\\\/magazine\\\/\",\"name\":\"Casting News Magazine\",\"description\":\"News e aggiornamenti sui film, serie tv, teatro e festival italiani ed internazionali\",\"potentialAction\":[{\"@type\":\"SearchAction\",\"target\":{\"@type\":\"EntryPoint\",\"urlTemplate\":\"https:\\\/\\\/www.castingnews.eu\\\/magazine\\\/?s={search_term_string}\"},\"query-input\":{\"@type\":\"PropertyValueSpecification\",\"valueRequired\":true,\"valueName\":\"search_term_string\"}}],\"inLanguage\":\"it-IT\"},{\"@type\":\"Person\",\"@id\":\"https:\\\/\\\/www.castingnews.eu\\\/magazine\\\/#\\\/schema\\\/person\\\/099d71c568c9a7e5e4037b1594108f17\",\"name\":\"Redazione\",\"image\":{\"@type\":\"ImageObject\",\"inLanguage\":\"it-IT\",\"@id\":\"https:\\\/\\\/secure.gravatar.com\\\/avatar\\\/b73a087aa3bd279fb70d24f1960a91c82cf67619395b60b564c90e9e5d5325fc?s=96&d=mm&r=g\",\"url\":\"https:\\\/\\\/secure.gravatar.com\\\/avatar\\\/b73a087aa3bd279fb70d24f1960a91c82cf67619395b60b564c90e9e5d5325fc?s=96&d=mm&r=g\",\"contentUrl\":\"https:\\\/\\\/secure.gravatar.com\\\/avatar\\\/b73a087aa3bd279fb70d24f1960a91c82cf67619395b60b564c90e9e5d5325fc?s=96&d=mm&r=g\",\"caption\":\"Redazione\"},\"description\":\"News e aggiornamenti sui film, serie tv, teatro e festival italiani ed internazionali.\",\"url\":\"https:\\\/\\\/www.castingnews.eu\\\/magazine\\\/author\\\/redazione\\\/\"}]}<\/script>\r\n<!-- \/ Yoast SEO plugin. -->","yoast_head_json":{"title":"Festival del Cinema Africano, d\u2019Asia e America Latina \u2013 Milano - Casting News Magazine","robots":{"index":"index","follow":"follow","max-snippet":"max-snippet:-1","max-image-preview":"max-image-preview:large","max-video-preview":"max-video-preview:-1"},"canonical":"https:\/\/www.castingnews.eu\/magazine\/2014\/05\/02\/festival-del-cinema-africano-dasia-e-america-latina-milano\/","og_locale":"it_IT","og_type":"article","og_title":"Festival del Cinema Africano, d\u2019Asia e America Latina \u2013 Milano - Casting News Magazine","og_description":"Il Festival del Cinema Africano, d\u2019Asia e America Latina (FCAAAL) \u00e8 dedicato alla conoscenza delle cinematografie, delle realt\u00e0 e delle culture dei paesi dell\u2019Africa, dell\u2019Asia e dell\u2019America Latina. Il Festival del Cinema Africano, d\u2019Asia e America Latina insieme ad altri sei festival milanesi (MIX, Filmmaker , Invideo, Milano Film Festival, Sguardi Altrove, Sport Movies &amp; [&hellip;]","og_url":"https:\/\/www.castingnews.eu\/magazine\/2014\/05\/02\/festival-del-cinema-africano-dasia-e-america-latina-milano\/","og_site_name":"Casting News Magazine","article_published_time":"2014-05-02T15:49:56+00:00","author":"Redazione","twitter_card":"summary_large_image","twitter_misc":{"Scritto da":"Redazione","Tempo di lettura stimato":"9 minuti"},"schema":{"@context":"https:\/\/schema.org","@graph":[{"@type":"Article","@id":"https:\/\/www.castingnews.eu\/magazine\/2014\/05\/02\/festival-del-cinema-africano-dasia-e-america-latina-milano\/#article","isPartOf":{"@id":"https:\/\/www.castingnews.eu\/magazine\/2014\/05\/02\/festival-del-cinema-africano-dasia-e-america-latina-milano\/"},"author":{"name":"Redazione","@id":"https:\/\/www.castingnews.eu\/magazine\/#\/schema\/person\/099d71c568c9a7e5e4037b1594108f17"},"headline":"Festival del Cinema Africano, d\u2019Asia e America Latina \u2013 Milano","datePublished":"2014-05-02T15:49:56+00:00","mainEntityOfPage":{"@id":"https:\/\/www.castingnews.eu\/magazine\/2014\/05\/02\/festival-del-cinema-africano-dasia-e-america-latina-milano\/"},"wordCount":1796,"image":{"@id":"https:\/\/www.castingnews.eu\/magazine\/2014\/05\/02\/festival-del-cinema-africano-dasia-e-america-latina-milano\/#primaryimage"},"thumbnailUrl":"","keywords":["Africa","Asia America Latina","Concorso","Festival","Festival del cinema","Lombardia","Milano"],"articleSection":["Festival","Italia","Primo piano"],"inLanguage":"it-IT"},{"@type":"WebPage","@id":"https:\/\/www.castingnews.eu\/magazine\/2014\/05\/02\/festival-del-cinema-africano-dasia-e-america-latina-milano\/","url":"https:\/\/www.castingnews.eu\/magazine\/2014\/05\/02\/festival-del-cinema-africano-dasia-e-america-latina-milano\/","name":"Festival del Cinema Africano, d\u2019Asia e America Latina \u2013 Milano - Casting News Magazine","isPartOf":{"@id":"https:\/\/www.castingnews.eu\/magazine\/#website"},"primaryImageOfPage":{"@id":"https:\/\/www.castingnews.eu\/magazine\/2014\/05\/02\/festival-del-cinema-africano-dasia-e-america-latina-milano\/#primaryimage"},"image":{"@id":"https:\/\/www.castingnews.eu\/magazine\/2014\/05\/02\/festival-del-cinema-africano-dasia-e-america-latina-milano\/#primaryimage"},"thumbnailUrl":"","datePublished":"2014-05-02T15:49:56+00:00","author":{"@id":"https:\/\/www.castingnews.eu\/magazine\/#\/schema\/person\/099d71c568c9a7e5e4037b1594108f17"},"breadcrumb":{"@id":"https:\/\/www.castingnews.eu\/magazine\/2014\/05\/02\/festival-del-cinema-africano-dasia-e-america-latina-milano\/#breadcrumb"},"inLanguage":"it-IT","potentialAction":[{"@type":"ReadAction","target":["https:\/\/www.castingnews.eu\/magazine\/2014\/05\/02\/festival-del-cinema-africano-dasia-e-america-latina-milano\/"]}]},{"@type":"ImageObject","inLanguage":"it-IT","@id":"https:\/\/www.castingnews.eu\/magazine\/2014\/05\/02\/festival-del-cinema-africano-dasia-e-america-latina-milano\/#primaryimage","url":"","contentUrl":""},{"@type":"BreadcrumbList","@id":"https:\/\/www.castingnews.eu\/magazine\/2014\/05\/02\/festival-del-cinema-africano-dasia-e-america-latina-milano\/#breadcrumb","itemListElement":[{"@type":"ListItem","position":1,"name":"Home","item":"https:\/\/www.castingnews.eu\/magazine\/"},{"@type":"ListItem","position":2,"name":"Festival del Cinema Africano, d\u2019Asia e America Latina \u2013 Milano"}]},{"@type":"WebSite","@id":"https:\/\/www.castingnews.eu\/magazine\/#website","url":"https:\/\/www.castingnews.eu\/magazine\/","name":"Casting News Magazine","description":"News e aggiornamenti sui film, serie tv, teatro e festival italiani ed internazionali","potentialAction":[{"@type":"SearchAction","target":{"@type":"EntryPoint","urlTemplate":"https:\/\/www.castingnews.eu\/magazine\/?s={search_term_string}"},"query-input":{"@type":"PropertyValueSpecification","valueRequired":true,"valueName":"search_term_string"}}],"inLanguage":"it-IT"},{"@type":"Person","@id":"https:\/\/www.castingnews.eu\/magazine\/#\/schema\/person\/099d71c568c9a7e5e4037b1594108f17","name":"Redazione","image":{"@type":"ImageObject","inLanguage":"it-IT","@id":"https:\/\/secure.gravatar.com\/avatar\/b73a087aa3bd279fb70d24f1960a91c82cf67619395b60b564c90e9e5d5325fc?s=96&d=mm&r=g","url":"https:\/\/secure.gravatar.com\/avatar\/b73a087aa3bd279fb70d24f1960a91c82cf67619395b60b564c90e9e5d5325fc?s=96&d=mm&r=g","contentUrl":"https:\/\/secure.gravatar.com\/avatar\/b73a087aa3bd279fb70d24f1960a91c82cf67619395b60b564c90e9e5d5325fc?s=96&d=mm&r=g","caption":"Redazione"},"description":"News e aggiornamenti sui film, serie tv, teatro e festival italiani ed internazionali.","url":"https:\/\/www.castingnews.eu\/magazine\/author\/redazione\/"}]}},"_links":{"self":[{"href":"https:\/\/www.castingnews.eu\/magazine\/wp-json\/wp\/v2\/posts\/1098","targetHints":{"allow":["GET"]}}],"collection":[{"href":"https:\/\/www.castingnews.eu\/magazine\/wp-json\/wp\/v2\/posts"}],"about":[{"href":"https:\/\/www.castingnews.eu\/magazine\/wp-json\/wp\/v2\/types\/post"}],"author":[{"embeddable":true,"href":"https:\/\/www.castingnews.eu\/magazine\/wp-json\/wp\/v2\/users\/1"}],"replies":[{"embeddable":true,"href":"https:\/\/www.castingnews.eu\/magazine\/wp-json\/wp\/v2\/comments?post=1098"}],"version-history":[{"count":0,"href":"https:\/\/www.castingnews.eu\/magazine\/wp-json\/wp\/v2\/posts\/1098\/revisions"}],"wp:featuredmedia":[{"embeddable":true,"href":"https:\/\/www.castingnews.eu\/magazine\/wp-json\/"}],"wp:attachment":[{"href":"https:\/\/www.castingnews.eu\/magazine\/wp-json\/wp\/v2\/media?parent=1098"}],"wp:term":[{"taxonomy":"category","embeddable":true,"href":"https:\/\/www.castingnews.eu\/magazine\/wp-json\/wp\/v2\/categories?post=1098"},{"taxonomy":"post_tag","embeddable":true,"href":"https:\/\/www.castingnews.eu\/magazine\/wp-json\/wp\/v2\/tags?post=1098"}],"curies":[{"name":"wp","href":"https:\/\/api.w.org\/{rel}","templated":true}]}}