{"id":10905,"date":"2025-10-15T16:25:06","date_gmt":"2025-10-15T14:25:06","guid":{"rendered":"https:\/\/www.castingnews.eu\/magazine\/?p=10905"},"modified":"2025-10-15T16:26:35","modified_gmt":"2025-10-15T14:26:35","slug":"trieste-celebra-25-anni-di-fantascienza-con-il-trieste-sciencefiction-festival","status":"publish","type":"post","link":"https:\/\/www.castingnews.eu\/magazine\/2025\/10\/15\/trieste-celebra-25-anni-di-fantascienza-con-il-trieste-sciencefiction-festival\/","title":{"rendered":"Trieste celebra 25 anni di fantascienza con il Trieste Science+Fiction Festival"},"content":{"rendered":"\n<p>Dal 28 ottobre al 2 novembre, sotto la suggestiva cupola stellata del Politeama Rossetti, torna a Trieste il grande cinema di fantascienza con la <strong>25\u00aa edizione del Trieste Science+Fiction Festival<\/strong>. Organizzato da <strong>La Cappella Underground<\/strong>, l\u2019appuntamento porta nel capoluogo giuliano le migliori produzioni del cinema fantastico, con <strong>oltre 50 anteprime mondiali, internazionali e nazionali<\/strong> e <strong>tre concorsi ufficiali<\/strong>, alla presenza di registi, attori e autori provenienti da tutto il mondo.<\/p><div class=\"6d3639e8c6ac292cde400fad8ff8a5b9\" data-index=\"1\" style=\"float: none; margin:10px 0 10px 0; text-align:center;\">\n<script async src=\"\/\/pagead2.googlesyndication.com\/pagead\/js\/adsbygoogle.js\"><\/script>\r\n<!-- Casting Bambini NEW -->\r\n<ins class=\"adsbygoogle\"\r\n     style=\"display:inline-block;width:336px;height:280px\"\r\n     data-ad-client=\"ca-pub-5538097485429833\"\r\n     data-ad-slot=\"5127154445\"><\/ins>\r\n<script>\r\n(adsbygoogle = window.adsbygoogle || []).push({});\r\n<\/script>\n<\/div>\n\n\n\n\n<p>Giunto al traguardo dei <strong>25 anni<\/strong>, il festival celebra ancora una volta la fantascienza in tutte le sue forme, offrendo un programma ricchissimo di <strong>eventi extra cinematografici<\/strong>: dai <strong>videogiochi alla letteratura<\/strong>, dai <strong>fumetti alla musica<\/strong>, fino alle <strong>arti visive e performative<\/strong>, in un viaggio attraverso le infinite <strong>meraviglie del possibile<\/strong>.<\/p>\n\n\n\n<p>A&nbsp;<strong>inaugurare l\u2019edizione 2025<\/strong>&nbsp;del festival sar\u00e0 il film&nbsp;<strong><em>&#8220;L&#8217;Homme qui r\u00e9tr\u00e9cit&#8221;&nbsp;<\/em><\/strong>(Francia\/Belgio, 2025)&nbsp;<strong>di Jan Kounen,<\/strong>&nbsp;tratto dal romanzo cult di Richard Matheson in cui un uomo -interpretato dal Premio Oscar\u00a9&nbsp;<strong>Jean Dujardin<\/strong>-, a seguito di una misteriosa contaminazione, inizia a rimpicciolirsi e si ritrova a lottare per la sopravvivenza in un mondo divenuto gigantesco e pericoloso,che verr\u00e0 proiettato&nbsp;<strong>in anteprima italiana&nbsp;&nbsp;<\/strong>in collaborazione con Rai Cinema&nbsp;la serata di apertura&nbsp;<strong>marted\u00ec 28 ottobre alle 20:00<\/strong>&nbsp;al Politeama Rossetti alla&nbsp;<strong>presenza del regista<\/strong>. La serata proseguir\u00e0 sempre al Rossetti con l\u2019anteprima in collaborazione con I Wonder Pictures di&nbsp;<strong><em>\u201cThe Ugly Stepsister\u201d<\/em>&nbsp;<\/strong>(Svezia\/Danimarca\/Romania\/Polonia, 2025)&nbsp;<strong>di Emilie Blichfeldt,&nbsp;<\/strong>una rivisitazione della Cenerentola dei Fratelli Grimm in chiave&nbsp;<em>body horror,&nbsp;<\/em>in programma alle ore&nbsp;<strong>22:30.<\/strong><\/p>\n\n\n\n<figure class=\"wp-block-gallery has-nested-images columns-default is-cropped wp-block-gallery-1 is-layout-flex wp-block-gallery-is-layout-flex\">\n<figure class=\"wp-block-image size-large\"><img loading=\"lazy\" decoding=\"async\" width=\"1024\" height=\"483\" data-id=\"10910\" src=\"https:\/\/www.castingnews.eu\/magazine\/wp-content\/uploads\/2025\/10\/Orion_03-1-1024x483.png\" alt=\"\u201cOrion\u201d (USA, 2024) di Jaco Bouwer\" class=\"wp-image-10910\" srcset=\"https:\/\/www.castingnews.eu\/magazine\/wp-content\/uploads\/2025\/10\/Orion_03-1-1024x483.png 1024w, https:\/\/www.castingnews.eu\/magazine\/wp-content\/uploads\/2025\/10\/Orion_03-1-300x141.png 300w, https:\/\/www.castingnews.eu\/magazine\/wp-content\/uploads\/2025\/10\/Orion_03-1-768x362.png 768w, https:\/\/www.castingnews.eu\/magazine\/wp-content\/uploads\/2025\/10\/Orion_03-1-891x420.png 891w, https:\/\/www.castingnews.eu\/magazine\/wp-content\/uploads\/2025\/10\/Orion_03-1-696x328.png 696w, https:\/\/www.castingnews.eu\/magazine\/wp-content\/uploads\/2025\/10\/Orion_03-1-1068x503.png 1068w, https:\/\/www.castingnews.eu\/magazine\/wp-content\/uploads\/2025\/10\/Orion_03-1.png 1400w\" sizes=\"auto, (max-width: 1024px) 100vw, 1024px\" \/><figcaption class=\"wp-element-caption\">\u201cOrion\u201d (USA, 2024) di Jaco Bouwer<\/figcaption><\/figure>\n\n\n\n<figure class=\"wp-block-image size-large\"><img loading=\"lazy\" decoding=\"async\" width=\"1024\" height=\"576\" data-id=\"10909\" src=\"https:\/\/www.castingnews.eu\/magazine\/wp-content\/uploads\/2025\/10\/LHomme-qui-retrecit.jpg\" alt=\"&quot;L'Homme qui r\u00e9tr\u00e9cit&quot; (Francia\/Belgio, 2025) di Jan Kounen\" class=\"wp-image-10909\" srcset=\"https:\/\/www.castingnews.eu\/magazine\/wp-content\/uploads\/2025\/10\/LHomme-qui-retrecit.jpg 1024w, https:\/\/www.castingnews.eu\/magazine\/wp-content\/uploads\/2025\/10\/LHomme-qui-retrecit-300x169.jpg 300w, https:\/\/www.castingnews.eu\/magazine\/wp-content\/uploads\/2025\/10\/LHomme-qui-retrecit-768x432.jpg 768w, https:\/\/www.castingnews.eu\/magazine\/wp-content\/uploads\/2025\/10\/LHomme-qui-retrecit-747x420.jpg 747w, https:\/\/www.castingnews.eu\/magazine\/wp-content\/uploads\/2025\/10\/LHomme-qui-retrecit-696x392.jpg 696w\" sizes=\"auto, (max-width: 1024px) 100vw, 1024px\" \/><figcaption class=\"wp-element-caption\">&#8220;L&#8217;Homme qui r\u00e9tr\u00e9cit&#8221; (Francia\/Belgio, 2025) di Jan Kounen<\/figcaption><\/figure>\n\n\n\n<figure class=\"wp-block-image size-large\"><img loading=\"lazy\" decoding=\"async\" width=\"1024\" height=\"683\" data-id=\"10908\" src=\"https:\/\/www.castingnews.eu\/magazine\/wp-content\/uploads\/2025\/10\/CHIEN51_07.jpg\" alt=\"\u201cChien 51\u201d (Francia, 2025) di C\u00e9dric Jimenez\" class=\"wp-image-10908\" srcset=\"https:\/\/www.castingnews.eu\/magazine\/wp-content\/uploads\/2025\/10\/CHIEN51_07.jpg 1024w, https:\/\/www.castingnews.eu\/magazine\/wp-content\/uploads\/2025\/10\/CHIEN51_07-300x200.jpg 300w, https:\/\/www.castingnews.eu\/magazine\/wp-content\/uploads\/2025\/10\/CHIEN51_07-768x512.jpg 768w, https:\/\/www.castingnews.eu\/magazine\/wp-content\/uploads\/2025\/10\/CHIEN51_07-630x420.jpg 630w, https:\/\/www.castingnews.eu\/magazine\/wp-content\/uploads\/2025\/10\/CHIEN51_07-696x464.jpg 696w\" sizes=\"auto, (max-width: 1024px) 100vw, 1024px\" \/><figcaption class=\"wp-element-caption\">\u201cChien 51\u201d (Francia, 2025) di C\u00e9dric Jimenez<\/figcaption><\/figure>\n\n\n\n<figure class=\"wp-block-image size-large\"><img loading=\"lazy\" decoding=\"async\" width=\"1024\" height=\"745\" data-id=\"10907\" src=\"https:\/\/www.castingnews.eu\/magazine\/wp-content\/uploads\/2025\/10\/BULK_027_Sam-Riley_photo-by-Nick-Gillespie-1024x745.jpg\" alt=\"BULK (Sam-Riley) Photo by Nick Gillespie\" class=\"wp-image-10907\" srcset=\"https:\/\/www.castingnews.eu\/magazine\/wp-content\/uploads\/2025\/10\/BULK_027_Sam-Riley_photo-by-Nick-Gillespie-1024x745.jpg 1024w, https:\/\/www.castingnews.eu\/magazine\/wp-content\/uploads\/2025\/10\/BULK_027_Sam-Riley_photo-by-Nick-Gillespie-300x218.jpg 300w, https:\/\/www.castingnews.eu\/magazine\/wp-content\/uploads\/2025\/10\/BULK_027_Sam-Riley_photo-by-Nick-Gillespie-768x558.jpg 768w, https:\/\/www.castingnews.eu\/magazine\/wp-content\/uploads\/2025\/10\/BULK_027_Sam-Riley_photo-by-Nick-Gillespie-578x420.jpg 578w, https:\/\/www.castingnews.eu\/magazine\/wp-content\/uploads\/2025\/10\/BULK_027_Sam-Riley_photo-by-Nick-Gillespie-696x506.jpg 696w, https:\/\/www.castingnews.eu\/magazine\/wp-content\/uploads\/2025\/10\/BULK_027_Sam-Riley_photo-by-Nick-Gillespie-1068x777.jpg 1068w, https:\/\/www.castingnews.eu\/magazine\/wp-content\/uploads\/2025\/10\/BULK_027_Sam-Riley_photo-by-Nick-Gillespie-324x235.jpg 324w, https:\/\/www.castingnews.eu\/magazine\/wp-content\/uploads\/2025\/10\/BULK_027_Sam-Riley_photo-by-Nick-Gillespie.jpg 1400w\" sizes=\"auto, (max-width: 1024px) 100vw, 1024px\" \/><figcaption class=\"wp-element-caption\">BULK (Sam-Riley) Photo by Nick Gillespie<\/figcaption><\/figure>\n\n\n\n<figure class=\"wp-block-image size-large\"><img loading=\"lazy\" decoding=\"async\" width=\"1024\" height=\"576\" data-id=\"10906\" src=\"https:\/\/www.castingnews.eu\/magazine\/wp-content\/uploads\/2025\/10\/Arco_01-1024x576.jpg\" alt=\"\u201cArco\u201d (Francia, 2025) di Ugo Bienvenu\" class=\"wp-image-10906\" srcset=\"https:\/\/www.castingnews.eu\/magazine\/wp-content\/uploads\/2025\/10\/Arco_01-1024x576.jpg 1024w, https:\/\/www.castingnews.eu\/magazine\/wp-content\/uploads\/2025\/10\/Arco_01-300x169.jpg 300w, https:\/\/www.castingnews.eu\/magazine\/wp-content\/uploads\/2025\/10\/Arco_01-768x432.jpg 768w, https:\/\/www.castingnews.eu\/magazine\/wp-content\/uploads\/2025\/10\/Arco_01-746x420.jpg 746w, https:\/\/www.castingnews.eu\/magazine\/wp-content\/uploads\/2025\/10\/Arco_01-696x392.jpg 696w, https:\/\/www.castingnews.eu\/magazine\/wp-content\/uploads\/2025\/10\/Arco_01-1068x601.jpg 1068w, https:\/\/www.castingnews.eu\/magazine\/wp-content\/uploads\/2025\/10\/Arco_01.jpg 1400w\" sizes=\"auto, (max-width: 1024px) 100vw, 1024px\" \/><figcaption class=\"wp-element-caption\">\u201cArco\u201d (Francia, 2025) di Ugo Bienvenu<\/figcaption><\/figure>\n<\/figure>\n\n\n\n<p><strong>Gioved\u00ec 30 ottobre<\/strong>&nbsp;alle&nbsp;<strong>20:00&nbsp;<\/strong>sar\u00e0 la volta dell\u2019<strong>anteprima italiana&nbsp;<\/strong>di&nbsp;<strong><em>&#8220;Egghead Republic&#8221;<\/em><\/strong>&nbsp;(Svezia, 2025)&nbsp;<strong>di Pella K\u00e5german e Hugo Lilja<\/strong>, gi\u00e0 vincitori del Premio Asteroide al Trieste Science+Fiction Festival 2019 con&nbsp;<em>\u201cAniara\u201d<\/em>, che firmano un\u2019opera distopica in cui la Guerra fredda non \u00e8 mai finita e una giornalista deve realizzare un reportage in una zona contaminata da una bomba atomica.&nbsp;<\/p>\n\n\n\n<p>Sempre in&nbsp;<strong>anteprima italiana&nbsp;<\/strong>il giorno&nbsp;<strong>venerd\u00ec 31 ottobre<\/strong>&nbsp;alle&nbsp;<strong>20:00&nbsp;<\/strong>verr\u00e0 proiettato al Rossetti&nbsp;<strong><em>\u201cBulk\u201d&nbsp;<\/em><\/strong>(Regno Unito, 2025)<strong>&nbsp;di Ben Wheatley,&nbsp;<\/strong>acclamato regista britannico di&nbsp;<em>\u201cKiller in viaggio\u201d&nbsp;<\/em>&nbsp;e&nbsp;<em>&#8220;I disertori &#8211; A Field in England&#8221;,&nbsp;<\/em>che presenter\u00e0 al festival un autentico film di mezzanotte, un&#8217;opera horror&nbsp;<em>sci-fi&nbsp;<\/em>a base di inseguimenti in auto, sparatorie, fantascienza e romanticismo.<\/p>\n\n\n\n<p>Direttamente dalla selezione ufficiale di&nbsp;<strong>Cannes 2025&nbsp;<\/strong>arriva a Trieste in collaborazione con I Wonder Picturesla sorprendente opera di animazione&nbsp;<strong><em>\u201cArco\u201d<\/em><\/strong>&nbsp;(Francia, 2025)&nbsp;<strong>di Ugo Bienvenu<\/strong>, con protagonista la piccola Iris che dovr\u00e0 aiutare un misterioso ragazzo arcobaleno a fare ritorno a casa, in programma al festival di fantascienza&nbsp;<strong>sabato 1 novembre<\/strong>&nbsp;alle&nbsp;<strong>ore 17:00.&nbsp;<\/strong>Appuntamento sempre sabato al Rossetti alle&nbsp;<strong>20:00 con&nbsp;<\/strong>l\u2019<strong>anteprima internazionale&nbsp;<\/strong>di&nbsp;<strong><em>\u201cOrion\u201d<\/em><\/strong>(USA, 2024)&nbsp;<strong>di Jaco Bouwer<\/strong>, insignito del premio Asteroide nel 2021 grazie all\u2019horror ecologico&nbsp;<em>\u201cGaia\u201d,&nbsp;<\/em>qui alle prese con un intenso thriller fantascientifico in cui un esperto di controspionaggio che viene incaricato di aiutare un astronauta affetto da amnesia per scoprire chi ha ucciso il suo equipaggio.&nbsp;<\/p>\n\n\n\n<p><strong>Film di chiusura<\/strong>&nbsp;del 25\u00b0 Trieste Science+Fiction Festival sar\u00e0&nbsp;<strong><em>\u201cChien 51\u201d&nbsp;<\/em><\/strong>(Francia, 2025)&nbsp;<strong>di C\u00e9dric Jimenez,&nbsp;<\/strong>che verr\u00e0 proiettato fuori concorso al Rossetti&nbsp;<strong>domenica 2 novembre<\/strong>&nbsp;alle<strong>&nbsp;20:30:&nbsp;<\/strong>un thriller distopico che mostra Parigi divisa in tre zone in base alle classi sociali e un&#8217;intelligenza artificiale chiamata \u201cALMA\u201d rivoluziona il lavoro della polizia, finch\u00e9 il suo inventore non viene assassinato, costringendo due agenti di polizia a indagare.<\/p>\n\n\n\n<p>Tra gli appuntamenti cinematografici da non perdere anche<strong>&nbsp;i documentari<\/strong>&nbsp;<strong><em>\u201cJohn Lilly and the Earth Coincidence Control Office\u201d<\/em><\/strong>&nbsp;(USA, 2025)&nbsp;<strong>di Michael Almereyda,<\/strong>&nbsp;che porta a Trieste un film-saggio sulla vicenda del neurofisiologo e \u201cpsiconauta\u201d John C. Lilly e i suoi esperimenti con delfini e sostanze psichedeliche, in programma al Teatro Miela&nbsp;<strong>mercoled\u00ec 29 ottobre<\/strong>&nbsp;alle ore 20:00 alla&nbsp;<strong>presenza del regista,<\/strong>&nbsp;e&nbsp;<strong><em>&#8220;Orwell 2+2=5&#8221;&nbsp;<\/em><\/strong>(USA\/Francia, 2025)&nbsp;<strong>di Raoul Peck,&nbsp;<\/strong>una riflessione sulla deriva autoritaria della societ\u00e0 contemporanea a partire dal romanzo &#8220;1984&#8221; e dal diario del suo autore George Orwell, diretta dal regista di&nbsp;<em>&#8220;I Am Not Your Negro&#8221;&nbsp;<\/em>e&nbsp;<em>&#8220;Il giovane Karl Marx&#8221;&nbsp;<\/em>e prodotto dal documentarista Premio Oscar\u00a9&nbsp;Alex Gibney (<em>\u201cTaxi to the Dark Side\u201d<\/em>), che verr\u00e0 proiettato sempre al Miela&nbsp;<strong>gioved\u00ec 30 ottobre&nbsp;<\/strong>alle&nbsp;<strong>20:00.&nbsp;<\/strong><\/p>\n\n\n\n<p><em>\u201cPer la sua 25\u00b0 edizione, il Trieste Science+Fiction Festival ha messo insieme un programma variegato e sfaccettato che, ancora una volta, sapr\u00e0 innovare, provocare, emozionare, stupire e, naturalmente, intrattenere\u201d&nbsp;<\/em>&#8211; ha dichiarato il&nbsp;<strong>direttore artistico del Festival Alan Jones<\/strong>&nbsp;&#8211;<em>&nbsp;\u201cCome sempre, il festival attinge alle vivide immaginazioni di una comunit\u00e0 globale di registi, artisti e scrittori \u2014 nuovi, indipendenti e affermati \u2014 sempre pronti a discutere con passione del proprio lavoro, sia sul palco che fuori. E, come sempre, ovunque ci conducano queste menti visionarie, l\u2019attualit\u00e0 non \u00e8 mai troppo lontana, poich\u00e9 il genere fantascientifico, in continua evoluzione, continua a offrire commenti pungenti sul presente pi\u00f9 crudo attraverso il filtro di un futuro straordinario.\u201d<\/em><\/p>\n\n\n\n<p>Tantissimi anche&nbsp;<strong>gli ospiti attesi per la 25\u00b0 edizione<\/strong>&nbsp;del Trieste Science+Fiction Festival, tra cui&nbsp;<strong>Gabriele Mainetti,&nbsp;<\/strong>acclamato regista di&nbsp;<strong><em>\u201cLo chiamavano Jeeg Robot\u201d, &#8220;Freaks Out\u201d&nbsp;<\/em><\/strong>e<strong><em>&nbsp;&#8220;La citt\u00e0 proibita&#8221;<\/em><\/strong>, che presieder\u00e0 la giuria del Premio Asteroide<strong>,&nbsp;<\/strong>e il pluripremiato scrittore di fantascienza&nbsp;<strong>Ted Chiang<\/strong>, autore del racconto&nbsp;<em>\u201cStoria della tua vita\u201d&nbsp;<\/em>che ha ispirato il film cult&nbsp;<strong><em>\u201cArrival\u201d<\/em><\/strong>&nbsp;di Denis Villeneuve e tra le persone pi\u00f9 influenti del mondo nel campo dell\u2019<strong>intelligenza artificiale.&nbsp;<\/strong><\/p>\n\n\n\n<p>Durante la manifestazione triestina, Gabriele Mainetti parteciper\u00e0 anche a due eventi aperti al pubblico:&nbsp;<strong>alle 18:15 di venerd\u00ec 31 ottobre<\/strong>&nbsp;il regista presieder\u00e0 un incontro pubblico nell&#8217;ambito degli&nbsp;<strong>IVIPRO DAYS,<\/strong>&nbsp;appuntamento annuale dedicato al settore dei videogame e ai suoi legami col territorio e il patrimonio culturale, durante il quale racconter\u00e0 il suo rapporto con i videogiochi. La sera di&nbsp;<strong>venerd\u00ec 31 ottobre<\/strong>&nbsp;Mainetti presenter\u00e0&nbsp;<strong>al Teatro Miela di Trieste due film da lui selezionati:&nbsp;<em>\u201cLa mosca\u201d<\/em>&nbsp;di David Cronenberg (1986) e&nbsp;<em>&#8220;District 9&#8221;&nbsp;<\/em>di Neill Blomkamp (2009),<\/strong>&nbsp;due pietre miliari del genere fantastico che parlano di metamorfosi non solo fisiche, ma anche morali, politiche ed esistenziali.&nbsp;<\/p>\n\n\n\n<p>Anche Ted Chiang sar\u00e0 protagonista di alcuni incontri organizzati dalla manifestazione: il&nbsp;<strong>30 ottobre alle 19:00<\/strong>&nbsp;terr\u00e0 un dialogo dal titolo&nbsp;<em>\u201cFuturi artificiali\u201d<\/em>&nbsp;sull\u2019intelligenza artificiale con il giornalista Matteo Bordone nell\u2019ambito di Mondofuturo, mentre&nbsp;<strong>sabato 1 novembre alle 17:00<\/strong>&nbsp;affronter\u00e0 il tema del linguaggio insieme alla linguista Vera Gheno nell\u2019incontro \u201c<em>&#8220;Wor(l)dbuilding &#8211; creare universi con le parole\u201d<\/em>. Entrambi gli eventi si svolgeranno in Piazza della Borsa presso lo scenografico Sci-Fi Dome, una struttura realizzata ad hoc che anche quest\u2019anno ospiter\u00e0 gli eventi extra del festival di fantascienza. L\u2019ultimo incontro con protagonista Ted Chiang si svolger\u00e0&nbsp;<strong>domenica 2 novembre alle 17:00<\/strong>&nbsp;al Politeama Rossetti, dove lo scrittore introdurr\u00e0 la&nbsp;<strong>proiezione del film<em>&nbsp;\u201cArrival\u201d<\/em>&nbsp;di Denis Villeneuve<\/strong>&nbsp;con il giornalista Emilio Cozzi.&nbsp;<\/p>\n\n\n\n<p><strong>TRIESTE SCIENCE+FICTION FESTIVAL<\/strong><br><em>Fondato a Trieste nell&#8217;anno 2000, Trieste Science+Fiction Festival ha raccolto l&#8217;eredit\u00e0 dello storico&nbsp;<strong>Festival Internazionale del Film di Fantascienza di Trieste<\/strong>&nbsp;svoltosi dal 1963 al 1982, la prima manifestazione dedicata al cinema di genere in Italia e tra le primissime in Europa, divenendo il pi\u00f9 importante evento italiano dedicato ai mondi della fantascienza e del fantastico. Cinema, televisione, new media, letteratura, fumetti, musica, arti visive e performative compongono l&#8217;esplorazione delle meraviglie del possibile.&nbsp;&nbsp;<\/em><\/p>\n\n\n\n<p><em>Tra i grandi ospiti internazionali presenti al Trieste Science+Fiction Festival dal 2000 a oggi si ricordano i nomi di&nbsp;<strong>Pupi Avati, Dario Argento, Jimmy Sangster, John Landis, Lamberto Bava, Terry Gilliam, Enki Bilal, Neil Gaiman<\/strong>,<strong>&nbsp;Joe Dante, Jean \u201cMoebius\u201d Giraud, Ray Harryhausen, Christopher Lee, Roger Corman, George Romero, Alfredo Castelli, Gabriele Salvatores, Alejandro Jodorowsky, Bruce Sterling, Rutger Hauer, Sergio Martino,<\/strong>&nbsp;<strong>Douglas Trumbull, Phil Tippett, Brian Yuzna, Abel Ferrara, Neil Marshall, Claudia Gerini e Federico Zampaglione.<\/strong><\/em><\/p>\n\n\n\n<p><em>Trieste Science+Fiction Festival \u00e8 organizzato dal centro ricerche e sperimentazioni cinematografiche e audiovisive&nbsp;<strong>La Cappella Underground<\/strong>&nbsp;ed \u00e8 membro ufficiale del board della&nbsp;<strong>M\u00e9li\u00e8s International Festivals Federation,<\/strong>&nbsp;fa parte di&nbsp;<strong>AFIC &#8211; Associazione Festival Italiani di Cinema<\/strong>&nbsp;e partecipa ad&nbsp;<strong>EURASF,<\/strong>&nbsp;rete europea di festival con focus sul film scientifico.&nbsp;&nbsp;<\/em><\/p>\n\n\n\n<p><em>Il Festival \u00e8 riconosciuto dalla&nbsp;<strong>Regione Autonoma Friuli Venezia Giulia<\/strong>&nbsp;tra i progetti triennali di rilevanza regionale di interesse internazionale in campo cinematografico.<\/em><\/p>\n\n\n\n<p>Iscriviti alla<strong>\u00a0<a href=\"https:\/\/www.castingnewsletter.eu\/CastingNewsPro\/\" target=\"_blank\" rel=\"noreferrer noopener\">newsletter giornaliera<\/a><\/strong>\u00a0di Casting News Professional per ricevere le ultime notizie sui casting aperti, provini e audizioni.<\/p>\n\n<div style=\"font-size: 0px; height: 0px; line-height: 0px; margin: 0; padding: 0; clear: both;\"><\/div>","protected":false},"excerpt":{"rendered":"<p>Dal 28 ottobre al 2 novembre, sotto la suggestiva cupola stellata del Politeama Rossetti, torna a Trieste il grande cinema di fantascienza con la 25\u00aa edizione del Trieste Science+Fiction Festival. Organizzato da La Cappella Underground, l\u2019appuntamento porta nel capoluogo giuliano le migliori produzioni del cinema fantastico, con oltre 50 anteprime mondiali, internazionali e nazionali e [&hellip;]<\/p>\n","protected":false},"author":1,"featured_media":10911,"comment_status":"open","ping_status":"open","sticky":false,"template":"","format":"standard","meta":{"tdm_status":"","tdm_grid_status":"","footnotes":""},"categories":[65,11,3957,1533,71,21],"tags":[8715,272,273,8713,8718,8717,8716,6200,593,8714,3855],"class_list":{"0":"post-10905","1":"post","2":"type-post","3":"status-publish","4":"format-standard","5":"has-post-thumbnail","7":"category-fantascienza","8":"category-festival","9":"category-friuli-venezia-giulia","10":"category-featured","11":"category-italia-paese","12":"category-in-primo-piano","13":"tag-anteprime-cinema","14":"tag-casting-magazine","15":"tag-casting-news","16":"tag-cinema-fantastico","17":"tag-eventi-trieste","18":"tag-festival-cinema-2025","19":"tag-festival-fantascienza-trieste","20":"tag-film-di-fantascienza","21":"tag-gabriele-mainetti","22":"tag-ted-chiang","23":"tag-trieste-sciencefiction-festival"},"yoast_head":"<!-- This site is optimized with the Yoast SEO plugin v27.4 - https:\/\/yoast.com\/product\/yoast-seo-wordpress\/ -->\r\n<title>Trieste celebra 25 anni di fantascienza con il Trieste Science+Fiction Festival - Casting News Magazine<\/title>\r\n<meta name=\"description\" content=\"Dal 28 ottobre al 2 novembre Trieste si trasforma nella capitale della fantascienza con la 25\u00aa edizione del Trieste Science+Fiction Festival.\" \/>\r\n<meta name=\"robots\" content=\"index, follow, max-snippet:-1, max-image-preview:large, max-video-preview:-1\" \/>\r\n<link rel=\"canonical\" href=\"https:\/\/www.castingnews.eu\/magazine\/2025\/10\/15\/trieste-celebra-25-anni-di-fantascienza-con-il-trieste-sciencefiction-festival\/\" \/>\r\n<meta property=\"og:locale\" content=\"it_IT\" \/>\r\n<meta property=\"og:type\" content=\"article\" \/>\r\n<meta property=\"og:title\" content=\"Trieste celebra 25 anni di fantascienza con il Trieste Science+Fiction Festival - Casting News Magazine\" \/>\r\n<meta property=\"og:description\" content=\"Dal 28 ottobre al 2 novembre Trieste si trasforma nella capitale della fantascienza con la 25\u00aa edizione del Trieste Science+Fiction Festival.\" \/>\r\n<meta property=\"og:url\" content=\"https:\/\/www.castingnews.eu\/magazine\/2025\/10\/15\/trieste-celebra-25-anni-di-fantascienza-con-il-trieste-sciencefiction-festival\/\" \/>\r\n<meta property=\"og:site_name\" content=\"Casting News Magazine\" \/>\r\n<meta property=\"article:published_time\" content=\"2025-10-15T14:25:06+00:00\" \/>\r\n<meta property=\"article:modified_time\" content=\"2025-10-15T14:26:35+00:00\" \/>\r\n<meta property=\"og:image\" content=\"https:\/\/www.castingnews.eu\/magazine\/wp-content\/uploads\/2025\/10\/The-Ugly-stepsister.jpg\" \/>\r\n\t<meta property=\"og:image:width\" content=\"1400\" \/>\r\n\t<meta property=\"og:image:height\" content=\"788\" \/>\r\n\t<meta property=\"og:image:type\" content=\"image\/jpeg\" \/>\r\n<meta name=\"author\" content=\"Redazione\" \/>\r\n<meta name=\"twitter:card\" content=\"summary_large_image\" \/>\r\n<meta name=\"twitter:label1\" content=\"Scritto da\" \/>\n\t<meta name=\"twitter:data1\" content=\"Redazione\" \/>\n\t<meta name=\"twitter:label2\" content=\"Tempo di lettura stimato\" \/>\n\t<meta name=\"twitter:data2\" content=\"9 minuti\" \/>\r\n<script type=\"application\/ld+json\" class=\"yoast-schema-graph\">{\"@context\":\"https:\\\/\\\/schema.org\",\"@graph\":[{\"@type\":\"Article\",\"@id\":\"https:\\\/\\\/www.castingnews.eu\\\/magazine\\\/2025\\\/10\\\/15\\\/trieste-celebra-25-anni-di-fantascienza-con-il-trieste-sciencefiction-festival\\\/#article\",\"isPartOf\":{\"@id\":\"https:\\\/\\\/www.castingnews.eu\\\/magazine\\\/2025\\\/10\\\/15\\\/trieste-celebra-25-anni-di-fantascienza-con-il-trieste-sciencefiction-festival\\\/\"},\"author\":{\"name\":\"Redazione\",\"@id\":\"https:\\\/\\\/www.castingnews.eu\\\/magazine\\\/#\\\/schema\\\/person\\\/099d71c568c9a7e5e4037b1594108f17\"},\"headline\":\"Trieste celebra 25 anni di fantascienza con il Trieste Science+Fiction Festival\",\"datePublished\":\"2025-10-15T14:25:06+00:00\",\"dateModified\":\"2025-10-15T14:26:35+00:00\",\"mainEntityOfPage\":{\"@id\":\"https:\\\/\\\/www.castingnews.eu\\\/magazine\\\/2025\\\/10\\\/15\\\/trieste-celebra-25-anni-di-fantascienza-con-il-trieste-sciencefiction-festival\\\/\"},\"wordCount\":1515,\"commentCount\":0,\"image\":{\"@id\":\"https:\\\/\\\/www.castingnews.eu\\\/magazine\\\/2025\\\/10\\\/15\\\/trieste-celebra-25-anni-di-fantascienza-con-il-trieste-sciencefiction-festival\\\/#primaryimage\"},\"thumbnailUrl\":\"https:\\\/\\\/www.castingnews.eu\\\/magazine\\\/wp-content\\\/uploads\\\/2025\\\/10\\\/The-Ugly-stepsister.jpg\",\"keywords\":[\"anteprime cinema\",\"Casting Magazine\",\"Casting News\",\"cinema fantastico\",\"eventi Trieste\",\"festival cinema 2025\",\"festival fantascienza Trieste\",\"film di fantascienza\",\"Gabriele Mainetti\",\"Ted Chiang\",\"Trieste Science+Fiction Festival\"],\"articleSection\":[\"Fantascienza\",\"Festival\",\"Friuli-Venezia Giulia\",\"In primo piano\",\"Italia\",\"Primo piano\"],\"inLanguage\":\"it-IT\",\"potentialAction\":[{\"@type\":\"CommentAction\",\"name\":\"Comment\",\"target\":[\"https:\\\/\\\/www.castingnews.eu\\\/magazine\\\/2025\\\/10\\\/15\\\/trieste-celebra-25-anni-di-fantascienza-con-il-trieste-sciencefiction-festival\\\/#respond\"]}]},{\"@type\":\"WebPage\",\"@id\":\"https:\\\/\\\/www.castingnews.eu\\\/magazine\\\/2025\\\/10\\\/15\\\/trieste-celebra-25-anni-di-fantascienza-con-il-trieste-sciencefiction-festival\\\/\",\"url\":\"https:\\\/\\\/www.castingnews.eu\\\/magazine\\\/2025\\\/10\\\/15\\\/trieste-celebra-25-anni-di-fantascienza-con-il-trieste-sciencefiction-festival\\\/\",\"name\":\"Trieste celebra 25 anni di fantascienza con il Trieste Science+Fiction Festival - Casting News Magazine\",\"isPartOf\":{\"@id\":\"https:\\\/\\\/www.castingnews.eu\\\/magazine\\\/#website\"},\"primaryImageOfPage\":{\"@id\":\"https:\\\/\\\/www.castingnews.eu\\\/magazine\\\/2025\\\/10\\\/15\\\/trieste-celebra-25-anni-di-fantascienza-con-il-trieste-sciencefiction-festival\\\/#primaryimage\"},\"image\":{\"@id\":\"https:\\\/\\\/www.castingnews.eu\\\/magazine\\\/2025\\\/10\\\/15\\\/trieste-celebra-25-anni-di-fantascienza-con-il-trieste-sciencefiction-festival\\\/#primaryimage\"},\"thumbnailUrl\":\"https:\\\/\\\/www.castingnews.eu\\\/magazine\\\/wp-content\\\/uploads\\\/2025\\\/10\\\/The-Ugly-stepsister.jpg\",\"datePublished\":\"2025-10-15T14:25:06+00:00\",\"dateModified\":\"2025-10-15T14:26:35+00:00\",\"author\":{\"@id\":\"https:\\\/\\\/www.castingnews.eu\\\/magazine\\\/#\\\/schema\\\/person\\\/099d71c568c9a7e5e4037b1594108f17\"},\"description\":\"Dal 28 ottobre al 2 novembre Trieste si trasforma nella capitale della fantascienza con la 25\u00aa edizione del Trieste Science+Fiction Festival.\",\"breadcrumb\":{\"@id\":\"https:\\\/\\\/www.castingnews.eu\\\/magazine\\\/2025\\\/10\\\/15\\\/trieste-celebra-25-anni-di-fantascienza-con-il-trieste-sciencefiction-festival\\\/#breadcrumb\"},\"inLanguage\":\"it-IT\",\"potentialAction\":[{\"@type\":\"ReadAction\",\"target\":[\"https:\\\/\\\/www.castingnews.eu\\\/magazine\\\/2025\\\/10\\\/15\\\/trieste-celebra-25-anni-di-fantascienza-con-il-trieste-sciencefiction-festival\\\/\"]}]},{\"@type\":\"ImageObject\",\"inLanguage\":\"it-IT\",\"@id\":\"https:\\\/\\\/www.castingnews.eu\\\/magazine\\\/2025\\\/10\\\/15\\\/trieste-celebra-25-anni-di-fantascienza-con-il-trieste-sciencefiction-festival\\\/#primaryimage\",\"url\":\"https:\\\/\\\/www.castingnews.eu\\\/magazine\\\/wp-content\\\/uploads\\\/2025\\\/10\\\/The-Ugly-stepsister.jpg\",\"contentUrl\":\"https:\\\/\\\/www.castingnews.eu\\\/magazine\\\/wp-content\\\/uploads\\\/2025\\\/10\\\/The-Ugly-stepsister.jpg\",\"width\":1400,\"height\":788,\"caption\":\"\u201cThe Ugly Stepsister\u201d (Svezia\\\/Danimarca\\\/Romania\\\/Polonia, 2025) di Emilie Blichfeldt\"},{\"@type\":\"BreadcrumbList\",\"@id\":\"https:\\\/\\\/www.castingnews.eu\\\/magazine\\\/2025\\\/10\\\/15\\\/trieste-celebra-25-anni-di-fantascienza-con-il-trieste-sciencefiction-festival\\\/#breadcrumb\",\"itemListElement\":[{\"@type\":\"ListItem\",\"position\":1,\"name\":\"Home\",\"item\":\"https:\\\/\\\/www.castingnews.eu\\\/magazine\\\/\"},{\"@type\":\"ListItem\",\"position\":2,\"name\":\"Trieste celebra 25 anni di fantascienza con il Trieste Science+Fiction Festival\"}]},{\"@type\":\"WebSite\",\"@id\":\"https:\\\/\\\/www.castingnews.eu\\\/magazine\\\/#website\",\"url\":\"https:\\\/\\\/www.castingnews.eu\\\/magazine\\\/\",\"name\":\"Casting News Magazine\",\"description\":\"News e aggiornamenti sui film, serie tv, teatro e festival italiani ed internazionali\",\"potentialAction\":[{\"@type\":\"SearchAction\",\"target\":{\"@type\":\"EntryPoint\",\"urlTemplate\":\"https:\\\/\\\/www.castingnews.eu\\\/magazine\\\/?s={search_term_string}\"},\"query-input\":{\"@type\":\"PropertyValueSpecification\",\"valueRequired\":true,\"valueName\":\"search_term_string\"}}],\"inLanguage\":\"it-IT\"},{\"@type\":\"Person\",\"@id\":\"https:\\\/\\\/www.castingnews.eu\\\/magazine\\\/#\\\/schema\\\/person\\\/099d71c568c9a7e5e4037b1594108f17\",\"name\":\"Redazione\",\"image\":{\"@type\":\"ImageObject\",\"inLanguage\":\"it-IT\",\"@id\":\"https:\\\/\\\/secure.gravatar.com\\\/avatar\\\/b73a087aa3bd279fb70d24f1960a91c82cf67619395b60b564c90e9e5d5325fc?s=96&d=mm&r=g\",\"url\":\"https:\\\/\\\/secure.gravatar.com\\\/avatar\\\/b73a087aa3bd279fb70d24f1960a91c82cf67619395b60b564c90e9e5d5325fc?s=96&d=mm&r=g\",\"contentUrl\":\"https:\\\/\\\/secure.gravatar.com\\\/avatar\\\/b73a087aa3bd279fb70d24f1960a91c82cf67619395b60b564c90e9e5d5325fc?s=96&d=mm&r=g\",\"caption\":\"Redazione\"},\"description\":\"News e aggiornamenti sui film, serie tv, teatro e festival italiani ed internazionali.\",\"url\":\"https:\\\/\\\/www.castingnews.eu\\\/magazine\\\/author\\\/redazione\\\/\"}]}<\/script>\r\n<!-- \/ Yoast SEO plugin. -->","yoast_head_json":{"title":"Trieste celebra 25 anni di fantascienza con il Trieste Science+Fiction Festival - Casting News Magazine","description":"Dal 28 ottobre al 2 novembre Trieste si trasforma nella capitale della fantascienza con la 25\u00aa edizione del Trieste Science+Fiction Festival.","robots":{"index":"index","follow":"follow","max-snippet":"max-snippet:-1","max-image-preview":"max-image-preview:large","max-video-preview":"max-video-preview:-1"},"canonical":"https:\/\/www.castingnews.eu\/magazine\/2025\/10\/15\/trieste-celebra-25-anni-di-fantascienza-con-il-trieste-sciencefiction-festival\/","og_locale":"it_IT","og_type":"article","og_title":"Trieste celebra 25 anni di fantascienza con il Trieste Science+Fiction Festival - Casting News Magazine","og_description":"Dal 28 ottobre al 2 novembre Trieste si trasforma nella capitale della fantascienza con la 25\u00aa edizione del Trieste Science+Fiction Festival.","og_url":"https:\/\/www.castingnews.eu\/magazine\/2025\/10\/15\/trieste-celebra-25-anni-di-fantascienza-con-il-trieste-sciencefiction-festival\/","og_site_name":"Casting News Magazine","article_published_time":"2025-10-15T14:25:06+00:00","article_modified_time":"2025-10-15T14:26:35+00:00","og_image":[{"width":1400,"height":788,"url":"https:\/\/www.castingnews.eu\/magazine\/wp-content\/uploads\/2025\/10\/The-Ugly-stepsister.jpg","type":"image\/jpeg"}],"author":"Redazione","twitter_card":"summary_large_image","twitter_misc":{"Scritto da":"Redazione","Tempo di lettura stimato":"9 minuti"},"schema":{"@context":"https:\/\/schema.org","@graph":[{"@type":"Article","@id":"https:\/\/www.castingnews.eu\/magazine\/2025\/10\/15\/trieste-celebra-25-anni-di-fantascienza-con-il-trieste-sciencefiction-festival\/#article","isPartOf":{"@id":"https:\/\/www.castingnews.eu\/magazine\/2025\/10\/15\/trieste-celebra-25-anni-di-fantascienza-con-il-trieste-sciencefiction-festival\/"},"author":{"name":"Redazione","@id":"https:\/\/www.castingnews.eu\/magazine\/#\/schema\/person\/099d71c568c9a7e5e4037b1594108f17"},"headline":"Trieste celebra 25 anni di fantascienza con il Trieste Science+Fiction Festival","datePublished":"2025-10-15T14:25:06+00:00","dateModified":"2025-10-15T14:26:35+00:00","mainEntityOfPage":{"@id":"https:\/\/www.castingnews.eu\/magazine\/2025\/10\/15\/trieste-celebra-25-anni-di-fantascienza-con-il-trieste-sciencefiction-festival\/"},"wordCount":1515,"commentCount":0,"image":{"@id":"https:\/\/www.castingnews.eu\/magazine\/2025\/10\/15\/trieste-celebra-25-anni-di-fantascienza-con-il-trieste-sciencefiction-festival\/#primaryimage"},"thumbnailUrl":"https:\/\/www.castingnews.eu\/magazine\/wp-content\/uploads\/2025\/10\/The-Ugly-stepsister.jpg","keywords":["anteprime cinema","Casting Magazine","Casting News","cinema fantastico","eventi Trieste","festival cinema 2025","festival fantascienza Trieste","film di fantascienza","Gabriele Mainetti","Ted Chiang","Trieste Science+Fiction Festival"],"articleSection":["Fantascienza","Festival","Friuli-Venezia Giulia","In primo piano","Italia","Primo piano"],"inLanguage":"it-IT","potentialAction":[{"@type":"CommentAction","name":"Comment","target":["https:\/\/www.castingnews.eu\/magazine\/2025\/10\/15\/trieste-celebra-25-anni-di-fantascienza-con-il-trieste-sciencefiction-festival\/#respond"]}]},{"@type":"WebPage","@id":"https:\/\/www.castingnews.eu\/magazine\/2025\/10\/15\/trieste-celebra-25-anni-di-fantascienza-con-il-trieste-sciencefiction-festival\/","url":"https:\/\/www.castingnews.eu\/magazine\/2025\/10\/15\/trieste-celebra-25-anni-di-fantascienza-con-il-trieste-sciencefiction-festival\/","name":"Trieste celebra 25 anni di fantascienza con il Trieste Science+Fiction Festival - Casting News Magazine","isPartOf":{"@id":"https:\/\/www.castingnews.eu\/magazine\/#website"},"primaryImageOfPage":{"@id":"https:\/\/www.castingnews.eu\/magazine\/2025\/10\/15\/trieste-celebra-25-anni-di-fantascienza-con-il-trieste-sciencefiction-festival\/#primaryimage"},"image":{"@id":"https:\/\/www.castingnews.eu\/magazine\/2025\/10\/15\/trieste-celebra-25-anni-di-fantascienza-con-il-trieste-sciencefiction-festival\/#primaryimage"},"thumbnailUrl":"https:\/\/www.castingnews.eu\/magazine\/wp-content\/uploads\/2025\/10\/The-Ugly-stepsister.jpg","datePublished":"2025-10-15T14:25:06+00:00","dateModified":"2025-10-15T14:26:35+00:00","author":{"@id":"https:\/\/www.castingnews.eu\/magazine\/#\/schema\/person\/099d71c568c9a7e5e4037b1594108f17"},"description":"Dal 28 ottobre al 2 novembre Trieste si trasforma nella capitale della fantascienza con la 25\u00aa edizione del Trieste Science+Fiction Festival.","breadcrumb":{"@id":"https:\/\/www.castingnews.eu\/magazine\/2025\/10\/15\/trieste-celebra-25-anni-di-fantascienza-con-il-trieste-sciencefiction-festival\/#breadcrumb"},"inLanguage":"it-IT","potentialAction":[{"@type":"ReadAction","target":["https:\/\/www.castingnews.eu\/magazine\/2025\/10\/15\/trieste-celebra-25-anni-di-fantascienza-con-il-trieste-sciencefiction-festival\/"]}]},{"@type":"ImageObject","inLanguage":"it-IT","@id":"https:\/\/www.castingnews.eu\/magazine\/2025\/10\/15\/trieste-celebra-25-anni-di-fantascienza-con-il-trieste-sciencefiction-festival\/#primaryimage","url":"https:\/\/www.castingnews.eu\/magazine\/wp-content\/uploads\/2025\/10\/The-Ugly-stepsister.jpg","contentUrl":"https:\/\/www.castingnews.eu\/magazine\/wp-content\/uploads\/2025\/10\/The-Ugly-stepsister.jpg","width":1400,"height":788,"caption":"\u201cThe Ugly Stepsister\u201d (Svezia\/Danimarca\/Romania\/Polonia, 2025) di Emilie Blichfeldt"},{"@type":"BreadcrumbList","@id":"https:\/\/www.castingnews.eu\/magazine\/2025\/10\/15\/trieste-celebra-25-anni-di-fantascienza-con-il-trieste-sciencefiction-festival\/#breadcrumb","itemListElement":[{"@type":"ListItem","position":1,"name":"Home","item":"https:\/\/www.castingnews.eu\/magazine\/"},{"@type":"ListItem","position":2,"name":"Trieste celebra 25 anni di fantascienza con il Trieste Science+Fiction Festival"}]},{"@type":"WebSite","@id":"https:\/\/www.castingnews.eu\/magazine\/#website","url":"https:\/\/www.castingnews.eu\/magazine\/","name":"Casting News Magazine","description":"News e aggiornamenti sui film, serie tv, teatro e festival italiani ed internazionali","potentialAction":[{"@type":"SearchAction","target":{"@type":"EntryPoint","urlTemplate":"https:\/\/www.castingnews.eu\/magazine\/?s={search_term_string}"},"query-input":{"@type":"PropertyValueSpecification","valueRequired":true,"valueName":"search_term_string"}}],"inLanguage":"it-IT"},{"@type":"Person","@id":"https:\/\/www.castingnews.eu\/magazine\/#\/schema\/person\/099d71c568c9a7e5e4037b1594108f17","name":"Redazione","image":{"@type":"ImageObject","inLanguage":"it-IT","@id":"https:\/\/secure.gravatar.com\/avatar\/b73a087aa3bd279fb70d24f1960a91c82cf67619395b60b564c90e9e5d5325fc?s=96&d=mm&r=g","url":"https:\/\/secure.gravatar.com\/avatar\/b73a087aa3bd279fb70d24f1960a91c82cf67619395b60b564c90e9e5d5325fc?s=96&d=mm&r=g","contentUrl":"https:\/\/secure.gravatar.com\/avatar\/b73a087aa3bd279fb70d24f1960a91c82cf67619395b60b564c90e9e5d5325fc?s=96&d=mm&r=g","caption":"Redazione"},"description":"News e aggiornamenti sui film, serie tv, teatro e festival italiani ed internazionali.","url":"https:\/\/www.castingnews.eu\/magazine\/author\/redazione\/"}]}},"_links":{"self":[{"href":"https:\/\/www.castingnews.eu\/magazine\/wp-json\/wp\/v2\/posts\/10905","targetHints":{"allow":["GET"]}}],"collection":[{"href":"https:\/\/www.castingnews.eu\/magazine\/wp-json\/wp\/v2\/posts"}],"about":[{"href":"https:\/\/www.castingnews.eu\/magazine\/wp-json\/wp\/v2\/types\/post"}],"author":[{"embeddable":true,"href":"https:\/\/www.castingnews.eu\/magazine\/wp-json\/wp\/v2\/users\/1"}],"replies":[{"embeddable":true,"href":"https:\/\/www.castingnews.eu\/magazine\/wp-json\/wp\/v2\/comments?post=10905"}],"version-history":[{"count":1,"href":"https:\/\/www.castingnews.eu\/magazine\/wp-json\/wp\/v2\/posts\/10905\/revisions"}],"predecessor-version":[{"id":10912,"href":"https:\/\/www.castingnews.eu\/magazine\/wp-json\/wp\/v2\/posts\/10905\/revisions\/10912"}],"wp:featuredmedia":[{"embeddable":true,"href":"https:\/\/www.castingnews.eu\/magazine\/wp-json\/wp\/v2\/media\/10911"}],"wp:attachment":[{"href":"https:\/\/www.castingnews.eu\/magazine\/wp-json\/wp\/v2\/media?parent=10905"}],"wp:term":[{"taxonomy":"category","embeddable":true,"href":"https:\/\/www.castingnews.eu\/magazine\/wp-json\/wp\/v2\/categories?post=10905"},{"taxonomy":"post_tag","embeddable":true,"href":"https:\/\/www.castingnews.eu\/magazine\/wp-json\/wp\/v2\/tags?post=10905"}],"curies":[{"name":"wp","href":"https:\/\/api.w.org\/{rel}","templated":true}]}}