{"id":10749,"date":"2025-09-19T11:15:37","date_gmt":"2025-09-19T09:15:37","guid":{"rendered":"https:\/\/www.castingnews.eu\/magazine\/?p=10749"},"modified":"2025-09-19T11:15:39","modified_gmt":"2025-09-19T09:15:39","slug":"la-voce-della-pace-casting-ad-altavilla-irpina-per-piccoli-ruoli-e-comparse","status":"publish","type":"post","link":"https:\/\/www.castingnews.eu\/magazine\/2025\/09\/19\/la-voce-della-pace-casting-ad-altavilla-irpina-per-piccoli-ruoli-e-comparse\/","title":{"rendered":"La voce della pace: casting ad Altavilla Irpina per piccoli ruoli e comparse"},"content":{"rendered":"\n<p>Sono aperte le selezioni per piccoli ruoli e comparse nel cortometraggio a tema sociale \u00abLa voce della pace\u00bb, scritto e diretto dal regista Modestino Di Nenna e prodotto da Followerone Srl, Irpinia Film Academy e Comune di Altavilla Irpina. Il progetto, dal forte valore simbolico e culturale, intende veicolare un messaggio universale di pace e inclusione.<\/p><div class=\"6d3639e8c6ac292cde400fad8ff8a5b9\" data-index=\"1\" style=\"float: none; margin:10px 0 10px 0; text-align:center;\">\n<script async src=\"\/\/pagead2.googlesyndication.com\/pagead\/js\/adsbygoogle.js\"><\/script>\r\n<!-- Casting Bambini NEW -->\r\n<ins class=\"adsbygoogle\"\r\n     style=\"display:inline-block;width:336px;height:280px\"\r\n     data-ad-client=\"ca-pub-5538097485429833\"\r\n     data-ad-slot=\"5127154445\"><\/ins>\r\n<script>\r\n(adsbygoogle = window.adsbygoogle || []).push({});\r\n<\/script>\n<\/div>\n\n\n\n\n<p><strong>Profili ricercati<br><\/strong>Il casting \u00e8 rivolto a:<br>&#8211; donna di nazionalit\u00e0 ucraina (et\u00e0 scenica 35\/45 anni);<br>&#8211; donna di nazionalit\u00e0 italiana (et\u00e0 scenica 35\/45 anni);<br>&#8211; signora italiana (et\u00e0 scenica 50\/60 anni);<br>&#8211; uomini italiani (et\u00e0 scenica 20\/30 anni);<br>&#8211; uomini italiani (et\u00e0 scenica 50\/60 anni).<br>Oltre ai piccoli ruoli, la produzione \u00e8 alla ricerca di figurazioni e comparse: uomini e donne dai 18 ai 74 anni, anche senza esperienza. <br><strong>Tutti i selezionati saranno regolarmente retribuiti.<\/strong><\/p>\n\n\n\n<p><strong>Dettagli del casting<br><\/strong>&#8211; <strong>Data:<\/strong> 24 settembre 2025<br>&#8211; <strong>Orario:<\/strong> dalle ore 15:30 alle 20:00<br>&#8211; <strong>Luogo:<\/strong> Palazzo De Capua, Altavilla Irpina (AV)<br>La partecipazione al casting \u00e8 libera, ma \u00e8 consigliato inviare la candidatura all\u2019indirizzo <strong>irpiniafilmacademy@virgilio.it<\/strong>, allegando due foto recenti (una in primo piano e una a figura intera, su sfondo neutro e senza occhiali). Nell\u2019oggetto della mail va indicato: <strong>COGNOME NOME \u2013 COMUNE DI DOMICILIO<\/strong> (es. <em>BRUNA AQUINO \u2013 NAPOLI<\/em>).<br>I candidati riceveranno conferma dell\u2019orario del provino via e-mail. La presenza al casting nella data e nell\u2019orario stabiliti \u00e8 obbligatoria per poter essere selezionati.<\/p>\n\n\n\n<p><strong>Riprese del cortometraggio<br><\/strong>Il set sar\u00e0 allestito ad Altavilla Irpina nei giorni <strong>1, 2 e 3 ottobre 2025<\/strong>.<br>Con \u00abLa voce della pace\u00bb, il regista Modestino Di Nenna e i produttori intendono dare vita a un\u2019opera che unisce linguaggio cinematografico e impegno civile, promuovendo valori di solidariet\u00e0, convivenza e speranza.<\/p>\n\n\n\n<p>Iscriviti alla<strong>\u00a0<a href=\"https:\/\/www.castingnewsletter.eu\/CastingNewsPro\/\" target=\"_blank\" rel=\"noreferrer noopener\">newsletter giornaliera<\/a><\/strong>\u00a0di Casting News Professional per ricevere le ultime notizie sui casting aperti, provini e audizioni.<\/p>\n\n<div style=\"font-size: 0px; height: 0px; line-height: 0px; margin: 0; padding: 0; clear: both;\"><\/div>","protected":false},"excerpt":{"rendered":"<p>Sono aperte le selezioni per piccoli ruoli e comparse nel cortometraggio a tema sociale \u00abLa voce della pace\u00bb, scritto e diretto dal regista Modestino Di Nenna e prodotto da Followerone Srl, Irpinia Film Academy e Comune di Altavilla Irpina. Il progetto, dal forte valore simbolico e culturale, intende veicolare un messaggio universale di pace e [&hellip;]<\/p>\n","protected":false},"author":1,"featured_media":10750,"comment_status":"open","ping_status":"open","sticky":false,"template":"","format":"standard","meta":{"tdm_status":"","tdm_grid_status":"","footnotes":""},"categories":[3955,3,3760,1533,71,21],"tags":[8557,8556,8555,8548,272,273,8552,6526,8551,8549,8558,8550,8553,5814,8554],"class_list":{"0":"post-10749","1":"post","2":"type-post","3":"status-publish","4":"format-standard","5":"has-post-thumbnail","7":"category-campania","8":"category-casting-cinematografici","9":"category-cortometraggi-casting-provini","10":"category-featured","11":"category-italia-paese","12":"category-in-primo-piano","13":"tag-casting-altavilla-irpina","14":"tag-casting-attori-campania","15":"tag-casting-comparse-campania","16":"tag-casting-la-voce-della-pace","17":"tag-casting-magazine","18":"tag-casting-news","19":"tag-casting-piccoli-ruoli","20":"tag-cinema-sociale","21":"tag-comune-di-altavilla-irpina","22":"tag-cortometraggio-la-voce-della-pace","23":"tag-film-indipendenti-italia","24":"tag-followerone-srl","25":"tag-irpinia-film-academy","26":"tag-modestino-di-nenna","27":"tag-provini-cinema-2025"},"yoast_head":"<!-- This site is optimized with the Yoast SEO plugin v27.4 - https:\/\/yoast.com\/product\/yoast-seo-wordpress\/ -->\r\n<title>La voce della pace: casting ad Altavilla Irpina per piccoli ruoli e comparse - Casting News Magazine<\/title>\r\n<meta name=\"description\" content=\"La voce della pace, progetto cinematografico a tema sociale, avvia i casting in Campania. Si ricercano ruoli specifici e figurazioni.\" \/>\r\n<meta name=\"robots\" content=\"index, follow, max-snippet:-1, max-image-preview:large, max-video-preview:-1\" \/>\r\n<link rel=\"canonical\" href=\"https:\/\/www.castingnews.eu\/magazine\/2025\/09\/19\/la-voce-della-pace-casting-ad-altavilla-irpina-per-piccoli-ruoli-e-comparse\/\" \/>\r\n<meta property=\"og:locale\" content=\"it_IT\" \/>\r\n<meta property=\"og:type\" content=\"article\" \/>\r\n<meta property=\"og:title\" content=\"La voce della pace: casting ad Altavilla Irpina per piccoli ruoli e comparse - Casting News Magazine\" \/>\r\n<meta property=\"og:description\" content=\"La voce della pace, progetto cinematografico a tema sociale, avvia i casting in Campania. Si ricercano ruoli specifici e figurazioni.\" \/>\r\n<meta property=\"og:url\" content=\"https:\/\/www.castingnews.eu\/magazine\/2025\/09\/19\/la-voce-della-pace-casting-ad-altavilla-irpina-per-piccoli-ruoli-e-comparse\/\" \/>\r\n<meta property=\"og:site_name\" content=\"Casting News Magazine\" \/>\r\n<meta property=\"article:published_time\" content=\"2025-09-19T09:15:37+00:00\" \/>\r\n<meta property=\"article:modified_time\" content=\"2025-09-19T09:15:39+00:00\" \/>\r\n<meta property=\"og:image\" content=\"https:\/\/www.castingnews.eu\/magazine\/wp-content\/uploads\/2025\/09\/La-voce-della-pace-casting-aperti.jpg\" \/>\r\n\t<meta property=\"og:image:width\" content=\"1599\" \/>\r\n\t<meta property=\"og:image:height\" content=\"758\" \/>\r\n\t<meta property=\"og:image:type\" content=\"image\/jpeg\" \/>\r\n<meta name=\"author\" content=\"Redazione\" \/>\r\n<meta name=\"twitter:card\" content=\"summary_large_image\" \/>\r\n<meta name=\"twitter:label1\" content=\"Scritto da\" \/>\n\t<meta name=\"twitter:data1\" content=\"Redazione\" \/>\n\t<meta name=\"twitter:label2\" content=\"Tempo di lettura stimato\" \/>\n\t<meta name=\"twitter:data2\" content=\"2 minuti\" \/>\r\n<script type=\"application\/ld+json\" class=\"yoast-schema-graph\">{\"@context\":\"https:\\\/\\\/schema.org\",\"@graph\":[{\"@type\":\"Article\",\"@id\":\"https:\\\/\\\/www.castingnews.eu\\\/magazine\\\/2025\\\/09\\\/19\\\/la-voce-della-pace-casting-ad-altavilla-irpina-per-piccoli-ruoli-e-comparse\\\/#article\",\"isPartOf\":{\"@id\":\"https:\\\/\\\/www.castingnews.eu\\\/magazine\\\/2025\\\/09\\\/19\\\/la-voce-della-pace-casting-ad-altavilla-irpina-per-piccoli-ruoli-e-comparse\\\/\"},\"author\":{\"name\":\"Redazione\",\"@id\":\"https:\\\/\\\/www.castingnews.eu\\\/magazine\\\/#\\\/schema\\\/person\\\/099d71c568c9a7e5e4037b1594108f17\"},\"headline\":\"La voce della pace: casting ad Altavilla Irpina per piccoli ruoli e comparse\",\"datePublished\":\"2025-09-19T09:15:37+00:00\",\"dateModified\":\"2025-09-19T09:15:39+00:00\",\"mainEntityOfPage\":{\"@id\":\"https:\\\/\\\/www.castingnews.eu\\\/magazine\\\/2025\\\/09\\\/19\\\/la-voce-della-pace-casting-ad-altavilla-irpina-per-piccoli-ruoli-e-comparse\\\/\"},\"wordCount\":295,\"commentCount\":0,\"image\":{\"@id\":\"https:\\\/\\\/www.castingnews.eu\\\/magazine\\\/2025\\\/09\\\/19\\\/la-voce-della-pace-casting-ad-altavilla-irpina-per-piccoli-ruoli-e-comparse\\\/#primaryimage\"},\"thumbnailUrl\":\"https:\\\/\\\/www.castingnews.eu\\\/magazine\\\/wp-content\\\/uploads\\\/2025\\\/09\\\/La-voce-della-pace-casting-aperti.jpg\",\"keywords\":[\"casting Altavilla Irpina\",\"casting attori Campania\",\"casting comparse Campania\",\"casting La voce della pace\",\"Casting Magazine\",\"Casting News\",\"casting piccoli ruoli\",\"cinema sociale\",\"Comune di Altavilla Irpina\",\"cortometraggio La voce della pace\",\"film indipendenti Italia\",\"Followerone Srl\",\"Irpinia Film Academy\",\"Modestino Di Nenna\",\"provini cinema 2025\"],\"articleSection\":[\"Campania\",\"Casting Cinematografici\",\"Cortometraggi\",\"In primo piano\",\"Italia\",\"Primo piano\"],\"inLanguage\":\"it-IT\",\"potentialAction\":[{\"@type\":\"CommentAction\",\"name\":\"Comment\",\"target\":[\"https:\\\/\\\/www.castingnews.eu\\\/magazine\\\/2025\\\/09\\\/19\\\/la-voce-della-pace-casting-ad-altavilla-irpina-per-piccoli-ruoli-e-comparse\\\/#respond\"]}]},{\"@type\":\"WebPage\",\"@id\":\"https:\\\/\\\/www.castingnews.eu\\\/magazine\\\/2025\\\/09\\\/19\\\/la-voce-della-pace-casting-ad-altavilla-irpina-per-piccoli-ruoli-e-comparse\\\/\",\"url\":\"https:\\\/\\\/www.castingnews.eu\\\/magazine\\\/2025\\\/09\\\/19\\\/la-voce-della-pace-casting-ad-altavilla-irpina-per-piccoli-ruoli-e-comparse\\\/\",\"name\":\"La voce della pace: casting ad Altavilla Irpina per piccoli ruoli e comparse - Casting News Magazine\",\"isPartOf\":{\"@id\":\"https:\\\/\\\/www.castingnews.eu\\\/magazine\\\/#website\"},\"primaryImageOfPage\":{\"@id\":\"https:\\\/\\\/www.castingnews.eu\\\/magazine\\\/2025\\\/09\\\/19\\\/la-voce-della-pace-casting-ad-altavilla-irpina-per-piccoli-ruoli-e-comparse\\\/#primaryimage\"},\"image\":{\"@id\":\"https:\\\/\\\/www.castingnews.eu\\\/magazine\\\/2025\\\/09\\\/19\\\/la-voce-della-pace-casting-ad-altavilla-irpina-per-piccoli-ruoli-e-comparse\\\/#primaryimage\"},\"thumbnailUrl\":\"https:\\\/\\\/www.castingnews.eu\\\/magazine\\\/wp-content\\\/uploads\\\/2025\\\/09\\\/La-voce-della-pace-casting-aperti.jpg\",\"datePublished\":\"2025-09-19T09:15:37+00:00\",\"dateModified\":\"2025-09-19T09:15:39+00:00\",\"author\":{\"@id\":\"https:\\\/\\\/www.castingnews.eu\\\/magazine\\\/#\\\/schema\\\/person\\\/099d71c568c9a7e5e4037b1594108f17\"},\"description\":\"La voce della pace, progetto cinematografico a tema sociale, avvia i casting in Campania. Si ricercano ruoli specifici e figurazioni.\",\"breadcrumb\":{\"@id\":\"https:\\\/\\\/www.castingnews.eu\\\/magazine\\\/2025\\\/09\\\/19\\\/la-voce-della-pace-casting-ad-altavilla-irpina-per-piccoli-ruoli-e-comparse\\\/#breadcrumb\"},\"inLanguage\":\"it-IT\",\"potentialAction\":[{\"@type\":\"ReadAction\",\"target\":[\"https:\\\/\\\/www.castingnews.eu\\\/magazine\\\/2025\\\/09\\\/19\\\/la-voce-della-pace-casting-ad-altavilla-irpina-per-piccoli-ruoli-e-comparse\\\/\"]}]},{\"@type\":\"ImageObject\",\"inLanguage\":\"it-IT\",\"@id\":\"https:\\\/\\\/www.castingnews.eu\\\/magazine\\\/2025\\\/09\\\/19\\\/la-voce-della-pace-casting-ad-altavilla-irpina-per-piccoli-ruoli-e-comparse\\\/#primaryimage\",\"url\":\"https:\\\/\\\/www.castingnews.eu\\\/magazine\\\/wp-content\\\/uploads\\\/2025\\\/09\\\/La-voce-della-pace-casting-aperti.jpg\",\"contentUrl\":\"https:\\\/\\\/www.castingnews.eu\\\/magazine\\\/wp-content\\\/uploads\\\/2025\\\/09\\\/La-voce-della-pace-casting-aperti.jpg\",\"width\":1599,\"height\":758,\"caption\":\"Casting attori e comparse per La voce della pace\"},{\"@type\":\"BreadcrumbList\",\"@id\":\"https:\\\/\\\/www.castingnews.eu\\\/magazine\\\/2025\\\/09\\\/19\\\/la-voce-della-pace-casting-ad-altavilla-irpina-per-piccoli-ruoli-e-comparse\\\/#breadcrumb\",\"itemListElement\":[{\"@type\":\"ListItem\",\"position\":1,\"name\":\"Home\",\"item\":\"https:\\\/\\\/www.castingnews.eu\\\/magazine\\\/\"},{\"@type\":\"ListItem\",\"position\":2,\"name\":\"La voce della pace: casting ad Altavilla Irpina per piccoli ruoli e comparse\"}]},{\"@type\":\"WebSite\",\"@id\":\"https:\\\/\\\/www.castingnews.eu\\\/magazine\\\/#website\",\"url\":\"https:\\\/\\\/www.castingnews.eu\\\/magazine\\\/\",\"name\":\"Casting News Magazine\",\"description\":\"News e aggiornamenti sui film, serie tv, teatro e festival italiani ed internazionali\",\"potentialAction\":[{\"@type\":\"SearchAction\",\"target\":{\"@type\":\"EntryPoint\",\"urlTemplate\":\"https:\\\/\\\/www.castingnews.eu\\\/magazine\\\/?s={search_term_string}\"},\"query-input\":{\"@type\":\"PropertyValueSpecification\",\"valueRequired\":true,\"valueName\":\"search_term_string\"}}],\"inLanguage\":\"it-IT\"},{\"@type\":\"Person\",\"@id\":\"https:\\\/\\\/www.castingnews.eu\\\/magazine\\\/#\\\/schema\\\/person\\\/099d71c568c9a7e5e4037b1594108f17\",\"name\":\"Redazione\",\"image\":{\"@type\":\"ImageObject\",\"inLanguage\":\"it-IT\",\"@id\":\"https:\\\/\\\/secure.gravatar.com\\\/avatar\\\/b73a087aa3bd279fb70d24f1960a91c82cf67619395b60b564c90e9e5d5325fc?s=96&d=mm&r=g\",\"url\":\"https:\\\/\\\/secure.gravatar.com\\\/avatar\\\/b73a087aa3bd279fb70d24f1960a91c82cf67619395b60b564c90e9e5d5325fc?s=96&d=mm&r=g\",\"contentUrl\":\"https:\\\/\\\/secure.gravatar.com\\\/avatar\\\/b73a087aa3bd279fb70d24f1960a91c82cf67619395b60b564c90e9e5d5325fc?s=96&d=mm&r=g\",\"caption\":\"Redazione\"},\"description\":\"News e aggiornamenti sui film, serie tv, teatro e festival italiani ed internazionali.\",\"url\":\"https:\\\/\\\/www.castingnews.eu\\\/magazine\\\/author\\\/redazione\\\/\"}]}<\/script>\r\n<!-- \/ Yoast SEO plugin. -->","yoast_head_json":{"title":"La voce della pace: casting ad Altavilla Irpina per piccoli ruoli e comparse - Casting News Magazine","description":"La voce della pace, progetto cinematografico a tema sociale, avvia i casting in Campania. Si ricercano ruoli specifici e figurazioni.","robots":{"index":"index","follow":"follow","max-snippet":"max-snippet:-1","max-image-preview":"max-image-preview:large","max-video-preview":"max-video-preview:-1"},"canonical":"https:\/\/www.castingnews.eu\/magazine\/2025\/09\/19\/la-voce-della-pace-casting-ad-altavilla-irpina-per-piccoli-ruoli-e-comparse\/","og_locale":"it_IT","og_type":"article","og_title":"La voce della pace: casting ad Altavilla Irpina per piccoli ruoli e comparse - Casting News Magazine","og_description":"La voce della pace, progetto cinematografico a tema sociale, avvia i casting in Campania. Si ricercano ruoli specifici e figurazioni.","og_url":"https:\/\/www.castingnews.eu\/magazine\/2025\/09\/19\/la-voce-della-pace-casting-ad-altavilla-irpina-per-piccoli-ruoli-e-comparse\/","og_site_name":"Casting News Magazine","article_published_time":"2025-09-19T09:15:37+00:00","article_modified_time":"2025-09-19T09:15:39+00:00","og_image":[{"width":1599,"height":758,"url":"https:\/\/www.castingnews.eu\/magazine\/wp-content\/uploads\/2025\/09\/La-voce-della-pace-casting-aperti.jpg","type":"image\/jpeg"}],"author":"Redazione","twitter_card":"summary_large_image","twitter_misc":{"Scritto da":"Redazione","Tempo di lettura stimato":"2 minuti"},"schema":{"@context":"https:\/\/schema.org","@graph":[{"@type":"Article","@id":"https:\/\/www.castingnews.eu\/magazine\/2025\/09\/19\/la-voce-della-pace-casting-ad-altavilla-irpina-per-piccoli-ruoli-e-comparse\/#article","isPartOf":{"@id":"https:\/\/www.castingnews.eu\/magazine\/2025\/09\/19\/la-voce-della-pace-casting-ad-altavilla-irpina-per-piccoli-ruoli-e-comparse\/"},"author":{"name":"Redazione","@id":"https:\/\/www.castingnews.eu\/magazine\/#\/schema\/person\/099d71c568c9a7e5e4037b1594108f17"},"headline":"La voce della pace: casting ad Altavilla Irpina per piccoli ruoli e comparse","datePublished":"2025-09-19T09:15:37+00:00","dateModified":"2025-09-19T09:15:39+00:00","mainEntityOfPage":{"@id":"https:\/\/www.castingnews.eu\/magazine\/2025\/09\/19\/la-voce-della-pace-casting-ad-altavilla-irpina-per-piccoli-ruoli-e-comparse\/"},"wordCount":295,"commentCount":0,"image":{"@id":"https:\/\/www.castingnews.eu\/magazine\/2025\/09\/19\/la-voce-della-pace-casting-ad-altavilla-irpina-per-piccoli-ruoli-e-comparse\/#primaryimage"},"thumbnailUrl":"https:\/\/www.castingnews.eu\/magazine\/wp-content\/uploads\/2025\/09\/La-voce-della-pace-casting-aperti.jpg","keywords":["casting Altavilla Irpina","casting attori Campania","casting comparse Campania","casting La voce della pace","Casting Magazine","Casting News","casting piccoli ruoli","cinema sociale","Comune di Altavilla Irpina","cortometraggio La voce della pace","film indipendenti Italia","Followerone Srl","Irpinia Film Academy","Modestino Di Nenna","provini cinema 2025"],"articleSection":["Campania","Casting Cinematografici","Cortometraggi","In primo piano","Italia","Primo piano"],"inLanguage":"it-IT","potentialAction":[{"@type":"CommentAction","name":"Comment","target":["https:\/\/www.castingnews.eu\/magazine\/2025\/09\/19\/la-voce-della-pace-casting-ad-altavilla-irpina-per-piccoli-ruoli-e-comparse\/#respond"]}]},{"@type":"WebPage","@id":"https:\/\/www.castingnews.eu\/magazine\/2025\/09\/19\/la-voce-della-pace-casting-ad-altavilla-irpina-per-piccoli-ruoli-e-comparse\/","url":"https:\/\/www.castingnews.eu\/magazine\/2025\/09\/19\/la-voce-della-pace-casting-ad-altavilla-irpina-per-piccoli-ruoli-e-comparse\/","name":"La voce della pace: casting ad Altavilla Irpina per piccoli ruoli e comparse - Casting News Magazine","isPartOf":{"@id":"https:\/\/www.castingnews.eu\/magazine\/#website"},"primaryImageOfPage":{"@id":"https:\/\/www.castingnews.eu\/magazine\/2025\/09\/19\/la-voce-della-pace-casting-ad-altavilla-irpina-per-piccoli-ruoli-e-comparse\/#primaryimage"},"image":{"@id":"https:\/\/www.castingnews.eu\/magazine\/2025\/09\/19\/la-voce-della-pace-casting-ad-altavilla-irpina-per-piccoli-ruoli-e-comparse\/#primaryimage"},"thumbnailUrl":"https:\/\/www.castingnews.eu\/magazine\/wp-content\/uploads\/2025\/09\/La-voce-della-pace-casting-aperti.jpg","datePublished":"2025-09-19T09:15:37+00:00","dateModified":"2025-09-19T09:15:39+00:00","author":{"@id":"https:\/\/www.castingnews.eu\/magazine\/#\/schema\/person\/099d71c568c9a7e5e4037b1594108f17"},"description":"La voce della pace, progetto cinematografico a tema sociale, avvia i casting in Campania. Si ricercano ruoli specifici e figurazioni.","breadcrumb":{"@id":"https:\/\/www.castingnews.eu\/magazine\/2025\/09\/19\/la-voce-della-pace-casting-ad-altavilla-irpina-per-piccoli-ruoli-e-comparse\/#breadcrumb"},"inLanguage":"it-IT","potentialAction":[{"@type":"ReadAction","target":["https:\/\/www.castingnews.eu\/magazine\/2025\/09\/19\/la-voce-della-pace-casting-ad-altavilla-irpina-per-piccoli-ruoli-e-comparse\/"]}]},{"@type":"ImageObject","inLanguage":"it-IT","@id":"https:\/\/www.castingnews.eu\/magazine\/2025\/09\/19\/la-voce-della-pace-casting-ad-altavilla-irpina-per-piccoli-ruoli-e-comparse\/#primaryimage","url":"https:\/\/www.castingnews.eu\/magazine\/wp-content\/uploads\/2025\/09\/La-voce-della-pace-casting-aperti.jpg","contentUrl":"https:\/\/www.castingnews.eu\/magazine\/wp-content\/uploads\/2025\/09\/La-voce-della-pace-casting-aperti.jpg","width":1599,"height":758,"caption":"Casting attori e comparse per La voce della pace"},{"@type":"BreadcrumbList","@id":"https:\/\/www.castingnews.eu\/magazine\/2025\/09\/19\/la-voce-della-pace-casting-ad-altavilla-irpina-per-piccoli-ruoli-e-comparse\/#breadcrumb","itemListElement":[{"@type":"ListItem","position":1,"name":"Home","item":"https:\/\/www.castingnews.eu\/magazine\/"},{"@type":"ListItem","position":2,"name":"La voce della pace: casting ad Altavilla Irpina per piccoli ruoli e comparse"}]},{"@type":"WebSite","@id":"https:\/\/www.castingnews.eu\/magazine\/#website","url":"https:\/\/www.castingnews.eu\/magazine\/","name":"Casting News Magazine","description":"News e aggiornamenti sui film, serie tv, teatro e festival italiani ed internazionali","potentialAction":[{"@type":"SearchAction","target":{"@type":"EntryPoint","urlTemplate":"https:\/\/www.castingnews.eu\/magazine\/?s={search_term_string}"},"query-input":{"@type":"PropertyValueSpecification","valueRequired":true,"valueName":"search_term_string"}}],"inLanguage":"it-IT"},{"@type":"Person","@id":"https:\/\/www.castingnews.eu\/magazine\/#\/schema\/person\/099d71c568c9a7e5e4037b1594108f17","name":"Redazione","image":{"@type":"ImageObject","inLanguage":"it-IT","@id":"https:\/\/secure.gravatar.com\/avatar\/b73a087aa3bd279fb70d24f1960a91c82cf67619395b60b564c90e9e5d5325fc?s=96&d=mm&r=g","url":"https:\/\/secure.gravatar.com\/avatar\/b73a087aa3bd279fb70d24f1960a91c82cf67619395b60b564c90e9e5d5325fc?s=96&d=mm&r=g","contentUrl":"https:\/\/secure.gravatar.com\/avatar\/b73a087aa3bd279fb70d24f1960a91c82cf67619395b60b564c90e9e5d5325fc?s=96&d=mm&r=g","caption":"Redazione"},"description":"News e aggiornamenti sui film, serie tv, teatro e festival italiani ed internazionali.","url":"https:\/\/www.castingnews.eu\/magazine\/author\/redazione\/"}]}},"_links":{"self":[{"href":"https:\/\/www.castingnews.eu\/magazine\/wp-json\/wp\/v2\/posts\/10749","targetHints":{"allow":["GET"]}}],"collection":[{"href":"https:\/\/www.castingnews.eu\/magazine\/wp-json\/wp\/v2\/posts"}],"about":[{"href":"https:\/\/www.castingnews.eu\/magazine\/wp-json\/wp\/v2\/types\/post"}],"author":[{"embeddable":true,"href":"https:\/\/www.castingnews.eu\/magazine\/wp-json\/wp\/v2\/users\/1"}],"replies":[{"embeddable":true,"href":"https:\/\/www.castingnews.eu\/magazine\/wp-json\/wp\/v2\/comments?post=10749"}],"version-history":[{"count":1,"href":"https:\/\/www.castingnews.eu\/magazine\/wp-json\/wp\/v2\/posts\/10749\/revisions"}],"predecessor-version":[{"id":10751,"href":"https:\/\/www.castingnews.eu\/magazine\/wp-json\/wp\/v2\/posts\/10749\/revisions\/10751"}],"wp:featuredmedia":[{"embeddable":true,"href":"https:\/\/www.castingnews.eu\/magazine\/wp-json\/wp\/v2\/media\/10750"}],"wp:attachment":[{"href":"https:\/\/www.castingnews.eu\/magazine\/wp-json\/wp\/v2\/media?parent=10749"}],"wp:term":[{"taxonomy":"category","embeddable":true,"href":"https:\/\/www.castingnews.eu\/magazine\/wp-json\/wp\/v2\/categories?post=10749"},{"taxonomy":"post_tag","embeddable":true,"href":"https:\/\/www.castingnews.eu\/magazine\/wp-json\/wp\/v2\/tags?post=10749"}],"curies":[{"name":"wp","href":"https:\/\/api.w.org\/{rel}","templated":true}]}}