{"id":10629,"date":"2025-08-10T11:36:26","date_gmt":"2025-08-10T09:36:26","guid":{"rendered":"https:\/\/www.castingnews.eu\/magazine\/?p=10629"},"modified":"2025-08-10T11:36:29","modified_gmt":"2025-08-10T09:36:29","slug":"si-cerca-un-ragazzo-di-11-15-anni-per-un-cortometraggio-in-programma-a-bologna","status":"publish","type":"post","link":"https:\/\/www.castingnews.eu\/magazine\/2025\/08\/10\/si-cerca-un-ragazzo-di-11-15-anni-per-un-cortometraggio-in-programma-a-bologna\/","title":{"rendered":"Si cerca un ragazzo di 11-15 anni per un cortometraggio in programma a Bologna"},"content":{"rendered":"\n<p>La casa di produzione <strong>Fase 3<\/strong>, con sedi a <strong>Roma <\/strong>e <strong>Bologna<\/strong>, ha aperto le selezioni per un<strong> nuovo cortometraggio<\/strong> che sar\u00e0 girato prossimamente nel capoluogo emiliano.<br>La ricerca \u00e8 rivolta a un <strong>ragazzo di et\u00e0 compresa tra 11 e 15 anni<\/strong>, di <strong>origine pakistana o del Bangladesh<\/strong>, con una buona padronanza della lingua italiana.<\/p><div class=\"6d3639e8c6ac292cde400fad8ff8a5b9\" data-index=\"1\" style=\"float: none; margin:10px 0 10px 0; text-align:center;\">\n<script async src=\"\/\/pagead2.googlesyndication.com\/pagead\/js\/adsbygoogle.js\"><\/script>\r\n<!-- Casting Bambini NEW -->\r\n<ins class=\"adsbygoogle\"\r\n     style=\"display:inline-block;width:336px;height:280px\"\r\n     data-ad-client=\"ca-pub-5538097485429833\"\r\n     data-ad-slot=\"5127154445\"><\/ins>\r\n<script>\r\n(adsbygoogle = window.adsbygoogle || []).push({});\r\n<\/script>\n<\/div>\n\n\n\n\n<p>Si tratta di un ruolo significativo all\u2019interno del progetto, che offrir\u00e0 al giovane interprete l\u2019opportunit\u00e0 di vivere un\u2019esperienza professionale sul set cinematografico.<br>\u00c8 previsto <strong>regolare compenso<\/strong> per la partecipazione alle riprese, che si svolgeranno a Bologna in date da definire.<\/p>\n\n\n\n<p>I candidati interessati sono invitati a inviare una <strong>foto in primo piano<\/strong> e una <strong>foto a figura intera<\/strong> all\u2019indirizzo e-mail <strong>casting@fase3.org<\/strong>.<br>Iscriviti alla<strong>\u00a0<a href=\"https:\/\/www.castingnewsletter.eu\/CastingNewsPro\/\" target=\"_blank\" rel=\"noreferrer noopener\">newsletter giornaliera<\/a><\/strong>\u00a0di Casting News Professional per ricevere le ultime notizie sui casting aperti, provini e audizioni.<\/p>\n\n<div style=\"font-size: 0px; height: 0px; line-height: 0px; margin: 0; padding: 0; clear: both;\"><\/div>","protected":false},"excerpt":{"rendered":"<p>La casa di produzione Fase 3, con sedi a Roma e Bologna, ha aperto le selezioni per un nuovo cortometraggio che sar\u00e0 girato prossimamente nel capoluogo emiliano.La ricerca \u00e8 rivolta a un ragazzo di et\u00e0 compresa tra 11 e 15 anni, di origine pakistana o del Bangladesh, con una buona padronanza della lingua italiana. Si [&hellip;]<\/p>\n","protected":false},"author":1,"featured_media":10630,"comment_status":"open","ping_status":"open","sticky":false,"template":"","format":"standard","meta":{"tdm_status":"","tdm_grid_status":"","footnotes":""},"categories":[3760,3956,1533,71,21],"tags":[3869,7001,272,273,8385,8380,8379,8384,8382,8381,8383,8386],"class_list":{"0":"post-10629","1":"post","2":"type-post","3":"status-publish","4":"format-standard","5":"has-post-thumbnail","7":"category-cortometraggi-casting-provini","8":"category-emilia-romagna","9":"category-featured","10":"category-italia-paese","11":"category-in-primo-piano","12":"tag-casting-bologna","13":"tag-casting-cinema","14":"tag-casting-magazine","15":"tag-casting-news","16":"tag-casting-origine-bangladesh","17":"tag-casting-origine-pakistana","18":"tag-casting-ragazzi-11-15-anni","19":"tag-cortometraggio-bologna","20":"tag-fase-3-produzione","21":"tag-film-cortometraggio","22":"tag-provini-bologna","23":"tag-selezioni-attori-giovani"},"yoast_head":"<!-- This site is optimized with the Yoast SEO plugin v27.4 - https:\/\/yoast.com\/product\/yoast-seo-wordpress\/ -->\r\n<title>Si cerca un ragazzo di 11-15 anni per un cortometraggio in programma a Bologna - Casting News Magazine<\/title>\r\n<meta name=\"description\" content=\"Per un cortometraggio prodotto da Fase 3 si cerca un ragazzo di 11-15 anni, di origine pakistana o del Bangladesh. Lavoro retribuito.\" \/>\r\n<meta name=\"robots\" content=\"index, follow, max-snippet:-1, max-image-preview:large, max-video-preview:-1\" \/>\r\n<link rel=\"canonical\" href=\"https:\/\/www.castingnews.eu\/magazine\/2025\/08\/10\/si-cerca-un-ragazzo-di-11-15-anni-per-un-cortometraggio-in-programma-a-bologna\/\" \/>\r\n<meta property=\"og:locale\" content=\"it_IT\" \/>\r\n<meta property=\"og:type\" content=\"article\" \/>\r\n<meta property=\"og:title\" content=\"Si cerca un ragazzo di 11-15 anni per un cortometraggio in programma a Bologna - Casting News Magazine\" \/>\r\n<meta property=\"og:description\" content=\"Per un cortometraggio prodotto da Fase 3 si cerca un ragazzo di 11-15 anni, di origine pakistana o del Bangladesh. Lavoro retribuito.\" \/>\r\n<meta property=\"og:url\" content=\"https:\/\/www.castingnews.eu\/magazine\/2025\/08\/10\/si-cerca-un-ragazzo-di-11-15-anni-per-un-cortometraggio-in-programma-a-bologna\/\" \/>\r\n<meta property=\"og:site_name\" content=\"Casting News Magazine\" \/>\r\n<meta property=\"article:published_time\" content=\"2025-08-10T09:36:26+00:00\" \/>\r\n<meta property=\"article:modified_time\" content=\"2025-08-10T09:36:29+00:00\" \/>\r\n<meta property=\"og:image\" content=\"https:\/\/www.castingnews.eu\/magazine\/wp-content\/uploads\/2025\/08\/ragazzo-pakistano-casting-news.png\" \/>\r\n\t<meta property=\"og:image:width\" content=\"1200\" \/>\r\n\t<meta property=\"og:image:height\" content=\"670\" \/>\r\n\t<meta property=\"og:image:type\" content=\"image\/png\" \/>\r\n<meta name=\"author\" content=\"Redazione\" \/>\r\n<meta name=\"twitter:card\" content=\"summary_large_image\" \/>\r\n<meta name=\"twitter:label1\" content=\"Scritto da\" \/>\n\t<meta name=\"twitter:data1\" content=\"Redazione\" \/>\n\t<meta name=\"twitter:label2\" content=\"Tempo di lettura stimato\" \/>\n\t<meta name=\"twitter:data2\" content=\"1 minuto\" \/>\r\n<script type=\"application\/ld+json\" class=\"yoast-schema-graph\">{\"@context\":\"https:\\\/\\\/schema.org\",\"@graph\":[{\"@type\":\"Article\",\"@id\":\"https:\\\/\\\/www.castingnews.eu\\\/magazine\\\/2025\\\/08\\\/10\\\/si-cerca-un-ragazzo-di-11-15-anni-per-un-cortometraggio-in-programma-a-bologna\\\/#article\",\"isPartOf\":{\"@id\":\"https:\\\/\\\/www.castingnews.eu\\\/magazine\\\/2025\\\/08\\\/10\\\/si-cerca-un-ragazzo-di-11-15-anni-per-un-cortometraggio-in-programma-a-bologna\\\/\"},\"author\":{\"name\":\"Redazione\",\"@id\":\"https:\\\/\\\/www.castingnews.eu\\\/magazine\\\/#\\\/schema\\\/person\\\/099d71c568c9a7e5e4037b1594108f17\"},\"headline\":\"Si cerca un ragazzo di 11-15 anni per un cortometraggio in programma a Bologna\",\"datePublished\":\"2025-08-10T09:36:26+00:00\",\"dateModified\":\"2025-08-10T09:36:29+00:00\",\"mainEntityOfPage\":{\"@id\":\"https:\\\/\\\/www.castingnews.eu\\\/magazine\\\/2025\\\/08\\\/10\\\/si-cerca-un-ragazzo-di-11-15-anni-per-un-cortometraggio-in-programma-a-bologna\\\/\"},\"wordCount\":150,\"commentCount\":0,\"image\":{\"@id\":\"https:\\\/\\\/www.castingnews.eu\\\/magazine\\\/2025\\\/08\\\/10\\\/si-cerca-un-ragazzo-di-11-15-anni-per-un-cortometraggio-in-programma-a-bologna\\\/#primaryimage\"},\"thumbnailUrl\":\"https:\\\/\\\/www.castingnews.eu\\\/magazine\\\/wp-content\\\/uploads\\\/2025\\\/08\\\/ragazzo-pakistano-casting-news.png\",\"keywords\":[\"Casting Bologna\",\"casting cinema\",\"Casting Magazine\",\"Casting News\",\"casting origine bangladesh\",\"casting origine pakistana\",\"casting ragazzi 11-15 anni\",\"cortometraggio bologna\",\"fase 3 produzione\",\"film cortometraggio\",\"provini bologna\",\"selezioni attori giovani\"],\"articleSection\":[\"Cortometraggi\",\"Emilia-Romagna\",\"In primo piano\",\"Italia\",\"Primo piano\"],\"inLanguage\":\"it-IT\",\"potentialAction\":[{\"@type\":\"CommentAction\",\"name\":\"Comment\",\"target\":[\"https:\\\/\\\/www.castingnews.eu\\\/magazine\\\/2025\\\/08\\\/10\\\/si-cerca-un-ragazzo-di-11-15-anni-per-un-cortometraggio-in-programma-a-bologna\\\/#respond\"]}]},{\"@type\":\"WebPage\",\"@id\":\"https:\\\/\\\/www.castingnews.eu\\\/magazine\\\/2025\\\/08\\\/10\\\/si-cerca-un-ragazzo-di-11-15-anni-per-un-cortometraggio-in-programma-a-bologna\\\/\",\"url\":\"https:\\\/\\\/www.castingnews.eu\\\/magazine\\\/2025\\\/08\\\/10\\\/si-cerca-un-ragazzo-di-11-15-anni-per-un-cortometraggio-in-programma-a-bologna\\\/\",\"name\":\"Si cerca un ragazzo di 11-15 anni per un cortometraggio in programma a Bologna - Casting News Magazine\",\"isPartOf\":{\"@id\":\"https:\\\/\\\/www.castingnews.eu\\\/magazine\\\/#website\"},\"primaryImageOfPage\":{\"@id\":\"https:\\\/\\\/www.castingnews.eu\\\/magazine\\\/2025\\\/08\\\/10\\\/si-cerca-un-ragazzo-di-11-15-anni-per-un-cortometraggio-in-programma-a-bologna\\\/#primaryimage\"},\"image\":{\"@id\":\"https:\\\/\\\/www.castingnews.eu\\\/magazine\\\/2025\\\/08\\\/10\\\/si-cerca-un-ragazzo-di-11-15-anni-per-un-cortometraggio-in-programma-a-bologna\\\/#primaryimage\"},\"thumbnailUrl\":\"https:\\\/\\\/www.castingnews.eu\\\/magazine\\\/wp-content\\\/uploads\\\/2025\\\/08\\\/ragazzo-pakistano-casting-news.png\",\"datePublished\":\"2025-08-10T09:36:26+00:00\",\"dateModified\":\"2025-08-10T09:36:29+00:00\",\"author\":{\"@id\":\"https:\\\/\\\/www.castingnews.eu\\\/magazine\\\/#\\\/schema\\\/person\\\/099d71c568c9a7e5e4037b1594108f17\"},\"description\":\"Per un cortometraggio prodotto da Fase 3 si cerca un ragazzo di 11-15 anni, di origine pakistana o del Bangladesh. Lavoro retribuito.\",\"breadcrumb\":{\"@id\":\"https:\\\/\\\/www.castingnews.eu\\\/magazine\\\/2025\\\/08\\\/10\\\/si-cerca-un-ragazzo-di-11-15-anni-per-un-cortometraggio-in-programma-a-bologna\\\/#breadcrumb\"},\"inLanguage\":\"it-IT\",\"potentialAction\":[{\"@type\":\"ReadAction\",\"target\":[\"https:\\\/\\\/www.castingnews.eu\\\/magazine\\\/2025\\\/08\\\/10\\\/si-cerca-un-ragazzo-di-11-15-anni-per-un-cortometraggio-in-programma-a-bologna\\\/\"]}]},{\"@type\":\"ImageObject\",\"inLanguage\":\"it-IT\",\"@id\":\"https:\\\/\\\/www.castingnews.eu\\\/magazine\\\/2025\\\/08\\\/10\\\/si-cerca-un-ragazzo-di-11-15-anni-per-un-cortometraggio-in-programma-a-bologna\\\/#primaryimage\",\"url\":\"https:\\\/\\\/www.castingnews.eu\\\/magazine\\\/wp-content\\\/uploads\\\/2025\\\/08\\\/ragazzo-pakistano-casting-news.png\",\"contentUrl\":\"https:\\\/\\\/www.castingnews.eu\\\/magazine\\\/wp-content\\\/uploads\\\/2025\\\/08\\\/ragazzo-pakistano-casting-news.png\",\"width\":1200,\"height\":670,\"caption\":\"Si cerca un ragazzo di origine pakistana o del Bangladesh\"},{\"@type\":\"BreadcrumbList\",\"@id\":\"https:\\\/\\\/www.castingnews.eu\\\/magazine\\\/2025\\\/08\\\/10\\\/si-cerca-un-ragazzo-di-11-15-anni-per-un-cortometraggio-in-programma-a-bologna\\\/#breadcrumb\",\"itemListElement\":[{\"@type\":\"ListItem\",\"position\":1,\"name\":\"Home\",\"item\":\"https:\\\/\\\/www.castingnews.eu\\\/magazine\\\/\"},{\"@type\":\"ListItem\",\"position\":2,\"name\":\"Si cerca un ragazzo di 11-15 anni per un cortometraggio in programma a Bologna\"}]},{\"@type\":\"WebSite\",\"@id\":\"https:\\\/\\\/www.castingnews.eu\\\/magazine\\\/#website\",\"url\":\"https:\\\/\\\/www.castingnews.eu\\\/magazine\\\/\",\"name\":\"Casting News Magazine\",\"description\":\"News e aggiornamenti sui film, serie tv, teatro e festival italiani ed internazionali\",\"potentialAction\":[{\"@type\":\"SearchAction\",\"target\":{\"@type\":\"EntryPoint\",\"urlTemplate\":\"https:\\\/\\\/www.castingnews.eu\\\/magazine\\\/?s={search_term_string}\"},\"query-input\":{\"@type\":\"PropertyValueSpecification\",\"valueRequired\":true,\"valueName\":\"search_term_string\"}}],\"inLanguage\":\"it-IT\"},{\"@type\":\"Person\",\"@id\":\"https:\\\/\\\/www.castingnews.eu\\\/magazine\\\/#\\\/schema\\\/person\\\/099d71c568c9a7e5e4037b1594108f17\",\"name\":\"Redazione\",\"image\":{\"@type\":\"ImageObject\",\"inLanguage\":\"it-IT\",\"@id\":\"https:\\\/\\\/secure.gravatar.com\\\/avatar\\\/b73a087aa3bd279fb70d24f1960a91c82cf67619395b60b564c90e9e5d5325fc?s=96&d=mm&r=g\",\"url\":\"https:\\\/\\\/secure.gravatar.com\\\/avatar\\\/b73a087aa3bd279fb70d24f1960a91c82cf67619395b60b564c90e9e5d5325fc?s=96&d=mm&r=g\",\"contentUrl\":\"https:\\\/\\\/secure.gravatar.com\\\/avatar\\\/b73a087aa3bd279fb70d24f1960a91c82cf67619395b60b564c90e9e5d5325fc?s=96&d=mm&r=g\",\"caption\":\"Redazione\"},\"description\":\"News e aggiornamenti sui film, serie tv, teatro e festival italiani ed internazionali.\",\"url\":\"https:\\\/\\\/www.castingnews.eu\\\/magazine\\\/author\\\/redazione\\\/\"}]}<\/script>\r\n<!-- \/ Yoast SEO plugin. -->","yoast_head_json":{"title":"Si cerca un ragazzo di 11-15 anni per un cortometraggio in programma a Bologna - Casting News Magazine","description":"Per un cortometraggio prodotto da Fase 3 si cerca un ragazzo di 11-15 anni, di origine pakistana o del Bangladesh. Lavoro retribuito.","robots":{"index":"index","follow":"follow","max-snippet":"max-snippet:-1","max-image-preview":"max-image-preview:large","max-video-preview":"max-video-preview:-1"},"canonical":"https:\/\/www.castingnews.eu\/magazine\/2025\/08\/10\/si-cerca-un-ragazzo-di-11-15-anni-per-un-cortometraggio-in-programma-a-bologna\/","og_locale":"it_IT","og_type":"article","og_title":"Si cerca un ragazzo di 11-15 anni per un cortometraggio in programma a Bologna - Casting News Magazine","og_description":"Per un cortometraggio prodotto da Fase 3 si cerca un ragazzo di 11-15 anni, di origine pakistana o del Bangladesh. Lavoro retribuito.","og_url":"https:\/\/www.castingnews.eu\/magazine\/2025\/08\/10\/si-cerca-un-ragazzo-di-11-15-anni-per-un-cortometraggio-in-programma-a-bologna\/","og_site_name":"Casting News Magazine","article_published_time":"2025-08-10T09:36:26+00:00","article_modified_time":"2025-08-10T09:36:29+00:00","og_image":[{"width":1200,"height":670,"url":"https:\/\/www.castingnews.eu\/magazine\/wp-content\/uploads\/2025\/08\/ragazzo-pakistano-casting-news.png","type":"image\/png"}],"author":"Redazione","twitter_card":"summary_large_image","twitter_misc":{"Scritto da":"Redazione","Tempo di lettura stimato":"1 minuto"},"schema":{"@context":"https:\/\/schema.org","@graph":[{"@type":"Article","@id":"https:\/\/www.castingnews.eu\/magazine\/2025\/08\/10\/si-cerca-un-ragazzo-di-11-15-anni-per-un-cortometraggio-in-programma-a-bologna\/#article","isPartOf":{"@id":"https:\/\/www.castingnews.eu\/magazine\/2025\/08\/10\/si-cerca-un-ragazzo-di-11-15-anni-per-un-cortometraggio-in-programma-a-bologna\/"},"author":{"name":"Redazione","@id":"https:\/\/www.castingnews.eu\/magazine\/#\/schema\/person\/099d71c568c9a7e5e4037b1594108f17"},"headline":"Si cerca un ragazzo di 11-15 anni per un cortometraggio in programma a Bologna","datePublished":"2025-08-10T09:36:26+00:00","dateModified":"2025-08-10T09:36:29+00:00","mainEntityOfPage":{"@id":"https:\/\/www.castingnews.eu\/magazine\/2025\/08\/10\/si-cerca-un-ragazzo-di-11-15-anni-per-un-cortometraggio-in-programma-a-bologna\/"},"wordCount":150,"commentCount":0,"image":{"@id":"https:\/\/www.castingnews.eu\/magazine\/2025\/08\/10\/si-cerca-un-ragazzo-di-11-15-anni-per-un-cortometraggio-in-programma-a-bologna\/#primaryimage"},"thumbnailUrl":"https:\/\/www.castingnews.eu\/magazine\/wp-content\/uploads\/2025\/08\/ragazzo-pakistano-casting-news.png","keywords":["Casting Bologna","casting cinema","Casting Magazine","Casting News","casting origine bangladesh","casting origine pakistana","casting ragazzi 11-15 anni","cortometraggio bologna","fase 3 produzione","film cortometraggio","provini bologna","selezioni attori giovani"],"articleSection":["Cortometraggi","Emilia-Romagna","In primo piano","Italia","Primo piano"],"inLanguage":"it-IT","potentialAction":[{"@type":"CommentAction","name":"Comment","target":["https:\/\/www.castingnews.eu\/magazine\/2025\/08\/10\/si-cerca-un-ragazzo-di-11-15-anni-per-un-cortometraggio-in-programma-a-bologna\/#respond"]}]},{"@type":"WebPage","@id":"https:\/\/www.castingnews.eu\/magazine\/2025\/08\/10\/si-cerca-un-ragazzo-di-11-15-anni-per-un-cortometraggio-in-programma-a-bologna\/","url":"https:\/\/www.castingnews.eu\/magazine\/2025\/08\/10\/si-cerca-un-ragazzo-di-11-15-anni-per-un-cortometraggio-in-programma-a-bologna\/","name":"Si cerca un ragazzo di 11-15 anni per un cortometraggio in programma a Bologna - Casting News Magazine","isPartOf":{"@id":"https:\/\/www.castingnews.eu\/magazine\/#website"},"primaryImageOfPage":{"@id":"https:\/\/www.castingnews.eu\/magazine\/2025\/08\/10\/si-cerca-un-ragazzo-di-11-15-anni-per-un-cortometraggio-in-programma-a-bologna\/#primaryimage"},"image":{"@id":"https:\/\/www.castingnews.eu\/magazine\/2025\/08\/10\/si-cerca-un-ragazzo-di-11-15-anni-per-un-cortometraggio-in-programma-a-bologna\/#primaryimage"},"thumbnailUrl":"https:\/\/www.castingnews.eu\/magazine\/wp-content\/uploads\/2025\/08\/ragazzo-pakistano-casting-news.png","datePublished":"2025-08-10T09:36:26+00:00","dateModified":"2025-08-10T09:36:29+00:00","author":{"@id":"https:\/\/www.castingnews.eu\/magazine\/#\/schema\/person\/099d71c568c9a7e5e4037b1594108f17"},"description":"Per un cortometraggio prodotto da Fase 3 si cerca un ragazzo di 11-15 anni, di origine pakistana o del Bangladesh. Lavoro retribuito.","breadcrumb":{"@id":"https:\/\/www.castingnews.eu\/magazine\/2025\/08\/10\/si-cerca-un-ragazzo-di-11-15-anni-per-un-cortometraggio-in-programma-a-bologna\/#breadcrumb"},"inLanguage":"it-IT","potentialAction":[{"@type":"ReadAction","target":["https:\/\/www.castingnews.eu\/magazine\/2025\/08\/10\/si-cerca-un-ragazzo-di-11-15-anni-per-un-cortometraggio-in-programma-a-bologna\/"]}]},{"@type":"ImageObject","inLanguage":"it-IT","@id":"https:\/\/www.castingnews.eu\/magazine\/2025\/08\/10\/si-cerca-un-ragazzo-di-11-15-anni-per-un-cortometraggio-in-programma-a-bologna\/#primaryimage","url":"https:\/\/www.castingnews.eu\/magazine\/wp-content\/uploads\/2025\/08\/ragazzo-pakistano-casting-news.png","contentUrl":"https:\/\/www.castingnews.eu\/magazine\/wp-content\/uploads\/2025\/08\/ragazzo-pakistano-casting-news.png","width":1200,"height":670,"caption":"Si cerca un ragazzo di origine pakistana o del Bangladesh"},{"@type":"BreadcrumbList","@id":"https:\/\/www.castingnews.eu\/magazine\/2025\/08\/10\/si-cerca-un-ragazzo-di-11-15-anni-per-un-cortometraggio-in-programma-a-bologna\/#breadcrumb","itemListElement":[{"@type":"ListItem","position":1,"name":"Home","item":"https:\/\/www.castingnews.eu\/magazine\/"},{"@type":"ListItem","position":2,"name":"Si cerca un ragazzo di 11-15 anni per un cortometraggio in programma a Bologna"}]},{"@type":"WebSite","@id":"https:\/\/www.castingnews.eu\/magazine\/#website","url":"https:\/\/www.castingnews.eu\/magazine\/","name":"Casting News Magazine","description":"News e aggiornamenti sui film, serie tv, teatro e festival italiani ed internazionali","potentialAction":[{"@type":"SearchAction","target":{"@type":"EntryPoint","urlTemplate":"https:\/\/www.castingnews.eu\/magazine\/?s={search_term_string}"},"query-input":{"@type":"PropertyValueSpecification","valueRequired":true,"valueName":"search_term_string"}}],"inLanguage":"it-IT"},{"@type":"Person","@id":"https:\/\/www.castingnews.eu\/magazine\/#\/schema\/person\/099d71c568c9a7e5e4037b1594108f17","name":"Redazione","image":{"@type":"ImageObject","inLanguage":"it-IT","@id":"https:\/\/secure.gravatar.com\/avatar\/b73a087aa3bd279fb70d24f1960a91c82cf67619395b60b564c90e9e5d5325fc?s=96&d=mm&r=g","url":"https:\/\/secure.gravatar.com\/avatar\/b73a087aa3bd279fb70d24f1960a91c82cf67619395b60b564c90e9e5d5325fc?s=96&d=mm&r=g","contentUrl":"https:\/\/secure.gravatar.com\/avatar\/b73a087aa3bd279fb70d24f1960a91c82cf67619395b60b564c90e9e5d5325fc?s=96&d=mm&r=g","caption":"Redazione"},"description":"News e aggiornamenti sui film, serie tv, teatro e festival italiani ed internazionali.","url":"https:\/\/www.castingnews.eu\/magazine\/author\/redazione\/"}]}},"_links":{"self":[{"href":"https:\/\/www.castingnews.eu\/magazine\/wp-json\/wp\/v2\/posts\/10629","targetHints":{"allow":["GET"]}}],"collection":[{"href":"https:\/\/www.castingnews.eu\/magazine\/wp-json\/wp\/v2\/posts"}],"about":[{"href":"https:\/\/www.castingnews.eu\/magazine\/wp-json\/wp\/v2\/types\/post"}],"author":[{"embeddable":true,"href":"https:\/\/www.castingnews.eu\/magazine\/wp-json\/wp\/v2\/users\/1"}],"replies":[{"embeddable":true,"href":"https:\/\/www.castingnews.eu\/magazine\/wp-json\/wp\/v2\/comments?post=10629"}],"version-history":[{"count":1,"href":"https:\/\/www.castingnews.eu\/magazine\/wp-json\/wp\/v2\/posts\/10629\/revisions"}],"predecessor-version":[{"id":10631,"href":"https:\/\/www.castingnews.eu\/magazine\/wp-json\/wp\/v2\/posts\/10629\/revisions\/10631"}],"wp:featuredmedia":[{"embeddable":true,"href":"https:\/\/www.castingnews.eu\/magazine\/wp-json\/wp\/v2\/media\/10630"}],"wp:attachment":[{"href":"https:\/\/www.castingnews.eu\/magazine\/wp-json\/wp\/v2\/media?parent=10629"}],"wp:term":[{"taxonomy":"category","embeddable":true,"href":"https:\/\/www.castingnews.eu\/magazine\/wp-json\/wp\/v2\/categories?post=10629"},{"taxonomy":"post_tag","embeddable":true,"href":"https:\/\/www.castingnews.eu\/magazine\/wp-json\/wp\/v2\/tags?post=10629"}],"curies":[{"name":"wp","href":"https:\/\/api.w.org\/{rel}","templated":true}]}}