{"id":10555,"date":"2025-07-17T20:52:08","date_gmt":"2025-07-17T18:52:08","guid":{"rendered":"https:\/\/www.castingnews.eu\/magazine\/?p=10555"},"modified":"2025-07-17T20:52:12","modified_gmt":"2025-07-17T18:52:12","slug":"tempi-supplementari-al-via-le-riprese-in-veneto-del-nuovo-film-con-giuseppe-zeno","status":"publish","type":"post","link":"https:\/\/www.castingnews.eu\/magazine\/2025\/07\/17\/tempi-supplementari-al-via-le-riprese-in-veneto-del-nuovo-film-con-giuseppe-zeno\/","title":{"rendered":"\u201cTempi supplementari\u201d: al via le riprese in Veneto del nuovo film con Giuseppe Zeno"},"content":{"rendered":"\n<p>Il Veneto torna protagonista sul piccolo schermo con <strong>\u201cTempi supplementari\u201d<\/strong>, il nuovo film TV firmato da <strong>Ago Panini<\/strong>, le cui riprese sono partite in questi giorni a Feltre. Al centro della scena un racconto di rinascita e relazioni familiari, ambientato tra le atmosfere autentiche delle province di Belluno e Vicenza. I casting per il film <strong><a href=\"https:\/\/www.castingnews.eu\/news\/news.asp?id_news=11934&amp;id_cat=2\" target=\"_blank\" rel=\"noreferrer noopener\">\u201cTempi supplementari\u201d<\/a><\/strong> sono stati pubblicati all&#8217;inizio di giugno su <a href=\"https:\/\/www.castingnews.eu\" target=\"_blank\" rel=\"noreferrer noopener\"><strong>Casting News<\/strong><\/a>.<\/p><div class=\"6d3639e8c6ac292cde400fad8ff8a5b9\" data-index=\"1\" style=\"float: none; margin:10px 0 10px 0; text-align:center;\">\n<script async src=\"\/\/pagead2.googlesyndication.com\/pagead\/js\/adsbygoogle.js\"><\/script>\r\n<!-- Casting Bambini NEW -->\r\n<ins class=\"adsbygoogle\"\r\n     style=\"display:inline-block;width:336px;height:280px\"\r\n     data-ad-client=\"ca-pub-5538097485429833\"\r\n     data-ad-slot=\"5127154445\"><\/ins>\r\n<script>\r\n(adsbygoogle = window.adsbygoogle || []).push({});\r\n<\/script>\n<\/div>\n\n\n\n\n<p>A vestire i panni del protagonista \u00e8 Giuseppe Zeno, affiancato da Clotilde Sabatino, Alvise Marascalchi, Bianca Baglioni e Arianna Moro. La sceneggiatura, scritta da Sara Cavosi e Luca Monesi, d\u00e0 forma a una narrazione intensa e contemporanea, che intreccia sport e legami umani.<br>Prodotto da Pepito Produzioni con il supporto della Veneto Film Commission, il film sar\u00e0 interamente girato in suggestive localit\u00e0 venete come Arsi\u00e8, Pedavena, Sovramonte, Alpago e Asiago, regalando al pubblico uno sfondo visivo ricco di autenticit\u00e0 e bellezza naturale.<\/p>\n\n\n\n<p>La trama ruota attorno a Sandro, ex allenatore di hockey sul ghiaccio, che si ritrova a guidare una squadra giovanile formata da ragazzi provenienti da contesti difficili. Una sfida inaspettata che lo costringer\u00e0 a fare i conti con il proprio passato, soprattutto quando, proprio sul ghiaccio, ritrover\u00e0 Thea, la figlia con cui aveva interrotto ogni rapporto. Il loro incontro riapre ferite mai del tutto rimarginate, ma offre anche una possibilit\u00e0 di riscatto. Una storia che ricorda come nella vita \u2013 proprio come nello sport \u2013 le partite importanti si possano giocare anche nei tempi supplementari.<\/p>\n\n\n\n<p><strong>Iscriviti alla\u00a0<a href=\"https:\/\/www.castingnewsletter.eu\/CastingNewsPro\/\" target=\"_blank\" rel=\"noreferrer noopener\">newsletter giornaliera<\/a>\u00a0di Casting News Professional per ricevere le ultime notizie sui casting aperti, provini e audizioni.<\/strong><\/p>\n\n<div style=\"font-size: 0px; height: 0px; line-height: 0px; margin: 0; padding: 0; clear: both;\"><\/div>","protected":false},"excerpt":{"rendered":"<p>Il Veneto torna protagonista sul piccolo schermo con \u201cTempi supplementari\u201d, il nuovo film TV firmato da Ago Panini, le cui riprese sono partite in questi giorni a Feltre. Al centro della scena un racconto di rinascita e relazioni familiari, ambientato tra le atmosfere autentiche delle province di Belluno e Vicenza. I casting per il film [&hellip;]<\/p>\n","protected":false},"author":1,"featured_media":10556,"comment_status":"open","ping_status":"open","sticky":false,"template":"","format":"standard","meta":{"tdm_status":"","tdm_grid_status":"","footnotes":""},"categories":[1533,71,21,30,3971],"tags":[6779,3360,8287,272,273,8286,4220,6876,8285,8288,5714,1824,8290,2744,6651,8283,8291,8289,8284,8282,4503],"class_list":{"0":"post-10555","1":"post","2":"type-post","3":"status-publish","4":"format-standard","5":"has-post-thumbnail","7":"category-featured","8":"category-italia-paese","9":"category-in-primo-piano","10":"category-progetti-cinematografici","11":"category-veneto","12":"tag-ago-panini","13":"tag-alvise-marascalchi","14":"tag-asiago","15":"tag-casting-magazine","16":"tag-casting-news","17":"tag-clotilde-sabatino","18":"tag-feltre","19":"tag-fiction-italiana","20":"tag-film-sullo-sport","21":"tag-film-televisivo","22":"tag-film-tv","23":"tag-giuseppe-zeno","24":"tag-hockey-su-ghiaccio","25":"tag-pepito-produzioni","26":"tag-produzione-italiana","27":"tag-riprese-veneto","28":"tag-sceneggiatura-luca-monesi","29":"tag-sceneggiatura-sara-cavosi","30":"tag-storie-di-riscatto","31":"tag-tempi-supplementari","32":"tag-veneto-film-commission"},"yoast_head":"<!-- This site is optimized with the Yoast SEO plugin v27.4 - https:\/\/yoast.com\/product\/yoast-seo-wordpress\/ -->\r\n<title>\u201cTempi supplementari\u201d: al via le riprese in Veneto del nuovo film con Giuseppe Zeno - Casting News Magazine<\/title>\r\n<meta name=\"description\" content=\"\u201cTempi supplementari\u201d \u00e8 il titolo del nuovo film tv con Giuseppe Zeno: un racconto di rinascita e legami familiari.\" \/>\r\n<meta name=\"robots\" content=\"index, follow, max-snippet:-1, max-image-preview:large, max-video-preview:-1\" \/>\r\n<link rel=\"canonical\" href=\"https:\/\/www.castingnews.eu\/magazine\/2025\/07\/17\/tempi-supplementari-al-via-le-riprese-in-veneto-del-nuovo-film-con-giuseppe-zeno\/\" \/>\r\n<meta property=\"og:locale\" content=\"it_IT\" \/>\r\n<meta property=\"og:type\" content=\"article\" \/>\r\n<meta property=\"og:title\" content=\"\u201cTempi supplementari\u201d: al via le riprese in Veneto del nuovo film con Giuseppe Zeno - Casting News Magazine\" \/>\r\n<meta property=\"og:description\" content=\"\u201cTempi supplementari\u201d \u00e8 il titolo del nuovo film tv con Giuseppe Zeno: un racconto di rinascita e legami familiari.\" \/>\r\n<meta property=\"og:url\" content=\"https:\/\/www.castingnews.eu\/magazine\/2025\/07\/17\/tempi-supplementari-al-via-le-riprese-in-veneto-del-nuovo-film-con-giuseppe-zeno\/\" \/>\r\n<meta property=\"og:site_name\" content=\"Casting News Magazine\" \/>\r\n<meta property=\"article:published_time\" content=\"2025-07-17T18:52:08+00:00\" \/>\r\n<meta property=\"article:modified_time\" content=\"2025-07-17T18:52:12+00:00\" \/>\r\n<meta property=\"og:image\" content=\"https:\/\/www.castingnews.eu\/magazine\/wp-content\/uploads\/2025\/07\/Giuseppe-Zeno.png\" \/>\r\n\t<meta property=\"og:image:width\" content=\"1200\" \/>\r\n\t<meta property=\"og:image:height\" content=\"700\" \/>\r\n\t<meta property=\"og:image:type\" content=\"image\/png\" \/>\r\n<meta name=\"author\" content=\"Redazione\" \/>\r\n<meta name=\"twitter:card\" content=\"summary_large_image\" \/>\r\n<meta name=\"twitter:label1\" content=\"Scritto da\" \/>\n\t<meta name=\"twitter:data1\" content=\"Redazione\" \/>\n\t<meta name=\"twitter:label2\" content=\"Tempo di lettura stimato\" \/>\n\t<meta name=\"twitter:data2\" content=\"2 minuti\" \/>\r\n<script type=\"application\/ld+json\" class=\"yoast-schema-graph\">{\"@context\":\"https:\\\/\\\/schema.org\",\"@graph\":[{\"@type\":\"Article\",\"@id\":\"https:\\\/\\\/www.castingnews.eu\\\/magazine\\\/2025\\\/07\\\/17\\\/tempi-supplementari-al-via-le-riprese-in-veneto-del-nuovo-film-con-giuseppe-zeno\\\/#article\",\"isPartOf\":{\"@id\":\"https:\\\/\\\/www.castingnews.eu\\\/magazine\\\/2025\\\/07\\\/17\\\/tempi-supplementari-al-via-le-riprese-in-veneto-del-nuovo-film-con-giuseppe-zeno\\\/\"},\"author\":{\"name\":\"Redazione\",\"@id\":\"https:\\\/\\\/www.castingnews.eu\\\/magazine\\\/#\\\/schema\\\/person\\\/099d71c568c9a7e5e4037b1594108f17\"},\"headline\":\"\u201cTempi supplementari\u201d: al via le riprese in Veneto del nuovo film con Giuseppe Zeno\",\"datePublished\":\"2025-07-17T18:52:08+00:00\",\"dateModified\":\"2025-07-17T18:52:12+00:00\",\"mainEntityOfPage\":{\"@id\":\"https:\\\/\\\/www.castingnews.eu\\\/magazine\\\/2025\\\/07\\\/17\\\/tempi-supplementari-al-via-le-riprese-in-veneto-del-nuovo-film-con-giuseppe-zeno\\\/\"},\"wordCount\":274,\"commentCount\":0,\"image\":{\"@id\":\"https:\\\/\\\/www.castingnews.eu\\\/magazine\\\/2025\\\/07\\\/17\\\/tempi-supplementari-al-via-le-riprese-in-veneto-del-nuovo-film-con-giuseppe-zeno\\\/#primaryimage\"},\"thumbnailUrl\":\"https:\\\/\\\/www.castingnews.eu\\\/magazine\\\/wp-content\\\/uploads\\\/2025\\\/07\\\/Giuseppe-Zeno.png\",\"keywords\":[\"Ago Panini\",\"Alvise Marascalchi\",\"Asiago\",\"Casting Magazine\",\"Casting News\",\"Clotilde Sabatino\",\"Feltre\",\"fiction italiana\",\"film sullo sport\",\"film televisivo\",\"Film Tv\",\"Giuseppe Zeno\",\"hockey su ghiaccio\",\"Pepito Produzioni\",\"produzione italiana\",\"riprese Veneto\",\"sceneggiatura Luca Monesi\",\"sceneggiatura Sara Cavosi\",\"storie di riscatto\",\"Tempi Supplementari\",\"Veneto film commission\"],\"articleSection\":[\"In primo piano\",\"Italia\",\"Primo piano\",\"Progetti cinematografici\",\"Veneto\"],\"inLanguage\":\"it-IT\",\"potentialAction\":[{\"@type\":\"CommentAction\",\"name\":\"Comment\",\"target\":[\"https:\\\/\\\/www.castingnews.eu\\\/magazine\\\/2025\\\/07\\\/17\\\/tempi-supplementari-al-via-le-riprese-in-veneto-del-nuovo-film-con-giuseppe-zeno\\\/#respond\"]}]},{\"@type\":\"WebPage\",\"@id\":\"https:\\\/\\\/www.castingnews.eu\\\/magazine\\\/2025\\\/07\\\/17\\\/tempi-supplementari-al-via-le-riprese-in-veneto-del-nuovo-film-con-giuseppe-zeno\\\/\",\"url\":\"https:\\\/\\\/www.castingnews.eu\\\/magazine\\\/2025\\\/07\\\/17\\\/tempi-supplementari-al-via-le-riprese-in-veneto-del-nuovo-film-con-giuseppe-zeno\\\/\",\"name\":\"\u201cTempi supplementari\u201d: al via le riprese in Veneto del nuovo film con Giuseppe Zeno - Casting News Magazine\",\"isPartOf\":{\"@id\":\"https:\\\/\\\/www.castingnews.eu\\\/magazine\\\/#website\"},\"primaryImageOfPage\":{\"@id\":\"https:\\\/\\\/www.castingnews.eu\\\/magazine\\\/2025\\\/07\\\/17\\\/tempi-supplementari-al-via-le-riprese-in-veneto-del-nuovo-film-con-giuseppe-zeno\\\/#primaryimage\"},\"image\":{\"@id\":\"https:\\\/\\\/www.castingnews.eu\\\/magazine\\\/2025\\\/07\\\/17\\\/tempi-supplementari-al-via-le-riprese-in-veneto-del-nuovo-film-con-giuseppe-zeno\\\/#primaryimage\"},\"thumbnailUrl\":\"https:\\\/\\\/www.castingnews.eu\\\/magazine\\\/wp-content\\\/uploads\\\/2025\\\/07\\\/Giuseppe-Zeno.png\",\"datePublished\":\"2025-07-17T18:52:08+00:00\",\"dateModified\":\"2025-07-17T18:52:12+00:00\",\"author\":{\"@id\":\"https:\\\/\\\/www.castingnews.eu\\\/magazine\\\/#\\\/schema\\\/person\\\/099d71c568c9a7e5e4037b1594108f17\"},\"description\":\"\u201cTempi supplementari\u201d \u00e8 il titolo del nuovo film tv con Giuseppe Zeno: un racconto di rinascita e legami familiari.\",\"breadcrumb\":{\"@id\":\"https:\\\/\\\/www.castingnews.eu\\\/magazine\\\/2025\\\/07\\\/17\\\/tempi-supplementari-al-via-le-riprese-in-veneto-del-nuovo-film-con-giuseppe-zeno\\\/#breadcrumb\"},\"inLanguage\":\"it-IT\",\"potentialAction\":[{\"@type\":\"ReadAction\",\"target\":[\"https:\\\/\\\/www.castingnews.eu\\\/magazine\\\/2025\\\/07\\\/17\\\/tempi-supplementari-al-via-le-riprese-in-veneto-del-nuovo-film-con-giuseppe-zeno\\\/\"]}]},{\"@type\":\"ImageObject\",\"inLanguage\":\"it-IT\",\"@id\":\"https:\\\/\\\/www.castingnews.eu\\\/magazine\\\/2025\\\/07\\\/17\\\/tempi-supplementari-al-via-le-riprese-in-veneto-del-nuovo-film-con-giuseppe-zeno\\\/#primaryimage\",\"url\":\"https:\\\/\\\/www.castingnews.eu\\\/magazine\\\/wp-content\\\/uploads\\\/2025\\\/07\\\/Giuseppe-Zeno.png\",\"contentUrl\":\"https:\\\/\\\/www.castingnews.eu\\\/magazine\\\/wp-content\\\/uploads\\\/2025\\\/07\\\/Giuseppe-Zeno.png\",\"width\":1200,\"height\":700,\"caption\":\"Giuseppe Zeno\"},{\"@type\":\"BreadcrumbList\",\"@id\":\"https:\\\/\\\/www.castingnews.eu\\\/magazine\\\/2025\\\/07\\\/17\\\/tempi-supplementari-al-via-le-riprese-in-veneto-del-nuovo-film-con-giuseppe-zeno\\\/#breadcrumb\",\"itemListElement\":[{\"@type\":\"ListItem\",\"position\":1,\"name\":\"Home\",\"item\":\"https:\\\/\\\/www.castingnews.eu\\\/magazine\\\/\"},{\"@type\":\"ListItem\",\"position\":2,\"name\":\"\u201cTempi supplementari\u201d: al via le riprese in Veneto del nuovo film con Giuseppe Zeno\"}]},{\"@type\":\"WebSite\",\"@id\":\"https:\\\/\\\/www.castingnews.eu\\\/magazine\\\/#website\",\"url\":\"https:\\\/\\\/www.castingnews.eu\\\/magazine\\\/\",\"name\":\"Casting News Magazine\",\"description\":\"News e aggiornamenti sui film, serie tv, teatro e festival italiani ed internazionali\",\"potentialAction\":[{\"@type\":\"SearchAction\",\"target\":{\"@type\":\"EntryPoint\",\"urlTemplate\":\"https:\\\/\\\/www.castingnews.eu\\\/magazine\\\/?s={search_term_string}\"},\"query-input\":{\"@type\":\"PropertyValueSpecification\",\"valueRequired\":true,\"valueName\":\"search_term_string\"}}],\"inLanguage\":\"it-IT\"},{\"@type\":\"Person\",\"@id\":\"https:\\\/\\\/www.castingnews.eu\\\/magazine\\\/#\\\/schema\\\/person\\\/099d71c568c9a7e5e4037b1594108f17\",\"name\":\"Redazione\",\"image\":{\"@type\":\"ImageObject\",\"inLanguage\":\"it-IT\",\"@id\":\"https:\\\/\\\/secure.gravatar.com\\\/avatar\\\/b73a087aa3bd279fb70d24f1960a91c82cf67619395b60b564c90e9e5d5325fc?s=96&d=mm&r=g\",\"url\":\"https:\\\/\\\/secure.gravatar.com\\\/avatar\\\/b73a087aa3bd279fb70d24f1960a91c82cf67619395b60b564c90e9e5d5325fc?s=96&d=mm&r=g\",\"contentUrl\":\"https:\\\/\\\/secure.gravatar.com\\\/avatar\\\/b73a087aa3bd279fb70d24f1960a91c82cf67619395b60b564c90e9e5d5325fc?s=96&d=mm&r=g\",\"caption\":\"Redazione\"},\"description\":\"News e aggiornamenti sui film, serie tv, teatro e festival italiani ed internazionali.\",\"url\":\"https:\\\/\\\/www.castingnews.eu\\\/magazine\\\/author\\\/redazione\\\/\"}]}<\/script>\r\n<!-- \/ Yoast SEO plugin. -->","yoast_head_json":{"title":"\u201cTempi supplementari\u201d: al via le riprese in Veneto del nuovo film con Giuseppe Zeno - Casting News Magazine","description":"\u201cTempi supplementari\u201d \u00e8 il titolo del nuovo film tv con Giuseppe Zeno: un racconto di rinascita e legami familiari.","robots":{"index":"index","follow":"follow","max-snippet":"max-snippet:-1","max-image-preview":"max-image-preview:large","max-video-preview":"max-video-preview:-1"},"canonical":"https:\/\/www.castingnews.eu\/magazine\/2025\/07\/17\/tempi-supplementari-al-via-le-riprese-in-veneto-del-nuovo-film-con-giuseppe-zeno\/","og_locale":"it_IT","og_type":"article","og_title":"\u201cTempi supplementari\u201d: al via le riprese in Veneto del nuovo film con Giuseppe Zeno - Casting News Magazine","og_description":"\u201cTempi supplementari\u201d \u00e8 il titolo del nuovo film tv con Giuseppe Zeno: un racconto di rinascita e legami familiari.","og_url":"https:\/\/www.castingnews.eu\/magazine\/2025\/07\/17\/tempi-supplementari-al-via-le-riprese-in-veneto-del-nuovo-film-con-giuseppe-zeno\/","og_site_name":"Casting News Magazine","article_published_time":"2025-07-17T18:52:08+00:00","article_modified_time":"2025-07-17T18:52:12+00:00","og_image":[{"width":1200,"height":700,"url":"https:\/\/www.castingnews.eu\/magazine\/wp-content\/uploads\/2025\/07\/Giuseppe-Zeno.png","type":"image\/png"}],"author":"Redazione","twitter_card":"summary_large_image","twitter_misc":{"Scritto da":"Redazione","Tempo di lettura stimato":"2 minuti"},"schema":{"@context":"https:\/\/schema.org","@graph":[{"@type":"Article","@id":"https:\/\/www.castingnews.eu\/magazine\/2025\/07\/17\/tempi-supplementari-al-via-le-riprese-in-veneto-del-nuovo-film-con-giuseppe-zeno\/#article","isPartOf":{"@id":"https:\/\/www.castingnews.eu\/magazine\/2025\/07\/17\/tempi-supplementari-al-via-le-riprese-in-veneto-del-nuovo-film-con-giuseppe-zeno\/"},"author":{"name":"Redazione","@id":"https:\/\/www.castingnews.eu\/magazine\/#\/schema\/person\/099d71c568c9a7e5e4037b1594108f17"},"headline":"\u201cTempi supplementari\u201d: al via le riprese in Veneto del nuovo film con Giuseppe Zeno","datePublished":"2025-07-17T18:52:08+00:00","dateModified":"2025-07-17T18:52:12+00:00","mainEntityOfPage":{"@id":"https:\/\/www.castingnews.eu\/magazine\/2025\/07\/17\/tempi-supplementari-al-via-le-riprese-in-veneto-del-nuovo-film-con-giuseppe-zeno\/"},"wordCount":274,"commentCount":0,"image":{"@id":"https:\/\/www.castingnews.eu\/magazine\/2025\/07\/17\/tempi-supplementari-al-via-le-riprese-in-veneto-del-nuovo-film-con-giuseppe-zeno\/#primaryimage"},"thumbnailUrl":"https:\/\/www.castingnews.eu\/magazine\/wp-content\/uploads\/2025\/07\/Giuseppe-Zeno.png","keywords":["Ago Panini","Alvise Marascalchi","Asiago","Casting Magazine","Casting News","Clotilde Sabatino","Feltre","fiction italiana","film sullo sport","film televisivo","Film Tv","Giuseppe Zeno","hockey su ghiaccio","Pepito Produzioni","produzione italiana","riprese Veneto","sceneggiatura Luca Monesi","sceneggiatura Sara Cavosi","storie di riscatto","Tempi Supplementari","Veneto film commission"],"articleSection":["In primo piano","Italia","Primo piano","Progetti cinematografici","Veneto"],"inLanguage":"it-IT","potentialAction":[{"@type":"CommentAction","name":"Comment","target":["https:\/\/www.castingnews.eu\/magazine\/2025\/07\/17\/tempi-supplementari-al-via-le-riprese-in-veneto-del-nuovo-film-con-giuseppe-zeno\/#respond"]}]},{"@type":"WebPage","@id":"https:\/\/www.castingnews.eu\/magazine\/2025\/07\/17\/tempi-supplementari-al-via-le-riprese-in-veneto-del-nuovo-film-con-giuseppe-zeno\/","url":"https:\/\/www.castingnews.eu\/magazine\/2025\/07\/17\/tempi-supplementari-al-via-le-riprese-in-veneto-del-nuovo-film-con-giuseppe-zeno\/","name":"\u201cTempi supplementari\u201d: al via le riprese in Veneto del nuovo film con Giuseppe Zeno - Casting News Magazine","isPartOf":{"@id":"https:\/\/www.castingnews.eu\/magazine\/#website"},"primaryImageOfPage":{"@id":"https:\/\/www.castingnews.eu\/magazine\/2025\/07\/17\/tempi-supplementari-al-via-le-riprese-in-veneto-del-nuovo-film-con-giuseppe-zeno\/#primaryimage"},"image":{"@id":"https:\/\/www.castingnews.eu\/magazine\/2025\/07\/17\/tempi-supplementari-al-via-le-riprese-in-veneto-del-nuovo-film-con-giuseppe-zeno\/#primaryimage"},"thumbnailUrl":"https:\/\/www.castingnews.eu\/magazine\/wp-content\/uploads\/2025\/07\/Giuseppe-Zeno.png","datePublished":"2025-07-17T18:52:08+00:00","dateModified":"2025-07-17T18:52:12+00:00","author":{"@id":"https:\/\/www.castingnews.eu\/magazine\/#\/schema\/person\/099d71c568c9a7e5e4037b1594108f17"},"description":"\u201cTempi supplementari\u201d \u00e8 il titolo del nuovo film tv con Giuseppe Zeno: un racconto di rinascita e legami familiari.","breadcrumb":{"@id":"https:\/\/www.castingnews.eu\/magazine\/2025\/07\/17\/tempi-supplementari-al-via-le-riprese-in-veneto-del-nuovo-film-con-giuseppe-zeno\/#breadcrumb"},"inLanguage":"it-IT","potentialAction":[{"@type":"ReadAction","target":["https:\/\/www.castingnews.eu\/magazine\/2025\/07\/17\/tempi-supplementari-al-via-le-riprese-in-veneto-del-nuovo-film-con-giuseppe-zeno\/"]}]},{"@type":"ImageObject","inLanguage":"it-IT","@id":"https:\/\/www.castingnews.eu\/magazine\/2025\/07\/17\/tempi-supplementari-al-via-le-riprese-in-veneto-del-nuovo-film-con-giuseppe-zeno\/#primaryimage","url":"https:\/\/www.castingnews.eu\/magazine\/wp-content\/uploads\/2025\/07\/Giuseppe-Zeno.png","contentUrl":"https:\/\/www.castingnews.eu\/magazine\/wp-content\/uploads\/2025\/07\/Giuseppe-Zeno.png","width":1200,"height":700,"caption":"Giuseppe Zeno"},{"@type":"BreadcrumbList","@id":"https:\/\/www.castingnews.eu\/magazine\/2025\/07\/17\/tempi-supplementari-al-via-le-riprese-in-veneto-del-nuovo-film-con-giuseppe-zeno\/#breadcrumb","itemListElement":[{"@type":"ListItem","position":1,"name":"Home","item":"https:\/\/www.castingnews.eu\/magazine\/"},{"@type":"ListItem","position":2,"name":"\u201cTempi supplementari\u201d: al via le riprese in Veneto del nuovo film con Giuseppe Zeno"}]},{"@type":"WebSite","@id":"https:\/\/www.castingnews.eu\/magazine\/#website","url":"https:\/\/www.castingnews.eu\/magazine\/","name":"Casting News Magazine","description":"News e aggiornamenti sui film, serie tv, teatro e festival italiani ed internazionali","potentialAction":[{"@type":"SearchAction","target":{"@type":"EntryPoint","urlTemplate":"https:\/\/www.castingnews.eu\/magazine\/?s={search_term_string}"},"query-input":{"@type":"PropertyValueSpecification","valueRequired":true,"valueName":"search_term_string"}}],"inLanguage":"it-IT"},{"@type":"Person","@id":"https:\/\/www.castingnews.eu\/magazine\/#\/schema\/person\/099d71c568c9a7e5e4037b1594108f17","name":"Redazione","image":{"@type":"ImageObject","inLanguage":"it-IT","@id":"https:\/\/secure.gravatar.com\/avatar\/b73a087aa3bd279fb70d24f1960a91c82cf67619395b60b564c90e9e5d5325fc?s=96&d=mm&r=g","url":"https:\/\/secure.gravatar.com\/avatar\/b73a087aa3bd279fb70d24f1960a91c82cf67619395b60b564c90e9e5d5325fc?s=96&d=mm&r=g","contentUrl":"https:\/\/secure.gravatar.com\/avatar\/b73a087aa3bd279fb70d24f1960a91c82cf67619395b60b564c90e9e5d5325fc?s=96&d=mm&r=g","caption":"Redazione"},"description":"News e aggiornamenti sui film, serie tv, teatro e festival italiani ed internazionali.","url":"https:\/\/www.castingnews.eu\/magazine\/author\/redazione\/"}]}},"_links":{"self":[{"href":"https:\/\/www.castingnews.eu\/magazine\/wp-json\/wp\/v2\/posts\/10555","targetHints":{"allow":["GET"]}}],"collection":[{"href":"https:\/\/www.castingnews.eu\/magazine\/wp-json\/wp\/v2\/posts"}],"about":[{"href":"https:\/\/www.castingnews.eu\/magazine\/wp-json\/wp\/v2\/types\/post"}],"author":[{"embeddable":true,"href":"https:\/\/www.castingnews.eu\/magazine\/wp-json\/wp\/v2\/users\/1"}],"replies":[{"embeddable":true,"href":"https:\/\/www.castingnews.eu\/magazine\/wp-json\/wp\/v2\/comments?post=10555"}],"version-history":[{"count":1,"href":"https:\/\/www.castingnews.eu\/magazine\/wp-json\/wp\/v2\/posts\/10555\/revisions"}],"predecessor-version":[{"id":10558,"href":"https:\/\/www.castingnews.eu\/magazine\/wp-json\/wp\/v2\/posts\/10555\/revisions\/10558"}],"wp:featuredmedia":[{"embeddable":true,"href":"https:\/\/www.castingnews.eu\/magazine\/wp-json\/wp\/v2\/media\/10556"}],"wp:attachment":[{"href":"https:\/\/www.castingnews.eu\/magazine\/wp-json\/wp\/v2\/media?parent=10555"}],"wp:term":[{"taxonomy":"category","embeddable":true,"href":"https:\/\/www.castingnews.eu\/magazine\/wp-json\/wp\/v2\/categories?post=10555"},{"taxonomy":"post_tag","embeddable":true,"href":"https:\/\/www.castingnews.eu\/magazine\/wp-json\/wp\/v2\/tags?post=10555"}],"curies":[{"name":"wp","href":"https:\/\/api.w.org\/{rel}","templated":true}]}}