{"id":10547,"date":"2025-07-15T19:15:36","date_gmt":"2025-07-15T17:15:36","guid":{"rendered":"https:\/\/www.castingnews.eu\/magazine\/?p=10547"},"modified":"2025-07-15T19:15:40","modified_gmt":"2025-07-15T17:15:40","slug":"arezzo-si-trasforma-in-set-per-la-nuova-serie-tedesca-targata-netflix-the-trap","status":"publish","type":"post","link":"https:\/\/www.castingnews.eu\/magazine\/2025\/07\/15\/arezzo-si-trasforma-in-set-per-la-nuova-serie-tedesca-targata-netflix-the-trap\/","title":{"rendered":"Arezzo si trasforma in set per la nuova serie tedesca targata Netflix: \u201cThe Trap\u201d"},"content":{"rendered":"\n<p>Dal 28 al 31 luglio, il centro storico di <strong>Arezzo <\/strong>accoglier\u00e0 la troupe della serie tedesca <strong><a href=\"https:\/\/www.castingnews.eu\/news\/news.asp?id_news=11975&amp;id_cat=2\" target=\"_blank\" rel=\"noreferrer noopener\">\u201cThe Trap\u201d<\/a><\/strong>, un nuovo progetto <strong>Netflix <\/strong>tratto dal romanzo di successo <em>Die Falle<\/em> di Melanie Raabe. Con circa cinquanta professionisti al lavoro tra via Borgunto, Piaggia San Bartolomeo, via Pescaia, le Logge Vasariane e piazza della Libert\u00e0, la citt\u00e0 toscana sar\u00e0 per alcuni giorni palcoscenico di un thriller psicologico a tinte internazionali.<\/p><div class=\"6d3639e8c6ac292cde400fad8ff8a5b9\" data-index=\"1\" style=\"float: none; margin:10px 0 10px 0; text-align:center;\">\n<script async src=\"\/\/pagead2.googlesyndication.com\/pagead\/js\/adsbygoogle.js\"><\/script>\r\n<!-- Casting Bambini NEW -->\r\n<ins class=\"adsbygoogle\"\r\n     style=\"display:inline-block;width:336px;height:280px\"\r\n     data-ad-client=\"ca-pub-5538097485429833\"\r\n     data-ad-slot=\"5127154445\"><\/ins>\r\n<script>\r\n(adsbygoogle = window.adsbygoogle || []).push({});\r\n<\/script>\n<\/div>\n\n\n\n\n<p>Al centro della trama, Lisa Konrad, interpretata da Friederike Becht: una scrittrice di fama che da oltre dieci anni vive in totale isolamento, segnata da un trauma devastante. Dopo aver assistito all\u2019omicidio della sorella, riconosce per caso il presunto assassino in TV. Da quel momento, decide di uscire di casa e organizzare una trappola, utilizzando s\u00e9 stessa come esca.<\/p>\n\n\n\n<p>Le riprese in Italia seguono quelle avviate in Germania lo scorso mese. La serie \u00e8 diretta da Isabel Kleefeld, che firma anche la produzione creativa. Dietro al progetto c\u2019\u00e8 Constantin Film, con Tom Spiess e Friederich Oetker alla produzione, mentre Oliver Berben \u00e8 produttore esecutivo.<\/p>\n\n\n\n<p><strong>Iscriviti alla\u00a0<a href=\"https:\/\/www.castingnewsletter.eu\/CastingNewsPro\/\" target=\"_blank\" rel=\"noreferrer noopener\">newsletter giornaliera<\/a>\u00a0di Casting News Professional per ricevere le ultime notizie sui casting aperti, provini e audizioni.<\/strong><\/p>\n\n<div style=\"font-size: 0px; height: 0px; line-height: 0px; margin: 0; padding: 0; clear: both;\"><\/div>","protected":false},"excerpt":{"rendered":"<p>Dal 28 al 31 luglio, il centro storico di Arezzo accoglier\u00e0 la troupe della serie tedesca \u201cThe Trap\u201d, un nuovo progetto Netflix tratto dal romanzo di successo Die Falle di Melanie Raabe. Con circa cinquanta professionisti al lavoro tra via Borgunto, Piaggia San Bartolomeo, via Pescaia, le Logge Vasariane e piazza della Libert\u00e0, la citt\u00e0 [&hellip;]<\/p>\n","protected":false},"author":1,"featured_media":10548,"comment_status":"open","ping_status":"open","sticky":false,"template":"","format":"standard","meta":{"tdm_status":"","tdm_grid_status":"","footnotes":""},"categories":[1462,70,1533,71,21,31,41,3967],"tags":[272,273,8273,8279,8272,7858,8271,8269,8267,8275,8280,8281,8277,8270,8278,8276,7588,7062,8274,8268,6928],"class_list":{"0":"post-10547","1":"post","2":"type-post","3":"status-publish","4":"format-standard","5":"has-post-thumbnail","7":"category-fiction-tv","8":"category-germania","9":"category-featured","10":"category-italia-paese","11":"category-in-primo-piano","12":"category-progetti-tv","13":"category-thriller","14":"category-toscana","15":"tag-casting-magazine","16":"tag-casting-news","17":"tag-citta-di-arezzo","18":"tag-constantin-film","19":"tag-fiction-internazionale","20":"tag-fiction-netflix","21":"tag-friederike-becht","22":"tag-isabel-kleefeld","23":"tag-melanie-raabe","24":"tag-miniserie-netflix","25":"tag-netflix-italia","26":"tag-nuova-serie-netflix","27":"tag-produzione-tedesca","28":"tag-riprese-arezzo","29":"tag-riprese-in-toscana","30":"tag-romanzo-die-falle","31":"tag-serie-netflix","32":"tag-serie-tv-2025","33":"tag-set-cinematografico-arezzo","34":"tag-the-trap","35":"tag-thriller-psicologico"},"yoast_head":"<!-- This site is optimized with the Yoast SEO plugin v27.4 - https:\/\/yoast.com\/product\/yoast-seo-wordpress\/ -->\r\n<title>Arezzo si trasforma in set per la nuova serie tedesca targata Netflix: \u201cThe Trap\u201d - Casting News Magazine<\/title>\r\n<meta name=\"description\" content=\"Arriva ad Arezzo il set di \u201cThe Trap\u201d, miniserie Netflix tratta da Die Falle. Riprese in citt\u00e0 tra fine luglio e luoghi storici.\" \/>\r\n<meta name=\"robots\" content=\"index, follow, max-snippet:-1, max-image-preview:large, max-video-preview:-1\" \/>\r\n<link rel=\"canonical\" href=\"https:\/\/www.castingnews.eu\/magazine\/2025\/07\/15\/arezzo-si-trasforma-in-set-per-la-nuova-serie-tedesca-targata-netflix-the-trap\/\" \/>\r\n<meta property=\"og:locale\" content=\"it_IT\" \/>\r\n<meta property=\"og:type\" content=\"article\" \/>\r\n<meta property=\"og:title\" content=\"Arezzo si trasforma in set per la nuova serie tedesca targata Netflix: \u201cThe Trap\u201d - Casting News Magazine\" \/>\r\n<meta property=\"og:description\" content=\"Arriva ad Arezzo il set di \u201cThe Trap\u201d, miniserie Netflix tratta da Die Falle. Riprese in citt\u00e0 tra fine luglio e luoghi storici.\" \/>\r\n<meta property=\"og:url\" content=\"https:\/\/www.castingnews.eu\/magazine\/2025\/07\/15\/arezzo-si-trasforma-in-set-per-la-nuova-serie-tedesca-targata-netflix-the-trap\/\" \/>\r\n<meta property=\"og:site_name\" content=\"Casting News Magazine\" \/>\r\n<meta property=\"article:published_time\" content=\"2025-07-15T17:15:36+00:00\" \/>\r\n<meta property=\"article:modified_time\" content=\"2025-07-15T17:15:40+00:00\" \/>\r\n<meta property=\"og:image\" content=\"https:\/\/www.castingnews.eu\/magazine\/wp-content\/uploads\/2025\/07\/ciak-riprese-serie-tv-casting-news.jpg\" \/>\r\n\t<meta property=\"og:image:width\" content=\"1200\" \/>\r\n\t<meta property=\"og:image:height\" content=\"670\" \/>\r\n\t<meta property=\"og:image:type\" content=\"image\/jpeg\" \/>\r\n<meta name=\"author\" content=\"Redazione\" \/>\r\n<meta name=\"twitter:card\" content=\"summary_large_image\" \/>\r\n<meta name=\"twitter:label1\" content=\"Scritto da\" \/>\n\t<meta name=\"twitter:data1\" content=\"Redazione\" \/>\n\t<meta name=\"twitter:label2\" content=\"Tempo di lettura stimato\" \/>\n\t<meta name=\"twitter:data2\" content=\"2 minuti\" \/>\r\n<script type=\"application\/ld+json\" class=\"yoast-schema-graph\">{\"@context\":\"https:\\\/\\\/schema.org\",\"@graph\":[{\"@type\":\"Article\",\"@id\":\"https:\\\/\\\/www.castingnews.eu\\\/magazine\\\/2025\\\/07\\\/15\\\/arezzo-si-trasforma-in-set-per-la-nuova-serie-tedesca-targata-netflix-the-trap\\\/#article\",\"isPartOf\":{\"@id\":\"https:\\\/\\\/www.castingnews.eu\\\/magazine\\\/2025\\\/07\\\/15\\\/arezzo-si-trasforma-in-set-per-la-nuova-serie-tedesca-targata-netflix-the-trap\\\/\"},\"author\":{\"name\":\"Redazione\",\"@id\":\"https:\\\/\\\/www.castingnews.eu\\\/magazine\\\/#\\\/schema\\\/person\\\/099d71c568c9a7e5e4037b1594108f17\"},\"headline\":\"Arezzo si trasforma in set per la nuova serie tedesca targata Netflix: \u201cThe Trap\u201d\",\"datePublished\":\"2025-07-15T17:15:36+00:00\",\"dateModified\":\"2025-07-15T17:15:40+00:00\",\"mainEntityOfPage\":{\"@id\":\"https:\\\/\\\/www.castingnews.eu\\\/magazine\\\/2025\\\/07\\\/15\\\/arezzo-si-trasforma-in-set-per-la-nuova-serie-tedesca-targata-netflix-the-trap\\\/\"},\"wordCount\":202,\"commentCount\":0,\"image\":{\"@id\":\"https:\\\/\\\/www.castingnews.eu\\\/magazine\\\/2025\\\/07\\\/15\\\/arezzo-si-trasforma-in-set-per-la-nuova-serie-tedesca-targata-netflix-the-trap\\\/#primaryimage\"},\"thumbnailUrl\":\"https:\\\/\\\/www.castingnews.eu\\\/magazine\\\/wp-content\\\/uploads\\\/2025\\\/07\\\/ciak-riprese-serie-tv-casting-news.jpg\",\"keywords\":[\"Casting Magazine\",\"Casting News\",\"citt\u00e0 di Arezzo\",\"Constantin Film\",\"fiction internazionale\",\"fiction Netflix\",\"Friederike Becht\",\"Isabel Kleefeld\",\"Melanie Raabe\",\"miniserie Netflix\",\"Netflix Italia\",\"nuova serie Netflix\",\"produzione tedesca\",\"riprese Arezzo\",\"riprese in Toscana\",\"romanzo Die Falle\",\"serie Netflix\",\"serie TV 2025\",\"set cinematografico Arezzo\",\"The Trap\",\"thriller psicologico\"],\"articleSection\":[\"Fiction TV\",\"Germania\",\"In primo piano\",\"Italia\",\"Primo piano\",\"Progetti TV\",\"Thriller\",\"Toscana\"],\"inLanguage\":\"it-IT\",\"potentialAction\":[{\"@type\":\"CommentAction\",\"name\":\"Comment\",\"target\":[\"https:\\\/\\\/www.castingnews.eu\\\/magazine\\\/2025\\\/07\\\/15\\\/arezzo-si-trasforma-in-set-per-la-nuova-serie-tedesca-targata-netflix-the-trap\\\/#respond\"]}]},{\"@type\":\"WebPage\",\"@id\":\"https:\\\/\\\/www.castingnews.eu\\\/magazine\\\/2025\\\/07\\\/15\\\/arezzo-si-trasforma-in-set-per-la-nuova-serie-tedesca-targata-netflix-the-trap\\\/\",\"url\":\"https:\\\/\\\/www.castingnews.eu\\\/magazine\\\/2025\\\/07\\\/15\\\/arezzo-si-trasforma-in-set-per-la-nuova-serie-tedesca-targata-netflix-the-trap\\\/\",\"name\":\"Arezzo si trasforma in set per la nuova serie tedesca targata Netflix: \u201cThe Trap\u201d - Casting News Magazine\",\"isPartOf\":{\"@id\":\"https:\\\/\\\/www.castingnews.eu\\\/magazine\\\/#website\"},\"primaryImageOfPage\":{\"@id\":\"https:\\\/\\\/www.castingnews.eu\\\/magazine\\\/2025\\\/07\\\/15\\\/arezzo-si-trasforma-in-set-per-la-nuova-serie-tedesca-targata-netflix-the-trap\\\/#primaryimage\"},\"image\":{\"@id\":\"https:\\\/\\\/www.castingnews.eu\\\/magazine\\\/2025\\\/07\\\/15\\\/arezzo-si-trasforma-in-set-per-la-nuova-serie-tedesca-targata-netflix-the-trap\\\/#primaryimage\"},\"thumbnailUrl\":\"https:\\\/\\\/www.castingnews.eu\\\/magazine\\\/wp-content\\\/uploads\\\/2025\\\/07\\\/ciak-riprese-serie-tv-casting-news.jpg\",\"datePublished\":\"2025-07-15T17:15:36+00:00\",\"dateModified\":\"2025-07-15T17:15:40+00:00\",\"author\":{\"@id\":\"https:\\\/\\\/www.castingnews.eu\\\/magazine\\\/#\\\/schema\\\/person\\\/099d71c568c9a7e5e4037b1594108f17\"},\"description\":\"Arriva ad Arezzo il set di \u201cThe Trap\u201d, miniserie Netflix tratta da Die Falle. Riprese in citt\u00e0 tra fine luglio e luoghi storici.\",\"breadcrumb\":{\"@id\":\"https:\\\/\\\/www.castingnews.eu\\\/magazine\\\/2025\\\/07\\\/15\\\/arezzo-si-trasforma-in-set-per-la-nuova-serie-tedesca-targata-netflix-the-trap\\\/#breadcrumb\"},\"inLanguage\":\"it-IT\",\"potentialAction\":[{\"@type\":\"ReadAction\",\"target\":[\"https:\\\/\\\/www.castingnews.eu\\\/magazine\\\/2025\\\/07\\\/15\\\/arezzo-si-trasforma-in-set-per-la-nuova-serie-tedesca-targata-netflix-the-trap\\\/\"]}]},{\"@type\":\"ImageObject\",\"inLanguage\":\"it-IT\",\"@id\":\"https:\\\/\\\/www.castingnews.eu\\\/magazine\\\/2025\\\/07\\\/15\\\/arezzo-si-trasforma-in-set-per-la-nuova-serie-tedesca-targata-netflix-the-trap\\\/#primaryimage\",\"url\":\"https:\\\/\\\/www.castingnews.eu\\\/magazine\\\/wp-content\\\/uploads\\\/2025\\\/07\\\/ciak-riprese-serie-tv-casting-news.jpg\",\"contentUrl\":\"https:\\\/\\\/www.castingnews.eu\\\/magazine\\\/wp-content\\\/uploads\\\/2025\\\/07\\\/ciak-riprese-serie-tv-casting-news.jpg\",\"width\":1200,\"height\":670,\"caption\":\"Arezzo ospita le riprese della serie \u201cThe Trap\u201d\"},{\"@type\":\"BreadcrumbList\",\"@id\":\"https:\\\/\\\/www.castingnews.eu\\\/magazine\\\/2025\\\/07\\\/15\\\/arezzo-si-trasforma-in-set-per-la-nuova-serie-tedesca-targata-netflix-the-trap\\\/#breadcrumb\",\"itemListElement\":[{\"@type\":\"ListItem\",\"position\":1,\"name\":\"Home\",\"item\":\"https:\\\/\\\/www.castingnews.eu\\\/magazine\\\/\"},{\"@type\":\"ListItem\",\"position\":2,\"name\":\"Arezzo si trasforma in set per la nuova serie tedesca targata Netflix: \u201cThe Trap\u201d\"}]},{\"@type\":\"WebSite\",\"@id\":\"https:\\\/\\\/www.castingnews.eu\\\/magazine\\\/#website\",\"url\":\"https:\\\/\\\/www.castingnews.eu\\\/magazine\\\/\",\"name\":\"Casting News Magazine\",\"description\":\"News e aggiornamenti sui film, serie tv, teatro e festival italiani ed internazionali\",\"potentialAction\":[{\"@type\":\"SearchAction\",\"target\":{\"@type\":\"EntryPoint\",\"urlTemplate\":\"https:\\\/\\\/www.castingnews.eu\\\/magazine\\\/?s={search_term_string}\"},\"query-input\":{\"@type\":\"PropertyValueSpecification\",\"valueRequired\":true,\"valueName\":\"search_term_string\"}}],\"inLanguage\":\"it-IT\"},{\"@type\":\"Person\",\"@id\":\"https:\\\/\\\/www.castingnews.eu\\\/magazine\\\/#\\\/schema\\\/person\\\/099d71c568c9a7e5e4037b1594108f17\",\"name\":\"Redazione\",\"image\":{\"@type\":\"ImageObject\",\"inLanguage\":\"it-IT\",\"@id\":\"https:\\\/\\\/secure.gravatar.com\\\/avatar\\\/b73a087aa3bd279fb70d24f1960a91c82cf67619395b60b564c90e9e5d5325fc?s=96&d=mm&r=g\",\"url\":\"https:\\\/\\\/secure.gravatar.com\\\/avatar\\\/b73a087aa3bd279fb70d24f1960a91c82cf67619395b60b564c90e9e5d5325fc?s=96&d=mm&r=g\",\"contentUrl\":\"https:\\\/\\\/secure.gravatar.com\\\/avatar\\\/b73a087aa3bd279fb70d24f1960a91c82cf67619395b60b564c90e9e5d5325fc?s=96&d=mm&r=g\",\"caption\":\"Redazione\"},\"description\":\"News e aggiornamenti sui film, serie tv, teatro e festival italiani ed internazionali.\",\"url\":\"https:\\\/\\\/www.castingnews.eu\\\/magazine\\\/author\\\/redazione\\\/\"}]}<\/script>\r\n<!-- \/ Yoast SEO plugin. -->","yoast_head_json":{"title":"Arezzo si trasforma in set per la nuova serie tedesca targata Netflix: \u201cThe Trap\u201d - Casting News Magazine","description":"Arriva ad Arezzo il set di \u201cThe Trap\u201d, miniserie Netflix tratta da Die Falle. Riprese in citt\u00e0 tra fine luglio e luoghi storici.","robots":{"index":"index","follow":"follow","max-snippet":"max-snippet:-1","max-image-preview":"max-image-preview:large","max-video-preview":"max-video-preview:-1"},"canonical":"https:\/\/www.castingnews.eu\/magazine\/2025\/07\/15\/arezzo-si-trasforma-in-set-per-la-nuova-serie-tedesca-targata-netflix-the-trap\/","og_locale":"it_IT","og_type":"article","og_title":"Arezzo si trasforma in set per la nuova serie tedesca targata Netflix: \u201cThe Trap\u201d - Casting News Magazine","og_description":"Arriva ad Arezzo il set di \u201cThe Trap\u201d, miniserie Netflix tratta da Die Falle. Riprese in citt\u00e0 tra fine luglio e luoghi storici.","og_url":"https:\/\/www.castingnews.eu\/magazine\/2025\/07\/15\/arezzo-si-trasforma-in-set-per-la-nuova-serie-tedesca-targata-netflix-the-trap\/","og_site_name":"Casting News Magazine","article_published_time":"2025-07-15T17:15:36+00:00","article_modified_time":"2025-07-15T17:15:40+00:00","og_image":[{"width":1200,"height":670,"url":"https:\/\/www.castingnews.eu\/magazine\/wp-content\/uploads\/2025\/07\/ciak-riprese-serie-tv-casting-news.jpg","type":"image\/jpeg"}],"author":"Redazione","twitter_card":"summary_large_image","twitter_misc":{"Scritto da":"Redazione","Tempo di lettura stimato":"2 minuti"},"schema":{"@context":"https:\/\/schema.org","@graph":[{"@type":"Article","@id":"https:\/\/www.castingnews.eu\/magazine\/2025\/07\/15\/arezzo-si-trasforma-in-set-per-la-nuova-serie-tedesca-targata-netflix-the-trap\/#article","isPartOf":{"@id":"https:\/\/www.castingnews.eu\/magazine\/2025\/07\/15\/arezzo-si-trasforma-in-set-per-la-nuova-serie-tedesca-targata-netflix-the-trap\/"},"author":{"name":"Redazione","@id":"https:\/\/www.castingnews.eu\/magazine\/#\/schema\/person\/099d71c568c9a7e5e4037b1594108f17"},"headline":"Arezzo si trasforma in set per la nuova serie tedesca targata Netflix: \u201cThe Trap\u201d","datePublished":"2025-07-15T17:15:36+00:00","dateModified":"2025-07-15T17:15:40+00:00","mainEntityOfPage":{"@id":"https:\/\/www.castingnews.eu\/magazine\/2025\/07\/15\/arezzo-si-trasforma-in-set-per-la-nuova-serie-tedesca-targata-netflix-the-trap\/"},"wordCount":202,"commentCount":0,"image":{"@id":"https:\/\/www.castingnews.eu\/magazine\/2025\/07\/15\/arezzo-si-trasforma-in-set-per-la-nuova-serie-tedesca-targata-netflix-the-trap\/#primaryimage"},"thumbnailUrl":"https:\/\/www.castingnews.eu\/magazine\/wp-content\/uploads\/2025\/07\/ciak-riprese-serie-tv-casting-news.jpg","keywords":["Casting Magazine","Casting News","citt\u00e0 di Arezzo","Constantin Film","fiction internazionale","fiction Netflix","Friederike Becht","Isabel Kleefeld","Melanie Raabe","miniserie Netflix","Netflix Italia","nuova serie Netflix","produzione tedesca","riprese Arezzo","riprese in Toscana","romanzo Die Falle","serie Netflix","serie TV 2025","set cinematografico Arezzo","The Trap","thriller psicologico"],"articleSection":["Fiction TV","Germania","In primo piano","Italia","Primo piano","Progetti TV","Thriller","Toscana"],"inLanguage":"it-IT","potentialAction":[{"@type":"CommentAction","name":"Comment","target":["https:\/\/www.castingnews.eu\/magazine\/2025\/07\/15\/arezzo-si-trasforma-in-set-per-la-nuova-serie-tedesca-targata-netflix-the-trap\/#respond"]}]},{"@type":"WebPage","@id":"https:\/\/www.castingnews.eu\/magazine\/2025\/07\/15\/arezzo-si-trasforma-in-set-per-la-nuova-serie-tedesca-targata-netflix-the-trap\/","url":"https:\/\/www.castingnews.eu\/magazine\/2025\/07\/15\/arezzo-si-trasforma-in-set-per-la-nuova-serie-tedesca-targata-netflix-the-trap\/","name":"Arezzo si trasforma in set per la nuova serie tedesca targata Netflix: \u201cThe Trap\u201d - Casting News Magazine","isPartOf":{"@id":"https:\/\/www.castingnews.eu\/magazine\/#website"},"primaryImageOfPage":{"@id":"https:\/\/www.castingnews.eu\/magazine\/2025\/07\/15\/arezzo-si-trasforma-in-set-per-la-nuova-serie-tedesca-targata-netflix-the-trap\/#primaryimage"},"image":{"@id":"https:\/\/www.castingnews.eu\/magazine\/2025\/07\/15\/arezzo-si-trasforma-in-set-per-la-nuova-serie-tedesca-targata-netflix-the-trap\/#primaryimage"},"thumbnailUrl":"https:\/\/www.castingnews.eu\/magazine\/wp-content\/uploads\/2025\/07\/ciak-riprese-serie-tv-casting-news.jpg","datePublished":"2025-07-15T17:15:36+00:00","dateModified":"2025-07-15T17:15:40+00:00","author":{"@id":"https:\/\/www.castingnews.eu\/magazine\/#\/schema\/person\/099d71c568c9a7e5e4037b1594108f17"},"description":"Arriva ad Arezzo il set di \u201cThe Trap\u201d, miniserie Netflix tratta da Die Falle. Riprese in citt\u00e0 tra fine luglio e luoghi storici.","breadcrumb":{"@id":"https:\/\/www.castingnews.eu\/magazine\/2025\/07\/15\/arezzo-si-trasforma-in-set-per-la-nuova-serie-tedesca-targata-netflix-the-trap\/#breadcrumb"},"inLanguage":"it-IT","potentialAction":[{"@type":"ReadAction","target":["https:\/\/www.castingnews.eu\/magazine\/2025\/07\/15\/arezzo-si-trasforma-in-set-per-la-nuova-serie-tedesca-targata-netflix-the-trap\/"]}]},{"@type":"ImageObject","inLanguage":"it-IT","@id":"https:\/\/www.castingnews.eu\/magazine\/2025\/07\/15\/arezzo-si-trasforma-in-set-per-la-nuova-serie-tedesca-targata-netflix-the-trap\/#primaryimage","url":"https:\/\/www.castingnews.eu\/magazine\/wp-content\/uploads\/2025\/07\/ciak-riprese-serie-tv-casting-news.jpg","contentUrl":"https:\/\/www.castingnews.eu\/magazine\/wp-content\/uploads\/2025\/07\/ciak-riprese-serie-tv-casting-news.jpg","width":1200,"height":670,"caption":"Arezzo ospita le riprese della serie \u201cThe Trap\u201d"},{"@type":"BreadcrumbList","@id":"https:\/\/www.castingnews.eu\/magazine\/2025\/07\/15\/arezzo-si-trasforma-in-set-per-la-nuova-serie-tedesca-targata-netflix-the-trap\/#breadcrumb","itemListElement":[{"@type":"ListItem","position":1,"name":"Home","item":"https:\/\/www.castingnews.eu\/magazine\/"},{"@type":"ListItem","position":2,"name":"Arezzo si trasforma in set per la nuova serie tedesca targata Netflix: \u201cThe Trap\u201d"}]},{"@type":"WebSite","@id":"https:\/\/www.castingnews.eu\/magazine\/#website","url":"https:\/\/www.castingnews.eu\/magazine\/","name":"Casting News Magazine","description":"News e aggiornamenti sui film, serie tv, teatro e festival italiani ed internazionali","potentialAction":[{"@type":"SearchAction","target":{"@type":"EntryPoint","urlTemplate":"https:\/\/www.castingnews.eu\/magazine\/?s={search_term_string}"},"query-input":{"@type":"PropertyValueSpecification","valueRequired":true,"valueName":"search_term_string"}}],"inLanguage":"it-IT"},{"@type":"Person","@id":"https:\/\/www.castingnews.eu\/magazine\/#\/schema\/person\/099d71c568c9a7e5e4037b1594108f17","name":"Redazione","image":{"@type":"ImageObject","inLanguage":"it-IT","@id":"https:\/\/secure.gravatar.com\/avatar\/b73a087aa3bd279fb70d24f1960a91c82cf67619395b60b564c90e9e5d5325fc?s=96&d=mm&r=g","url":"https:\/\/secure.gravatar.com\/avatar\/b73a087aa3bd279fb70d24f1960a91c82cf67619395b60b564c90e9e5d5325fc?s=96&d=mm&r=g","contentUrl":"https:\/\/secure.gravatar.com\/avatar\/b73a087aa3bd279fb70d24f1960a91c82cf67619395b60b564c90e9e5d5325fc?s=96&d=mm&r=g","caption":"Redazione"},"description":"News e aggiornamenti sui film, serie tv, teatro e festival italiani ed internazionali.","url":"https:\/\/www.castingnews.eu\/magazine\/author\/redazione\/"}]}},"_links":{"self":[{"href":"https:\/\/www.castingnews.eu\/magazine\/wp-json\/wp\/v2\/posts\/10547","targetHints":{"allow":["GET"]}}],"collection":[{"href":"https:\/\/www.castingnews.eu\/magazine\/wp-json\/wp\/v2\/posts"}],"about":[{"href":"https:\/\/www.castingnews.eu\/magazine\/wp-json\/wp\/v2\/types\/post"}],"author":[{"embeddable":true,"href":"https:\/\/www.castingnews.eu\/magazine\/wp-json\/wp\/v2\/users\/1"}],"replies":[{"embeddable":true,"href":"https:\/\/www.castingnews.eu\/magazine\/wp-json\/wp\/v2\/comments?post=10547"}],"version-history":[{"count":1,"href":"https:\/\/www.castingnews.eu\/magazine\/wp-json\/wp\/v2\/posts\/10547\/revisions"}],"predecessor-version":[{"id":10549,"href":"https:\/\/www.castingnews.eu\/magazine\/wp-json\/wp\/v2\/posts\/10547\/revisions\/10549"}],"wp:featuredmedia":[{"embeddable":true,"href":"https:\/\/www.castingnews.eu\/magazine\/wp-json\/wp\/v2\/media\/10548"}],"wp:attachment":[{"href":"https:\/\/www.castingnews.eu\/magazine\/wp-json\/wp\/v2\/media?parent=10547"}],"wp:term":[{"taxonomy":"category","embeddable":true,"href":"https:\/\/www.castingnews.eu\/magazine\/wp-json\/wp\/v2\/categories?post=10547"},{"taxonomy":"post_tag","embeddable":true,"href":"https:\/\/www.castingnews.eu\/magazine\/wp-json\/wp\/v2\/tags?post=10547"}],"curies":[{"name":"wp","href":"https:\/\/api.w.org\/{rel}","templated":true}]}}