{"id":10459,"date":"2025-07-05T12:08:41","date_gmt":"2025-07-05T10:08:41","guid":{"rendered":"https:\/\/www.castingnews.eu\/magazine\/?p=10459"},"modified":"2025-07-05T12:08:44","modified_gmt":"2025-07-05T10:08:44","slug":"gran-finale-allischia-film-festival-emozioni-premi-e-cinema-dautore","status":"publish","type":"post","link":"https:\/\/www.castingnews.eu\/magazine\/2025\/07\/05\/gran-finale-allischia-film-festival-emozioni-premi-e-cinema-dautore\/","title":{"rendered":"Gran finale all\u2019Ischia Film Festival: emozioni, premi e cinema d\u2019autore\u00a0"},"content":{"rendered":"\n<p><strong><em>Ischia, 5 luglio 2025<\/em><\/strong><em> \u2013 Cala il sipario sulla ventitreesima edizione dell\u2019Ischia Film Festival, diretto da Michelangelo Messina, che ancora una volta ha trasformato il Castello Aragonese in un suggestivo palcoscenico internazionale dedicato al cinema che racconta i luoghi.<br>Tra i momenti salienti della serata finale, la consegna dell\u2019<strong>Ischia Film Award<\/strong> a <strong>Celeste Dalla Porta<\/strong>, premiata come miglior attrice protagonista per la sua interpretazione in Parthenope di Paolo Sorrentino, \u201cper aver dato vita a un personaggio autentico e misurato, accompagnando il film con sensibilit\u00e0 e verit\u00e0\u201d.<\/em><\/p><div class=\"6d3639e8c6ac292cde400fad8ff8a5b9\" data-index=\"1\" style=\"float: none; margin:10px 0 10px 0; text-align:center;\">\n<script async src=\"\/\/pagead2.googlesyndication.com\/pagead\/js\/adsbygoogle.js\"><\/script>\r\n<!-- Casting Bambini NEW -->\r\n<ins class=\"adsbygoogle\"\r\n     style=\"display:inline-block;width:336px;height:280px\"\r\n     data-ad-client=\"ca-pub-5538097485429833\"\r\n     data-ad-slot=\"5127154445\"><\/ins>\r\n<script>\r\n(adsbygoogle = window.adsbygoogle || []).push({});\r\n<\/script>\n<\/div>\n\n\n\n\n<p><em>Lo stesso riconoscimento va a <strong>Marco Giallini<\/strong>, miglior attore protagonista per La citt\u00e0 proibita di Gabriele Mainetti, \u201cper la forza e l\u2019ironia con cui d\u00e0 corpo a un personaggio spiazzante, capace di raccontare la fragilit\u00e0 maschile senza clich\u00e9\u201d.<br>\u00abQuesta edizione ha portato a Ischia grandi ospiti, prestigiose anteprime e uno sguardo rivolto al futuro \u2013 ha commentato il direttore artistico Michelangelo Messina \u2013 confermando la vocazione internazionale del nostro progetto, senza mai perdere il legame con i luoghi e le storie che li abitano\u00bb.<\/em><\/p>\n\n\n\n<p>Annunciati, intanto, i vincitori delle diverse sezioni in concorso: la giuria composta da&nbsp;<strong>Simona Balducci<\/strong>,&nbsp;<strong>Anna Ammirati<\/strong>&nbsp;e&nbsp;<strong>Sandra Lipski<\/strong>&nbsp;ha assegnato l\u2019Ischia Film Award peril miglior lungometraggioa&nbsp;<em>Bauryna Salu<\/em>&nbsp;del regista kazako&nbsp;<strong>Askhat Kuchichirekov<\/strong>, al quale&nbsp;<strong>Treccani Esperienze<\/strong>, il progetto dell\u2019Istituto della Enciclopedia Italiana dedicata al turismo culturale, aggiunge un\u2019opera realizzata dall\u2019artista Luisa Lambri,&nbsp;<em>Untitled<\/em>&nbsp;(<em>Freeman House<\/em>) \u2013 edizione di 25 esemplari. Il premio per la miglior regia \u00e8 andato all&#8217;iraniano&nbsp;<strong>Amirhossein Saghafi<\/strong>&nbsp;per&nbsp;<em>For Love<\/em>, mentre quello per la miglior fotografia \u00e8 stato conferito al giapponese&nbsp;<strong>Tatsuya Yamada<\/strong>&nbsp;per&nbsp;<em>River Returns<\/em>. Il riconoscimento per la miglior scenografia \u00e8 stato attribuito al portoghese&nbsp;<strong>Ricardo Preto<\/strong>&nbsp;per&nbsp;<em>A Pedra Sonha dar Flor<\/em>.<\/p>\n\n\n\n<p>Nella sezione cortometraggi, la giuria formata da&nbsp;<strong>Davide Magnisi<\/strong>,&nbsp;<strong>Alessandro Negrini<\/strong>&nbsp;e&nbsp;<strong>Dominik Cicak<\/strong>&nbsp;ha premiato&nbsp;<strong>Ali Alizadeh<\/strong>&nbsp;per il corto iraniano&nbsp;<em>Recurrence<\/em>. Una menzione speciale \u00e8 andata, invece, alla regista estone&nbsp;<strong>Madli Laane&nbsp;<\/strong>per&nbsp;<em>Jungle Law<\/em>.<\/p>\n\n\n\n<p>Per la sezione Location Negata,&nbsp;<strong>BPER Banca&nbsp;<\/strong>consegna il premio al miglior lungometraggio&nbsp;<em>Journey to the Center<\/em>&nbsp;della regista&nbsp;<strong>Natalie Zimmermann<\/strong>, assegnato dalla giuria composta da&nbsp;<strong>Chiara Spagnoli Gabardi<\/strong>,<strong>&nbsp;Rainer Lipski&nbsp;<\/strong>e&nbsp;<strong>Daniele Orazi<\/strong>. La menzione speciale \u00e8 stata attribuita al documentario&nbsp;<em>Prison Beauty Contest<\/em>&nbsp;di&nbsp;<strong>Srdan \u0160arenac<\/strong>. Per la categoria cortometraggi il premio \u00e8 andato a&nbsp;<em>Ya Hanouni<\/em>&nbsp;di&nbsp;<strong>Lyna Tadount<\/strong>&nbsp;e&nbsp;<strong>Sofian Chouaib<\/strong>, con una menzione speciale a&nbsp;<em>Clear Sky<\/em>&nbsp;di&nbsp;<strong>Marcin Kundera<\/strong>.<\/p>\n\n\n\n<p>Questa nuova edizione \u00e8 stata impreziosita da un nuovo prestigioso riconoscimento: il&nbsp;<strong>Premio Italy for Movies<\/strong>&nbsp;a&nbsp;<strong>Enzo Sisti<\/strong>, storico produttore esecutivo che ha portato in Italia alcune delle pi\u00f9 grandi produzioni internazionali. Da menzionare anche il<strong>&nbsp;Foreign Award<\/strong>&nbsp;al regista&nbsp;<strong>Christopher Nolan<\/strong>, per aver ridefinito la grammatica della settima arte, elevando la location a struttura narrativa e concettuale; il&nbsp;<strong>Premio ViVeTech<\/strong>&nbsp;a&nbsp;<strong>Simona Balducci<\/strong>, capo delle costruzioni scenografiche di Cinecitt\u00e0, per il suo contributo all\u2019eccellenza produttiva del cinema italiano nel mondo.<\/p>\n\n\n\n<p>Nel corso della settimana, il festival ha ospitato grandi nomi del panorama cinematografico internazionale, tra cui la Premio Oscar&nbsp;<strong>Marcia Gay Harden,<\/strong>&nbsp;<strong>Luca Zingaretti<\/strong>,&nbsp;<strong>Anna Ammirati<\/strong>,&nbsp;<strong>Francesca Comencini<\/strong>&nbsp;e&nbsp;<strong>Luca Bigazzi<\/strong>,&nbsp;<strong>Toni Servillo<\/strong>&nbsp;e&nbsp;<strong>Roberto And\u00f2<\/strong>,&nbsp;<strong>Marco Giallini<\/strong>&nbsp;e&nbsp;<strong>Celeste Dalla Porta<\/strong>.<\/p>\n\n\n\n<p>Il festival si chiude, inoltre, con uno sguardo proiettato in avanti: a partire dalla prossima edizione nascer\u00e0 una nuova sezione dedicata al cinema d\u2019impresa, promossa da&nbsp;<strong>Bonacina 1889<\/strong>,&nbsp;<strong>Upskill 4.0<\/strong>&nbsp;e&nbsp;<strong>Stefano Micelli<\/strong>, con l\u2019obiettivo di valorizzare il legame tra impresa, cultura e linguaggio cinematografico.<\/p>\n\n\n\n<p>La ventitreesima edizione dell\u2019Ischia Film Festival si \u00e8 svolta dal 28 giugno al 5 luglio al Castello Aragonese d\u2019Ischia, diretta da Michelangelo Messina e sostenuta da: MiC &#8211; Direzione Generale Cinema e audiovisivo, Regione Campania &#8211; Film Commission Regione Campania, BONACINA, BPER Banca, TRECCANI Esperienze, ViVeTech.<\/p>\n\n\n\n<p><strong>Iscriviti alla\u00a0<a href=\"https:\/\/www.castingnewsletter.eu\/CastingNewsPro\/\" target=\"_blank\" rel=\"noreferrer noopener\">newsletter giornaliera<\/a>\u00a0di Casting News Professional per ricevere le ultime notizie sui casting aperti, provini e audizioni.<\/strong><\/p>\n\n<div style=\"font-size: 0px; height: 0px; line-height: 0px; margin: 0; padding: 0; clear: both;\"><\/div>","protected":false},"excerpt":{"rendered":"<p>Ischia, 5 luglio 2025 \u2013 Cala il sipario sulla ventitreesima edizione dell\u2019Ischia Film Festival, diretto da Michelangelo Messina, che ancora una volta ha trasformato il Castello Aragonese in un suggestivo palcoscenico internazionale dedicato al cinema che racconta i luoghi.Tra i momenti salienti della serata finale, la consegna dell\u2019Ischia Film Award a Celeste Dalla Porta, premiata [&hellip;]<\/p>\n","protected":false},"author":1,"featured_media":10460,"comment_status":"open","ping_status":"open","sticky":false,"template":"","format":"standard","meta":{"tdm_status":"","tdm_grid_status":"","footnotes":""},"categories":[3955,11,1533,71,21],"tags":[7922,272,273,8147,1985,8085,518,8146,7901,8145,2194,2327,4807,7162],"class_list":{"0":"post-10459","1":"post","2":"type-post","3":"status-publish","4":"format-standard","5":"has-post-thumbnail","7":"category-campania","8":"category-festival","9":"category-featured","10":"category-italia-paese","11":"category-in-primo-piano","12":"tag-castello-aragonese","13":"tag-casting-magazine","14":"tag-casting-news","15":"tag-celeste-dalla-porta","16":"tag-cinema-italiano","17":"tag-eventi-culturali","18":"tag-festival-del-cinema","19":"tag-ischia-2025","20":"tag-ischia-film-festival","21":"tag-la-citta-proibita","22":"tag-marco-giallini","23":"tag-paolo-sorrentino","24":"tag-parthenope","25":"tag-premi-cinematografici"},"yoast_head":"<!-- This site is optimized with the Yoast SEO plugin v27.4 - https:\/\/yoast.com\/product\/yoast-seo-wordpress\/ -->\r\n<title>Gran finale all\u2019Ischia Film Festival: emozioni, premi e cinema d\u2019autore\u00a0 - Casting News Magazine<\/title>\r\n<meta name=\"description\" content=\"Gran finale per la 23\u00aa edizione dell\u2019Ischia Film Festival. Premi a Celeste Dalla Porta (Parthenope) e Marco Giallini (La citt\u00e0 proibita).\" \/>\r\n<meta name=\"robots\" content=\"index, follow, max-snippet:-1, max-image-preview:large, max-video-preview:-1\" \/>\r\n<link rel=\"canonical\" href=\"https:\/\/www.castingnews.eu\/magazine\/2025\/07\/05\/gran-finale-allischia-film-festival-emozioni-premi-e-cinema-dautore\/\" \/>\r\n<meta property=\"og:locale\" content=\"it_IT\" \/>\r\n<meta property=\"og:type\" content=\"article\" \/>\r\n<meta property=\"og:title\" content=\"Gran finale all\u2019Ischia Film Festival: emozioni, premi e cinema d\u2019autore\u00a0 - Casting News Magazine\" \/>\r\n<meta property=\"og:description\" content=\"Gran finale per la 23\u00aa edizione dell\u2019Ischia Film Festival. Premi a Celeste Dalla Porta (Parthenope) e Marco Giallini (La citt\u00e0 proibita).\" \/>\r\n<meta property=\"og:url\" content=\"https:\/\/www.castingnews.eu\/magazine\/2025\/07\/05\/gran-finale-allischia-film-festival-emozioni-premi-e-cinema-dautore\/\" \/>\r\n<meta property=\"og:site_name\" content=\"Casting News Magazine\" \/>\r\n<meta property=\"article:published_time\" content=\"2025-07-05T10:08:41+00:00\" \/>\r\n<meta property=\"article:modified_time\" content=\"2025-07-05T10:08:44+00:00\" \/>\r\n<meta property=\"og:image\" content=\"https:\/\/www.castingnews.eu\/magazine\/wp-content\/uploads\/2025\/07\/Marco-Giallini_Ischia-Film-Festival-2025-Foto-di-Francesca-Pradella.jpg\" \/>\r\n\t<meta property=\"og:image:width\" content=\"1400\" \/>\r\n\t<meta property=\"og:image:height\" content=\"933\" \/>\r\n\t<meta property=\"og:image:type\" content=\"image\/jpeg\" \/>\r\n<meta name=\"author\" content=\"Redazione\" \/>\r\n<meta name=\"twitter:card\" content=\"summary_large_image\" \/>\r\n<meta name=\"twitter:label1\" content=\"Scritto da\" \/>\n\t<meta name=\"twitter:data1\" content=\"Redazione\" \/>\n\t<meta name=\"twitter:label2\" content=\"Tempo di lettura stimato\" \/>\n\t<meta name=\"twitter:data2\" content=\"4 minuti\" \/>\r\n<script type=\"application\/ld+json\" class=\"yoast-schema-graph\">{\"@context\":\"https:\\\/\\\/schema.org\",\"@graph\":[{\"@type\":\"Article\",\"@id\":\"https:\\\/\\\/www.castingnews.eu\\\/magazine\\\/2025\\\/07\\\/05\\\/gran-finale-allischia-film-festival-emozioni-premi-e-cinema-dautore\\\/#article\",\"isPartOf\":{\"@id\":\"https:\\\/\\\/www.castingnews.eu\\\/magazine\\\/2025\\\/07\\\/05\\\/gran-finale-allischia-film-festival-emozioni-premi-e-cinema-dautore\\\/\"},\"author\":{\"name\":\"Redazione\",\"@id\":\"https:\\\/\\\/www.castingnews.eu\\\/magazine\\\/#\\\/schema\\\/person\\\/099d71c568c9a7e5e4037b1594108f17\"},\"headline\":\"Gran finale all\u2019Ischia Film Festival: emozioni, premi e cinema d\u2019autore\u00a0\",\"datePublished\":\"2025-07-05T10:08:41+00:00\",\"dateModified\":\"2025-07-05T10:08:44+00:00\",\"mainEntityOfPage\":{\"@id\":\"https:\\\/\\\/www.castingnews.eu\\\/magazine\\\/2025\\\/07\\\/05\\\/gran-finale-allischia-film-festival-emozioni-premi-e-cinema-dautore\\\/\"},\"wordCount\":710,\"commentCount\":0,\"image\":{\"@id\":\"https:\\\/\\\/www.castingnews.eu\\\/magazine\\\/2025\\\/07\\\/05\\\/gran-finale-allischia-film-festival-emozioni-premi-e-cinema-dautore\\\/#primaryimage\"},\"thumbnailUrl\":\"https:\\\/\\\/www.castingnews.eu\\\/magazine\\\/wp-content\\\/uploads\\\/2025\\\/07\\\/Marco-Giallini_Ischia-Film-Festival-2025-Foto-di-Francesca-Pradella.jpg\",\"keywords\":[\"Castello Aragonese\",\"Casting Magazine\",\"Casting News\",\"Celeste Dalla Porta\",\"Cinema Italiano\",\"eventi culturali\",\"Festival del cinema\",\"Ischia 2025\",\"Ischia Film Festival\",\"La citt\u00e0 proibita\",\"Marco Giallini\",\"Paolo Sorrentino\",\"Parthenope\",\"premi cinematografici\"],\"articleSection\":[\"Campania\",\"Festival\",\"In primo piano\",\"Italia\",\"Primo piano\"],\"inLanguage\":\"it-IT\",\"potentialAction\":[{\"@type\":\"CommentAction\",\"name\":\"Comment\",\"target\":[\"https:\\\/\\\/www.castingnews.eu\\\/magazine\\\/2025\\\/07\\\/05\\\/gran-finale-allischia-film-festival-emozioni-premi-e-cinema-dautore\\\/#respond\"]}]},{\"@type\":\"WebPage\",\"@id\":\"https:\\\/\\\/www.castingnews.eu\\\/magazine\\\/2025\\\/07\\\/05\\\/gran-finale-allischia-film-festival-emozioni-premi-e-cinema-dautore\\\/\",\"url\":\"https:\\\/\\\/www.castingnews.eu\\\/magazine\\\/2025\\\/07\\\/05\\\/gran-finale-allischia-film-festival-emozioni-premi-e-cinema-dautore\\\/\",\"name\":\"Gran finale all\u2019Ischia Film Festival: emozioni, premi e cinema d\u2019autore\u00a0 - Casting News Magazine\",\"isPartOf\":{\"@id\":\"https:\\\/\\\/www.castingnews.eu\\\/magazine\\\/#website\"},\"primaryImageOfPage\":{\"@id\":\"https:\\\/\\\/www.castingnews.eu\\\/magazine\\\/2025\\\/07\\\/05\\\/gran-finale-allischia-film-festival-emozioni-premi-e-cinema-dautore\\\/#primaryimage\"},\"image\":{\"@id\":\"https:\\\/\\\/www.castingnews.eu\\\/magazine\\\/2025\\\/07\\\/05\\\/gran-finale-allischia-film-festival-emozioni-premi-e-cinema-dautore\\\/#primaryimage\"},\"thumbnailUrl\":\"https:\\\/\\\/www.castingnews.eu\\\/magazine\\\/wp-content\\\/uploads\\\/2025\\\/07\\\/Marco-Giallini_Ischia-Film-Festival-2025-Foto-di-Francesca-Pradella.jpg\",\"datePublished\":\"2025-07-05T10:08:41+00:00\",\"dateModified\":\"2025-07-05T10:08:44+00:00\",\"author\":{\"@id\":\"https:\\\/\\\/www.castingnews.eu\\\/magazine\\\/#\\\/schema\\\/person\\\/099d71c568c9a7e5e4037b1594108f17\"},\"description\":\"Gran finale per la 23\u00aa edizione dell\u2019Ischia Film Festival. Premi a Celeste Dalla Porta (Parthenope) e Marco Giallini (La citt\u00e0 proibita).\",\"breadcrumb\":{\"@id\":\"https:\\\/\\\/www.castingnews.eu\\\/magazine\\\/2025\\\/07\\\/05\\\/gran-finale-allischia-film-festival-emozioni-premi-e-cinema-dautore\\\/#breadcrumb\"},\"inLanguage\":\"it-IT\",\"potentialAction\":[{\"@type\":\"ReadAction\",\"target\":[\"https:\\\/\\\/www.castingnews.eu\\\/magazine\\\/2025\\\/07\\\/05\\\/gran-finale-allischia-film-festival-emozioni-premi-e-cinema-dautore\\\/\"]}]},{\"@type\":\"ImageObject\",\"inLanguage\":\"it-IT\",\"@id\":\"https:\\\/\\\/www.castingnews.eu\\\/magazine\\\/2025\\\/07\\\/05\\\/gran-finale-allischia-film-festival-emozioni-premi-e-cinema-dautore\\\/#primaryimage\",\"url\":\"https:\\\/\\\/www.castingnews.eu\\\/magazine\\\/wp-content\\\/uploads\\\/2025\\\/07\\\/Marco-Giallini_Ischia-Film-Festival-2025-Foto-di-Francesca-Pradella.jpg\",\"contentUrl\":\"https:\\\/\\\/www.castingnews.eu\\\/magazine\\\/wp-content\\\/uploads\\\/2025\\\/07\\\/Marco-Giallini_Ischia-Film-Festival-2025-Foto-di-Francesca-Pradella.jpg\",\"width\":1400,\"height\":933,\"caption\":\"Marco Giallini (Ischia Film Festival 2025) - \u00a9 Foto di Francesca Pradella\"},{\"@type\":\"BreadcrumbList\",\"@id\":\"https:\\\/\\\/www.castingnews.eu\\\/magazine\\\/2025\\\/07\\\/05\\\/gran-finale-allischia-film-festival-emozioni-premi-e-cinema-dautore\\\/#breadcrumb\",\"itemListElement\":[{\"@type\":\"ListItem\",\"position\":1,\"name\":\"Home\",\"item\":\"https:\\\/\\\/www.castingnews.eu\\\/magazine\\\/\"},{\"@type\":\"ListItem\",\"position\":2,\"name\":\"Gran finale all\u2019Ischia Film Festival: emozioni, premi e cinema d\u2019autore\u00a0\"}]},{\"@type\":\"WebSite\",\"@id\":\"https:\\\/\\\/www.castingnews.eu\\\/magazine\\\/#website\",\"url\":\"https:\\\/\\\/www.castingnews.eu\\\/magazine\\\/\",\"name\":\"Casting News Magazine\",\"description\":\"News e aggiornamenti sui film, serie tv, teatro e festival italiani ed internazionali\",\"potentialAction\":[{\"@type\":\"SearchAction\",\"target\":{\"@type\":\"EntryPoint\",\"urlTemplate\":\"https:\\\/\\\/www.castingnews.eu\\\/magazine\\\/?s={search_term_string}\"},\"query-input\":{\"@type\":\"PropertyValueSpecification\",\"valueRequired\":true,\"valueName\":\"search_term_string\"}}],\"inLanguage\":\"it-IT\"},{\"@type\":\"Person\",\"@id\":\"https:\\\/\\\/www.castingnews.eu\\\/magazine\\\/#\\\/schema\\\/person\\\/099d71c568c9a7e5e4037b1594108f17\",\"name\":\"Redazione\",\"image\":{\"@type\":\"ImageObject\",\"inLanguage\":\"it-IT\",\"@id\":\"https:\\\/\\\/secure.gravatar.com\\\/avatar\\\/b73a087aa3bd279fb70d24f1960a91c82cf67619395b60b564c90e9e5d5325fc?s=96&d=mm&r=g\",\"url\":\"https:\\\/\\\/secure.gravatar.com\\\/avatar\\\/b73a087aa3bd279fb70d24f1960a91c82cf67619395b60b564c90e9e5d5325fc?s=96&d=mm&r=g\",\"contentUrl\":\"https:\\\/\\\/secure.gravatar.com\\\/avatar\\\/b73a087aa3bd279fb70d24f1960a91c82cf67619395b60b564c90e9e5d5325fc?s=96&d=mm&r=g\",\"caption\":\"Redazione\"},\"description\":\"News e aggiornamenti sui film, serie tv, teatro e festival italiani ed internazionali.\",\"url\":\"https:\\\/\\\/www.castingnews.eu\\\/magazine\\\/author\\\/redazione\\\/\"}]}<\/script>\r\n<!-- \/ Yoast SEO plugin. -->","yoast_head_json":{"title":"Gran finale all\u2019Ischia Film Festival: emozioni, premi e cinema d\u2019autore\u00a0 - Casting News Magazine","description":"Gran finale per la 23\u00aa edizione dell\u2019Ischia Film Festival. Premi a Celeste Dalla Porta (Parthenope) e Marco Giallini (La citt\u00e0 proibita).","robots":{"index":"index","follow":"follow","max-snippet":"max-snippet:-1","max-image-preview":"max-image-preview:large","max-video-preview":"max-video-preview:-1"},"canonical":"https:\/\/www.castingnews.eu\/magazine\/2025\/07\/05\/gran-finale-allischia-film-festival-emozioni-premi-e-cinema-dautore\/","og_locale":"it_IT","og_type":"article","og_title":"Gran finale all\u2019Ischia Film Festival: emozioni, premi e cinema d\u2019autore\u00a0 - Casting News Magazine","og_description":"Gran finale per la 23\u00aa edizione dell\u2019Ischia Film Festival. Premi a Celeste Dalla Porta (Parthenope) e Marco Giallini (La citt\u00e0 proibita).","og_url":"https:\/\/www.castingnews.eu\/magazine\/2025\/07\/05\/gran-finale-allischia-film-festival-emozioni-premi-e-cinema-dautore\/","og_site_name":"Casting News Magazine","article_published_time":"2025-07-05T10:08:41+00:00","article_modified_time":"2025-07-05T10:08:44+00:00","og_image":[{"width":1400,"height":933,"url":"https:\/\/www.castingnews.eu\/magazine\/wp-content\/uploads\/2025\/07\/Marco-Giallini_Ischia-Film-Festival-2025-Foto-di-Francesca-Pradella.jpg","type":"image\/jpeg"}],"author":"Redazione","twitter_card":"summary_large_image","twitter_misc":{"Scritto da":"Redazione","Tempo di lettura stimato":"4 minuti"},"schema":{"@context":"https:\/\/schema.org","@graph":[{"@type":"Article","@id":"https:\/\/www.castingnews.eu\/magazine\/2025\/07\/05\/gran-finale-allischia-film-festival-emozioni-premi-e-cinema-dautore\/#article","isPartOf":{"@id":"https:\/\/www.castingnews.eu\/magazine\/2025\/07\/05\/gran-finale-allischia-film-festival-emozioni-premi-e-cinema-dautore\/"},"author":{"name":"Redazione","@id":"https:\/\/www.castingnews.eu\/magazine\/#\/schema\/person\/099d71c568c9a7e5e4037b1594108f17"},"headline":"Gran finale all\u2019Ischia Film Festival: emozioni, premi e cinema d\u2019autore\u00a0","datePublished":"2025-07-05T10:08:41+00:00","dateModified":"2025-07-05T10:08:44+00:00","mainEntityOfPage":{"@id":"https:\/\/www.castingnews.eu\/magazine\/2025\/07\/05\/gran-finale-allischia-film-festival-emozioni-premi-e-cinema-dautore\/"},"wordCount":710,"commentCount":0,"image":{"@id":"https:\/\/www.castingnews.eu\/magazine\/2025\/07\/05\/gran-finale-allischia-film-festival-emozioni-premi-e-cinema-dautore\/#primaryimage"},"thumbnailUrl":"https:\/\/www.castingnews.eu\/magazine\/wp-content\/uploads\/2025\/07\/Marco-Giallini_Ischia-Film-Festival-2025-Foto-di-Francesca-Pradella.jpg","keywords":["Castello Aragonese","Casting Magazine","Casting News","Celeste Dalla Porta","Cinema Italiano","eventi culturali","Festival del cinema","Ischia 2025","Ischia Film Festival","La citt\u00e0 proibita","Marco Giallini","Paolo Sorrentino","Parthenope","premi cinematografici"],"articleSection":["Campania","Festival","In primo piano","Italia","Primo piano"],"inLanguage":"it-IT","potentialAction":[{"@type":"CommentAction","name":"Comment","target":["https:\/\/www.castingnews.eu\/magazine\/2025\/07\/05\/gran-finale-allischia-film-festival-emozioni-premi-e-cinema-dautore\/#respond"]}]},{"@type":"WebPage","@id":"https:\/\/www.castingnews.eu\/magazine\/2025\/07\/05\/gran-finale-allischia-film-festival-emozioni-premi-e-cinema-dautore\/","url":"https:\/\/www.castingnews.eu\/magazine\/2025\/07\/05\/gran-finale-allischia-film-festival-emozioni-premi-e-cinema-dautore\/","name":"Gran finale all\u2019Ischia Film Festival: emozioni, premi e cinema d\u2019autore\u00a0 - Casting News Magazine","isPartOf":{"@id":"https:\/\/www.castingnews.eu\/magazine\/#website"},"primaryImageOfPage":{"@id":"https:\/\/www.castingnews.eu\/magazine\/2025\/07\/05\/gran-finale-allischia-film-festival-emozioni-premi-e-cinema-dautore\/#primaryimage"},"image":{"@id":"https:\/\/www.castingnews.eu\/magazine\/2025\/07\/05\/gran-finale-allischia-film-festival-emozioni-premi-e-cinema-dautore\/#primaryimage"},"thumbnailUrl":"https:\/\/www.castingnews.eu\/magazine\/wp-content\/uploads\/2025\/07\/Marco-Giallini_Ischia-Film-Festival-2025-Foto-di-Francesca-Pradella.jpg","datePublished":"2025-07-05T10:08:41+00:00","dateModified":"2025-07-05T10:08:44+00:00","author":{"@id":"https:\/\/www.castingnews.eu\/magazine\/#\/schema\/person\/099d71c568c9a7e5e4037b1594108f17"},"description":"Gran finale per la 23\u00aa edizione dell\u2019Ischia Film Festival. Premi a Celeste Dalla Porta (Parthenope) e Marco Giallini (La citt\u00e0 proibita).","breadcrumb":{"@id":"https:\/\/www.castingnews.eu\/magazine\/2025\/07\/05\/gran-finale-allischia-film-festival-emozioni-premi-e-cinema-dautore\/#breadcrumb"},"inLanguage":"it-IT","potentialAction":[{"@type":"ReadAction","target":["https:\/\/www.castingnews.eu\/magazine\/2025\/07\/05\/gran-finale-allischia-film-festival-emozioni-premi-e-cinema-dautore\/"]}]},{"@type":"ImageObject","inLanguage":"it-IT","@id":"https:\/\/www.castingnews.eu\/magazine\/2025\/07\/05\/gran-finale-allischia-film-festival-emozioni-premi-e-cinema-dautore\/#primaryimage","url":"https:\/\/www.castingnews.eu\/magazine\/wp-content\/uploads\/2025\/07\/Marco-Giallini_Ischia-Film-Festival-2025-Foto-di-Francesca-Pradella.jpg","contentUrl":"https:\/\/www.castingnews.eu\/magazine\/wp-content\/uploads\/2025\/07\/Marco-Giallini_Ischia-Film-Festival-2025-Foto-di-Francesca-Pradella.jpg","width":1400,"height":933,"caption":"Marco Giallini (Ischia Film Festival 2025) - \u00a9 Foto di Francesca Pradella"},{"@type":"BreadcrumbList","@id":"https:\/\/www.castingnews.eu\/magazine\/2025\/07\/05\/gran-finale-allischia-film-festival-emozioni-premi-e-cinema-dautore\/#breadcrumb","itemListElement":[{"@type":"ListItem","position":1,"name":"Home","item":"https:\/\/www.castingnews.eu\/magazine\/"},{"@type":"ListItem","position":2,"name":"Gran finale all\u2019Ischia Film Festival: emozioni, premi e cinema d\u2019autore\u00a0"}]},{"@type":"WebSite","@id":"https:\/\/www.castingnews.eu\/magazine\/#website","url":"https:\/\/www.castingnews.eu\/magazine\/","name":"Casting News Magazine","description":"News e aggiornamenti sui film, serie tv, teatro e festival italiani ed internazionali","potentialAction":[{"@type":"SearchAction","target":{"@type":"EntryPoint","urlTemplate":"https:\/\/www.castingnews.eu\/magazine\/?s={search_term_string}"},"query-input":{"@type":"PropertyValueSpecification","valueRequired":true,"valueName":"search_term_string"}}],"inLanguage":"it-IT"},{"@type":"Person","@id":"https:\/\/www.castingnews.eu\/magazine\/#\/schema\/person\/099d71c568c9a7e5e4037b1594108f17","name":"Redazione","image":{"@type":"ImageObject","inLanguage":"it-IT","@id":"https:\/\/secure.gravatar.com\/avatar\/b73a087aa3bd279fb70d24f1960a91c82cf67619395b60b564c90e9e5d5325fc?s=96&d=mm&r=g","url":"https:\/\/secure.gravatar.com\/avatar\/b73a087aa3bd279fb70d24f1960a91c82cf67619395b60b564c90e9e5d5325fc?s=96&d=mm&r=g","contentUrl":"https:\/\/secure.gravatar.com\/avatar\/b73a087aa3bd279fb70d24f1960a91c82cf67619395b60b564c90e9e5d5325fc?s=96&d=mm&r=g","caption":"Redazione"},"description":"News e aggiornamenti sui film, serie tv, teatro e festival italiani ed internazionali.","url":"https:\/\/www.castingnews.eu\/magazine\/author\/redazione\/"}]}},"_links":{"self":[{"href":"https:\/\/www.castingnews.eu\/magazine\/wp-json\/wp\/v2\/posts\/10459","targetHints":{"allow":["GET"]}}],"collection":[{"href":"https:\/\/www.castingnews.eu\/magazine\/wp-json\/wp\/v2\/posts"}],"about":[{"href":"https:\/\/www.castingnews.eu\/magazine\/wp-json\/wp\/v2\/types\/post"}],"author":[{"embeddable":true,"href":"https:\/\/www.castingnews.eu\/magazine\/wp-json\/wp\/v2\/users\/1"}],"replies":[{"embeddable":true,"href":"https:\/\/www.castingnews.eu\/magazine\/wp-json\/wp\/v2\/comments?post=10459"}],"version-history":[{"count":1,"href":"https:\/\/www.castingnews.eu\/magazine\/wp-json\/wp\/v2\/posts\/10459\/revisions"}],"predecessor-version":[{"id":10461,"href":"https:\/\/www.castingnews.eu\/magazine\/wp-json\/wp\/v2\/posts\/10459\/revisions\/10461"}],"wp:featuredmedia":[{"embeddable":true,"href":"https:\/\/www.castingnews.eu\/magazine\/wp-json\/wp\/v2\/media\/10460"}],"wp:attachment":[{"href":"https:\/\/www.castingnews.eu\/magazine\/wp-json\/wp\/v2\/media?parent=10459"}],"wp:term":[{"taxonomy":"category","embeddable":true,"href":"https:\/\/www.castingnews.eu\/magazine\/wp-json\/wp\/v2\/categories?post=10459"},{"taxonomy":"post_tag","embeddable":true,"href":"https:\/\/www.castingnews.eu\/magazine\/wp-json\/wp\/v2\/tags?post=10459"}],"curies":[{"name":"wp","href":"https:\/\/api.w.org\/{rel}","templated":true}]}}