{"id":10448,"date":"2025-07-04T11:08:10","date_gmt":"2025-07-04T09:08:10","guid":{"rendered":"https:\/\/www.castingnews.eu\/magazine\/?p=10448"},"modified":"2025-07-04T11:08:12","modified_gmt":"2025-07-04T09:08:12","slug":"giulio-andreotti-tra-cinema-e-dibattito-civile-il-divo-in-proiezione-a-schermi-di-piombo-con-ospiti-deccezione","status":"publish","type":"post","link":"https:\/\/www.castingnews.eu\/magazine\/2025\/07\/04\/giulio-andreotti-tra-cinema-e-dibattito-civile-il-divo-in-proiezione-a-schermi-di-piombo-con-ospiti-deccezione\/","title":{"rendered":"Giulio Andreotti tra cinema e dibattito civile: \u201cIl Divo\u201d in proiezione a \u201cSchermi di Piombo\u201d con ospiti d\u2019eccezione"},"content":{"rendered":"\n<p>Un percorso a spasso nella storia, per non dimenticare la memoria di un paese, con la speranza che il passato possa illuminare il futuro, soprattutto le menti delle giovani generazioni. Questa la mission della rassegna <strong>&#8220;Schermi di Piombo&#8221;<\/strong>, ideata da Leonardo Scuderi ed ospitata presso lo spazio Eur Social Park, che prosegue, di settimana in settimana, le sue proiezioni di pellicole di successo precedute da un talk con protagonisti ed esperti di quei decenni cruciali per l&#8217;Italia degli anni &#8217;70 e &#8217;80.<\/p><div class=\"6d3639e8c6ac292cde400fad8ff8a5b9\" data-index=\"1\" style=\"float: none; margin:10px 0 10px 0; text-align:center;\">\n<script async src=\"\/\/pagead2.googlesyndication.com\/pagead\/js\/adsbygoogle.js\"><\/script>\r\n<!-- Casting Bambini NEW -->\r\n<ins class=\"adsbygoogle\"\r\n     style=\"display:inline-block;width:336px;height:280px\"\r\n     data-ad-client=\"ca-pub-5538097485429833\"\r\n     data-ad-slot=\"5127154445\"><\/ins>\r\n<script>\r\n(adsbygoogle = window.adsbygoogle || []).push({});\r\n<\/script>\n<\/div>\n\n\n\n\n<p>Una platea sempre gremita che ogni marted\u00ec registra proprio la presenza di tantissimi giovani, studenti e curiosi, interessati alle tematiche esposte nel corso dei vari dibattiti ed approfondimenti. Ed \u00e8 grande l&#8217;attesa per la proiezione di marted\u00ec 8 luglio, che vedr\u00e0 sullo schermo il film di Paolo Sorrentino &#8220;Il Divo&#8221;, dedicato alla vita di Giulio Andreotti, Una figura chiave della politica italiana per decenni che segna l&#8217;inizio del processo di Palermo per collusioni mafiose. A discutere del politico e del suo impatto sulla nazione, nel salotto condotto dalla giornalista d&#8217;inchiesta Angela Camuso, ci saranno, tra gli altri:&nbsp;Michele Placido, Enrica Bonaccorti e Marco Travaglio.<\/p>\n\n\n\n<p>La kermesse, che si concluder\u00e0 il 22 luglio e che \u00e8 vanta il patrocinio del Comune di Roma, la collaborazione di Eur Spa insieme al media partner Eur District Municipio IX, ha deciso di lanciare una sfida per utilizzare il grande schermo non solo come motivo di intrattenimento, ma anche come potente mezzo utile a produrre riflessioni e stimolare le coscienze. Ingresso gratuito dalle 19:00 alle 0:00, viale di Val Fiorita (c\/o Eur\/Magliana).Per info e prenotazioni consultare&nbsp;<a href=\"http:\/\/www.eursocialpark.it\/\" target=\"_blank\" rel=\"noreferrer noopener\">www.eursocialpark.it<\/a><\/p>\n\n\n<div class=\"wp-block-image\">\n<figure class=\"aligncenter size-large\"><img loading=\"lazy\" decoding=\"async\" width=\"819\" height=\"1024\" src=\"https:\/\/www.castingnews.eu\/magazine\/wp-content\/uploads\/2025\/07\/il-divo-819x1024.jpeg\" alt=\"\" class=\"wp-image-10450\" srcset=\"https:\/\/www.castingnews.eu\/magazine\/wp-content\/uploads\/2025\/07\/il-divo-819x1024.jpeg 819w, https:\/\/www.castingnews.eu\/magazine\/wp-content\/uploads\/2025\/07\/il-divo-240x300.jpeg 240w, https:\/\/www.castingnews.eu\/magazine\/wp-content\/uploads\/2025\/07\/il-divo-768x960.jpeg 768w, https:\/\/www.castingnews.eu\/magazine\/wp-content\/uploads\/2025\/07\/il-divo-1229x1536.jpeg 1229w, https:\/\/www.castingnews.eu\/magazine\/wp-content\/uploads\/2025\/07\/il-divo-1638x2048.jpeg 1638w, https:\/\/www.castingnews.eu\/magazine\/wp-content\/uploads\/2025\/07\/il-divo-336x420.jpeg 336w, https:\/\/www.castingnews.eu\/magazine\/wp-content\/uploads\/2025\/07\/il-divo-696x870.jpeg 696w, https:\/\/www.castingnews.eu\/magazine\/wp-content\/uploads\/2025\/07\/il-divo-1068x1335.jpeg 1068w, https:\/\/www.castingnews.eu\/magazine\/wp-content\/uploads\/2025\/07\/il-divo-1920x2400.jpeg 1920w, https:\/\/www.castingnews.eu\/magazine\/wp-content\/uploads\/2025\/07\/il-divo.jpeg 2000w\" sizes=\"auto, (max-width: 819px) 100vw, 819px\" \/><\/figure>\n<\/div>\n\n\n<p><strong>Iscriviti alla\u00a0<a href=\"https:\/\/www.castingnewsletter.eu\/CastingNewsPro\/\" target=\"_blank\" rel=\"noreferrer noopener\">newsletter giornaliera<\/a>\u00a0di Casting News Professional per ricevere le ultime notizie sui casting aperti, provini e audizioni.<\/strong><\/p>\n\n<div style=\"font-size: 0px; height: 0px; line-height: 0px; margin: 0; padding: 0; clear: both;\"><\/div>","protected":false},"excerpt":{"rendered":"<p>Un percorso a spasso nella storia, per non dimenticare la memoria di un paese, con la speranza che il passato possa illuminare il futuro, soprattutto le menti delle giovani generazioni. Questa la mission della rassegna &#8220;Schermi di Piombo&#8221;, ideata da Leonardo Scuderi ed ospitata presso lo spazio Eur Social Park, che prosegue, di settimana in [&hellip;]<\/p>\n","protected":false},"author":1,"featured_media":10449,"comment_status":"open","ping_status":"open","sticky":false,"template":"","format":"standard","meta":{"tdm_status":"","tdm_grid_status":"","footnotes":""},"categories":[1533,71,3958,21,5023,33],"tags":[8045,272,273,8136,8134,8036,8132,7905,8137,8135,8131,8133,6942,927,2327,8140,1145,8035,6347,8139],"class_list":{"0":"post-10448","1":"post","2":"type-post","3":"status-publish","4":"format-standard","5":"has-post-thumbnail","7":"category-featured","8":"category-italia-paese","9":"category-lazio","10":"category-in-primo-piano","11":"category-proiezioni","12":"category-rassegne","13":"tag-angela-camuso","14":"tag-casting-magazine","15":"tag-casting-news","16":"tag-cinema-e-dibattito","17":"tag-enrica-bonaccorti","18":"tag-eur-social-park","19":"tag-eventi-culturali-roma","20":"tag-film-dautore","21":"tag-giovani-e-memoria","22":"tag-giulio-andreotti","23":"tag-il-divo","24":"tag-marco-travaglio","25":"tag-memoria-storica","26":"tag-michele-placido","27":"tag-paolo-sorrentino","28":"tag-politica-e-mafia","29":"tag-rassegna-cinematografica","30":"tag-schermi-di-piombo","31":"tag-storia-italiana","32":"tag-talk-politico"},"yoast_head":"<!-- This site is optimized with the Yoast SEO plugin v27.4 - https:\/\/yoast.com\/product\/yoast-seo-wordpress\/ -->\r\n<title>Giulio Andreotti tra cinema e dibattito civile: \u201cIl Divo\u201d in proiezione a \u201cSchermi di Piombo\u201d con ospiti d\u2019eccezione - Casting News Magazine<\/title>\r\n<meta name=\"description\" content=\"La rassegna \u201cSchermi di Piombo\u201d ospita la proiezione de Il Divo di Paolo Sorrentino, seguita da un dibattito dedicato a Giulio Andreotti.\" \/>\r\n<meta name=\"robots\" content=\"index, follow, max-snippet:-1, max-image-preview:large, max-video-preview:-1\" \/>\r\n<link rel=\"canonical\" href=\"https:\/\/www.castingnews.eu\/magazine\/2025\/07\/04\/giulio-andreotti-tra-cinema-e-dibattito-civile-il-divo-in-proiezione-a-schermi-di-piombo-con-ospiti-deccezione\/\" \/>\r\n<meta property=\"og:locale\" content=\"it_IT\" \/>\r\n<meta property=\"og:type\" content=\"article\" \/>\r\n<meta property=\"og:title\" content=\"Giulio Andreotti tra cinema e dibattito civile: \u201cIl Divo\u201d in proiezione a \u201cSchermi di Piombo\u201d con ospiti d\u2019eccezione - Casting News Magazine\" \/>\r\n<meta property=\"og:description\" content=\"La rassegna \u201cSchermi di Piombo\u201d ospita la proiezione de Il Divo di Paolo Sorrentino, seguita da un dibattito dedicato a Giulio Andreotti.\" \/>\r\n<meta property=\"og:url\" content=\"https:\/\/www.castingnews.eu\/magazine\/2025\/07\/04\/giulio-andreotti-tra-cinema-e-dibattito-civile-il-divo-in-proiezione-a-schermi-di-piombo-con-ospiti-deccezione\/\" \/>\r\n<meta property=\"og:site_name\" content=\"Casting News Magazine\" \/>\r\n<meta property=\"article:published_time\" content=\"2025-07-04T09:08:10+00:00\" \/>\r\n<meta property=\"article:modified_time\" content=\"2025-07-04T09:08:12+00:00\" \/>\r\n<meta property=\"og:image\" content=\"https:\/\/www.castingnews.eu\/magazine\/wp-content\/uploads\/2025\/07\/Il-Divo-di-Paolo-Sorrentino.jpg\" \/>\r\n\t<meta property=\"og:image:width\" content=\"1400\" \/>\r\n\t<meta property=\"og:image:height\" content=\"787\" \/>\r\n\t<meta property=\"og:image:type\" content=\"image\/jpeg\" \/>\r\n<meta name=\"author\" content=\"Redazione\" \/>\r\n<meta name=\"twitter:card\" content=\"summary_large_image\" \/>\r\n<meta name=\"twitter:label1\" content=\"Scritto da\" \/>\n\t<meta name=\"twitter:data1\" content=\"Redazione\" \/>\n\t<meta name=\"twitter:label2\" content=\"Tempo di lettura stimato\" \/>\n\t<meta name=\"twitter:data2\" content=\"2 minuti\" \/>\r\n<script type=\"application\/ld+json\" class=\"yoast-schema-graph\">{\"@context\":\"https:\\\/\\\/schema.org\",\"@graph\":[{\"@type\":\"Article\",\"@id\":\"https:\\\/\\\/www.castingnews.eu\\\/magazine\\\/2025\\\/07\\\/04\\\/giulio-andreotti-tra-cinema-e-dibattito-civile-il-divo-in-proiezione-a-schermi-di-piombo-con-ospiti-deccezione\\\/#article\",\"isPartOf\":{\"@id\":\"https:\\\/\\\/www.castingnews.eu\\\/magazine\\\/2025\\\/07\\\/04\\\/giulio-andreotti-tra-cinema-e-dibattito-civile-il-divo-in-proiezione-a-schermi-di-piombo-con-ospiti-deccezione\\\/\"},\"author\":{\"name\":\"Redazione\",\"@id\":\"https:\\\/\\\/www.castingnews.eu\\\/magazine\\\/#\\\/schema\\\/person\\\/099d71c568c9a7e5e4037b1594108f17\"},\"headline\":\"Giulio Andreotti tra cinema e dibattito civile: \u201cIl Divo\u201d in proiezione a \u201cSchermi di Piombo\u201d con ospiti d\u2019eccezione\",\"datePublished\":\"2025-07-04T09:08:10+00:00\",\"dateModified\":\"2025-07-04T09:08:12+00:00\",\"mainEntityOfPage\":{\"@id\":\"https:\\\/\\\/www.castingnews.eu\\\/magazine\\\/2025\\\/07\\\/04\\\/giulio-andreotti-tra-cinema-e-dibattito-civile-il-divo-in-proiezione-a-schermi-di-piombo-con-ospiti-deccezione\\\/\"},\"wordCount\":305,\"commentCount\":0,\"image\":{\"@id\":\"https:\\\/\\\/www.castingnews.eu\\\/magazine\\\/2025\\\/07\\\/04\\\/giulio-andreotti-tra-cinema-e-dibattito-civile-il-divo-in-proiezione-a-schermi-di-piombo-con-ospiti-deccezione\\\/#primaryimage\"},\"thumbnailUrl\":\"https:\\\/\\\/www.castingnews.eu\\\/magazine\\\/wp-content\\\/uploads\\\/2025\\\/07\\\/Il-Divo-di-Paolo-Sorrentino.jpg\",\"keywords\":[\"Angela Camuso\",\"Casting Magazine\",\"Casting News\",\"cinema e dibattito\",\"Enrica Bonaccorti\",\"Eur Social Park\",\"eventi culturali Roma\",\"film d\u2019autore\",\"giovani e memoria\",\"Giulio Andreotti\",\"Il Divo\",\"Marco Travaglio\",\"memoria storica\",\"Michele Placido\",\"Paolo Sorrentino\",\"politica e mafia\",\"rassegna cinematografica\",\"Schermi di Piombo\",\"storia italiana\",\"talk politico\"],\"articleSection\":[\"In primo piano\",\"Italia\",\"Lazio\",\"Primo piano\",\"Proiezioni\",\"Rassegne\"],\"inLanguage\":\"it-IT\",\"potentialAction\":[{\"@type\":\"CommentAction\",\"name\":\"Comment\",\"target\":[\"https:\\\/\\\/www.castingnews.eu\\\/magazine\\\/2025\\\/07\\\/04\\\/giulio-andreotti-tra-cinema-e-dibattito-civile-il-divo-in-proiezione-a-schermi-di-piombo-con-ospiti-deccezione\\\/#respond\"]}]},{\"@type\":\"WebPage\",\"@id\":\"https:\\\/\\\/www.castingnews.eu\\\/magazine\\\/2025\\\/07\\\/04\\\/giulio-andreotti-tra-cinema-e-dibattito-civile-il-divo-in-proiezione-a-schermi-di-piombo-con-ospiti-deccezione\\\/\",\"url\":\"https:\\\/\\\/www.castingnews.eu\\\/magazine\\\/2025\\\/07\\\/04\\\/giulio-andreotti-tra-cinema-e-dibattito-civile-il-divo-in-proiezione-a-schermi-di-piombo-con-ospiti-deccezione\\\/\",\"name\":\"Giulio Andreotti tra cinema e dibattito civile: \u201cIl Divo\u201d in proiezione a \u201cSchermi di Piombo\u201d con ospiti d\u2019eccezione - Casting News Magazine\",\"isPartOf\":{\"@id\":\"https:\\\/\\\/www.castingnews.eu\\\/magazine\\\/#website\"},\"primaryImageOfPage\":{\"@id\":\"https:\\\/\\\/www.castingnews.eu\\\/magazine\\\/2025\\\/07\\\/04\\\/giulio-andreotti-tra-cinema-e-dibattito-civile-il-divo-in-proiezione-a-schermi-di-piombo-con-ospiti-deccezione\\\/#primaryimage\"},\"image\":{\"@id\":\"https:\\\/\\\/www.castingnews.eu\\\/magazine\\\/2025\\\/07\\\/04\\\/giulio-andreotti-tra-cinema-e-dibattito-civile-il-divo-in-proiezione-a-schermi-di-piombo-con-ospiti-deccezione\\\/#primaryimage\"},\"thumbnailUrl\":\"https:\\\/\\\/www.castingnews.eu\\\/magazine\\\/wp-content\\\/uploads\\\/2025\\\/07\\\/Il-Divo-di-Paolo-Sorrentino.jpg\",\"datePublished\":\"2025-07-04T09:08:10+00:00\",\"dateModified\":\"2025-07-04T09:08:12+00:00\",\"author\":{\"@id\":\"https:\\\/\\\/www.castingnews.eu\\\/magazine\\\/#\\\/schema\\\/person\\\/099d71c568c9a7e5e4037b1594108f17\"},\"description\":\"La rassegna \u201cSchermi di Piombo\u201d ospita la proiezione de Il Divo di Paolo Sorrentino, seguita da un dibattito dedicato a Giulio Andreotti.\",\"breadcrumb\":{\"@id\":\"https:\\\/\\\/www.castingnews.eu\\\/magazine\\\/2025\\\/07\\\/04\\\/giulio-andreotti-tra-cinema-e-dibattito-civile-il-divo-in-proiezione-a-schermi-di-piombo-con-ospiti-deccezione\\\/#breadcrumb\"},\"inLanguage\":\"it-IT\",\"potentialAction\":[{\"@type\":\"ReadAction\",\"target\":[\"https:\\\/\\\/www.castingnews.eu\\\/magazine\\\/2025\\\/07\\\/04\\\/giulio-andreotti-tra-cinema-e-dibattito-civile-il-divo-in-proiezione-a-schermi-di-piombo-con-ospiti-deccezione\\\/\"]}]},{\"@type\":\"ImageObject\",\"inLanguage\":\"it-IT\",\"@id\":\"https:\\\/\\\/www.castingnews.eu\\\/magazine\\\/2025\\\/07\\\/04\\\/giulio-andreotti-tra-cinema-e-dibattito-civile-il-divo-in-proiezione-a-schermi-di-piombo-con-ospiti-deccezione\\\/#primaryimage\",\"url\":\"https:\\\/\\\/www.castingnews.eu\\\/magazine\\\/wp-content\\\/uploads\\\/2025\\\/07\\\/Il-Divo-di-Paolo-Sorrentino.jpg\",\"contentUrl\":\"https:\\\/\\\/www.castingnews.eu\\\/magazine\\\/wp-content\\\/uploads\\\/2025\\\/07\\\/Il-Divo-di-Paolo-Sorrentino.jpg\",\"width\":1400,\"height\":787,\"caption\":\"Il Divo di Paolo Sorrentino\"},{\"@type\":\"BreadcrumbList\",\"@id\":\"https:\\\/\\\/www.castingnews.eu\\\/magazine\\\/2025\\\/07\\\/04\\\/giulio-andreotti-tra-cinema-e-dibattito-civile-il-divo-in-proiezione-a-schermi-di-piombo-con-ospiti-deccezione\\\/#breadcrumb\",\"itemListElement\":[{\"@type\":\"ListItem\",\"position\":1,\"name\":\"Home\",\"item\":\"https:\\\/\\\/www.castingnews.eu\\\/magazine\\\/\"},{\"@type\":\"ListItem\",\"position\":2,\"name\":\"Giulio Andreotti tra cinema e dibattito civile: \u201cIl Divo\u201d in proiezione a \u201cSchermi di Piombo\u201d con ospiti d\u2019eccezione\"}]},{\"@type\":\"WebSite\",\"@id\":\"https:\\\/\\\/www.castingnews.eu\\\/magazine\\\/#website\",\"url\":\"https:\\\/\\\/www.castingnews.eu\\\/magazine\\\/\",\"name\":\"Casting News Magazine\",\"description\":\"News e aggiornamenti sui film, serie tv, teatro e festival italiani ed internazionali\",\"potentialAction\":[{\"@type\":\"SearchAction\",\"target\":{\"@type\":\"EntryPoint\",\"urlTemplate\":\"https:\\\/\\\/www.castingnews.eu\\\/magazine\\\/?s={search_term_string}\"},\"query-input\":{\"@type\":\"PropertyValueSpecification\",\"valueRequired\":true,\"valueName\":\"search_term_string\"}}],\"inLanguage\":\"it-IT\"},{\"@type\":\"Person\",\"@id\":\"https:\\\/\\\/www.castingnews.eu\\\/magazine\\\/#\\\/schema\\\/person\\\/099d71c568c9a7e5e4037b1594108f17\",\"name\":\"Redazione\",\"image\":{\"@type\":\"ImageObject\",\"inLanguage\":\"it-IT\",\"@id\":\"https:\\\/\\\/secure.gravatar.com\\\/avatar\\\/b73a087aa3bd279fb70d24f1960a91c82cf67619395b60b564c90e9e5d5325fc?s=96&d=mm&r=g\",\"url\":\"https:\\\/\\\/secure.gravatar.com\\\/avatar\\\/b73a087aa3bd279fb70d24f1960a91c82cf67619395b60b564c90e9e5d5325fc?s=96&d=mm&r=g\",\"contentUrl\":\"https:\\\/\\\/secure.gravatar.com\\\/avatar\\\/b73a087aa3bd279fb70d24f1960a91c82cf67619395b60b564c90e9e5d5325fc?s=96&d=mm&r=g\",\"caption\":\"Redazione\"},\"description\":\"News e aggiornamenti sui film, serie tv, teatro e festival italiani ed internazionali.\",\"url\":\"https:\\\/\\\/www.castingnews.eu\\\/magazine\\\/author\\\/redazione\\\/\"}]}<\/script>\r\n<!-- \/ Yoast SEO plugin. -->","yoast_head_json":{"title":"Giulio Andreotti tra cinema e dibattito civile: \u201cIl Divo\u201d in proiezione a \u201cSchermi di Piombo\u201d con ospiti d\u2019eccezione - Casting News Magazine","description":"La rassegna \u201cSchermi di Piombo\u201d ospita la proiezione de Il Divo di Paolo Sorrentino, seguita da un dibattito dedicato a Giulio Andreotti.","robots":{"index":"index","follow":"follow","max-snippet":"max-snippet:-1","max-image-preview":"max-image-preview:large","max-video-preview":"max-video-preview:-1"},"canonical":"https:\/\/www.castingnews.eu\/magazine\/2025\/07\/04\/giulio-andreotti-tra-cinema-e-dibattito-civile-il-divo-in-proiezione-a-schermi-di-piombo-con-ospiti-deccezione\/","og_locale":"it_IT","og_type":"article","og_title":"Giulio Andreotti tra cinema e dibattito civile: \u201cIl Divo\u201d in proiezione a \u201cSchermi di Piombo\u201d con ospiti d\u2019eccezione - Casting News Magazine","og_description":"La rassegna \u201cSchermi di Piombo\u201d ospita la proiezione de Il Divo di Paolo Sorrentino, seguita da un dibattito dedicato a Giulio Andreotti.","og_url":"https:\/\/www.castingnews.eu\/magazine\/2025\/07\/04\/giulio-andreotti-tra-cinema-e-dibattito-civile-il-divo-in-proiezione-a-schermi-di-piombo-con-ospiti-deccezione\/","og_site_name":"Casting News Magazine","article_published_time":"2025-07-04T09:08:10+00:00","article_modified_time":"2025-07-04T09:08:12+00:00","og_image":[{"width":1400,"height":787,"url":"https:\/\/www.castingnews.eu\/magazine\/wp-content\/uploads\/2025\/07\/Il-Divo-di-Paolo-Sorrentino.jpg","type":"image\/jpeg"}],"author":"Redazione","twitter_card":"summary_large_image","twitter_misc":{"Scritto da":"Redazione","Tempo di lettura stimato":"2 minuti"},"schema":{"@context":"https:\/\/schema.org","@graph":[{"@type":"Article","@id":"https:\/\/www.castingnews.eu\/magazine\/2025\/07\/04\/giulio-andreotti-tra-cinema-e-dibattito-civile-il-divo-in-proiezione-a-schermi-di-piombo-con-ospiti-deccezione\/#article","isPartOf":{"@id":"https:\/\/www.castingnews.eu\/magazine\/2025\/07\/04\/giulio-andreotti-tra-cinema-e-dibattito-civile-il-divo-in-proiezione-a-schermi-di-piombo-con-ospiti-deccezione\/"},"author":{"name":"Redazione","@id":"https:\/\/www.castingnews.eu\/magazine\/#\/schema\/person\/099d71c568c9a7e5e4037b1594108f17"},"headline":"Giulio Andreotti tra cinema e dibattito civile: \u201cIl Divo\u201d in proiezione a \u201cSchermi di Piombo\u201d con ospiti d\u2019eccezione","datePublished":"2025-07-04T09:08:10+00:00","dateModified":"2025-07-04T09:08:12+00:00","mainEntityOfPage":{"@id":"https:\/\/www.castingnews.eu\/magazine\/2025\/07\/04\/giulio-andreotti-tra-cinema-e-dibattito-civile-il-divo-in-proiezione-a-schermi-di-piombo-con-ospiti-deccezione\/"},"wordCount":305,"commentCount":0,"image":{"@id":"https:\/\/www.castingnews.eu\/magazine\/2025\/07\/04\/giulio-andreotti-tra-cinema-e-dibattito-civile-il-divo-in-proiezione-a-schermi-di-piombo-con-ospiti-deccezione\/#primaryimage"},"thumbnailUrl":"https:\/\/www.castingnews.eu\/magazine\/wp-content\/uploads\/2025\/07\/Il-Divo-di-Paolo-Sorrentino.jpg","keywords":["Angela Camuso","Casting Magazine","Casting News","cinema e dibattito","Enrica Bonaccorti","Eur Social Park","eventi culturali Roma","film d\u2019autore","giovani e memoria","Giulio Andreotti","Il Divo","Marco Travaglio","memoria storica","Michele Placido","Paolo Sorrentino","politica e mafia","rassegna cinematografica","Schermi di Piombo","storia italiana","talk politico"],"articleSection":["In primo piano","Italia","Lazio","Primo piano","Proiezioni","Rassegne"],"inLanguage":"it-IT","potentialAction":[{"@type":"CommentAction","name":"Comment","target":["https:\/\/www.castingnews.eu\/magazine\/2025\/07\/04\/giulio-andreotti-tra-cinema-e-dibattito-civile-il-divo-in-proiezione-a-schermi-di-piombo-con-ospiti-deccezione\/#respond"]}]},{"@type":"WebPage","@id":"https:\/\/www.castingnews.eu\/magazine\/2025\/07\/04\/giulio-andreotti-tra-cinema-e-dibattito-civile-il-divo-in-proiezione-a-schermi-di-piombo-con-ospiti-deccezione\/","url":"https:\/\/www.castingnews.eu\/magazine\/2025\/07\/04\/giulio-andreotti-tra-cinema-e-dibattito-civile-il-divo-in-proiezione-a-schermi-di-piombo-con-ospiti-deccezione\/","name":"Giulio Andreotti tra cinema e dibattito civile: \u201cIl Divo\u201d in proiezione a \u201cSchermi di Piombo\u201d con ospiti d\u2019eccezione - Casting News Magazine","isPartOf":{"@id":"https:\/\/www.castingnews.eu\/magazine\/#website"},"primaryImageOfPage":{"@id":"https:\/\/www.castingnews.eu\/magazine\/2025\/07\/04\/giulio-andreotti-tra-cinema-e-dibattito-civile-il-divo-in-proiezione-a-schermi-di-piombo-con-ospiti-deccezione\/#primaryimage"},"image":{"@id":"https:\/\/www.castingnews.eu\/magazine\/2025\/07\/04\/giulio-andreotti-tra-cinema-e-dibattito-civile-il-divo-in-proiezione-a-schermi-di-piombo-con-ospiti-deccezione\/#primaryimage"},"thumbnailUrl":"https:\/\/www.castingnews.eu\/magazine\/wp-content\/uploads\/2025\/07\/Il-Divo-di-Paolo-Sorrentino.jpg","datePublished":"2025-07-04T09:08:10+00:00","dateModified":"2025-07-04T09:08:12+00:00","author":{"@id":"https:\/\/www.castingnews.eu\/magazine\/#\/schema\/person\/099d71c568c9a7e5e4037b1594108f17"},"description":"La rassegna \u201cSchermi di Piombo\u201d ospita la proiezione de Il Divo di Paolo Sorrentino, seguita da un dibattito dedicato a Giulio Andreotti.","breadcrumb":{"@id":"https:\/\/www.castingnews.eu\/magazine\/2025\/07\/04\/giulio-andreotti-tra-cinema-e-dibattito-civile-il-divo-in-proiezione-a-schermi-di-piombo-con-ospiti-deccezione\/#breadcrumb"},"inLanguage":"it-IT","potentialAction":[{"@type":"ReadAction","target":["https:\/\/www.castingnews.eu\/magazine\/2025\/07\/04\/giulio-andreotti-tra-cinema-e-dibattito-civile-il-divo-in-proiezione-a-schermi-di-piombo-con-ospiti-deccezione\/"]}]},{"@type":"ImageObject","inLanguage":"it-IT","@id":"https:\/\/www.castingnews.eu\/magazine\/2025\/07\/04\/giulio-andreotti-tra-cinema-e-dibattito-civile-il-divo-in-proiezione-a-schermi-di-piombo-con-ospiti-deccezione\/#primaryimage","url":"https:\/\/www.castingnews.eu\/magazine\/wp-content\/uploads\/2025\/07\/Il-Divo-di-Paolo-Sorrentino.jpg","contentUrl":"https:\/\/www.castingnews.eu\/magazine\/wp-content\/uploads\/2025\/07\/Il-Divo-di-Paolo-Sorrentino.jpg","width":1400,"height":787,"caption":"Il Divo di Paolo Sorrentino"},{"@type":"BreadcrumbList","@id":"https:\/\/www.castingnews.eu\/magazine\/2025\/07\/04\/giulio-andreotti-tra-cinema-e-dibattito-civile-il-divo-in-proiezione-a-schermi-di-piombo-con-ospiti-deccezione\/#breadcrumb","itemListElement":[{"@type":"ListItem","position":1,"name":"Home","item":"https:\/\/www.castingnews.eu\/magazine\/"},{"@type":"ListItem","position":2,"name":"Giulio Andreotti tra cinema e dibattito civile: \u201cIl Divo\u201d in proiezione a \u201cSchermi di Piombo\u201d con ospiti d\u2019eccezione"}]},{"@type":"WebSite","@id":"https:\/\/www.castingnews.eu\/magazine\/#website","url":"https:\/\/www.castingnews.eu\/magazine\/","name":"Casting News Magazine","description":"News e aggiornamenti sui film, serie tv, teatro e festival italiani ed internazionali","potentialAction":[{"@type":"SearchAction","target":{"@type":"EntryPoint","urlTemplate":"https:\/\/www.castingnews.eu\/magazine\/?s={search_term_string}"},"query-input":{"@type":"PropertyValueSpecification","valueRequired":true,"valueName":"search_term_string"}}],"inLanguage":"it-IT"},{"@type":"Person","@id":"https:\/\/www.castingnews.eu\/magazine\/#\/schema\/person\/099d71c568c9a7e5e4037b1594108f17","name":"Redazione","image":{"@type":"ImageObject","inLanguage":"it-IT","@id":"https:\/\/secure.gravatar.com\/avatar\/b73a087aa3bd279fb70d24f1960a91c82cf67619395b60b564c90e9e5d5325fc?s=96&d=mm&r=g","url":"https:\/\/secure.gravatar.com\/avatar\/b73a087aa3bd279fb70d24f1960a91c82cf67619395b60b564c90e9e5d5325fc?s=96&d=mm&r=g","contentUrl":"https:\/\/secure.gravatar.com\/avatar\/b73a087aa3bd279fb70d24f1960a91c82cf67619395b60b564c90e9e5d5325fc?s=96&d=mm&r=g","caption":"Redazione"},"description":"News e aggiornamenti sui film, serie tv, teatro e festival italiani ed internazionali.","url":"https:\/\/www.castingnews.eu\/magazine\/author\/redazione\/"}]}},"_links":{"self":[{"href":"https:\/\/www.castingnews.eu\/magazine\/wp-json\/wp\/v2\/posts\/10448","targetHints":{"allow":["GET"]}}],"collection":[{"href":"https:\/\/www.castingnews.eu\/magazine\/wp-json\/wp\/v2\/posts"}],"about":[{"href":"https:\/\/www.castingnews.eu\/magazine\/wp-json\/wp\/v2\/types\/post"}],"author":[{"embeddable":true,"href":"https:\/\/www.castingnews.eu\/magazine\/wp-json\/wp\/v2\/users\/1"}],"replies":[{"embeddable":true,"href":"https:\/\/www.castingnews.eu\/magazine\/wp-json\/wp\/v2\/comments?post=10448"}],"version-history":[{"count":1,"href":"https:\/\/www.castingnews.eu\/magazine\/wp-json\/wp\/v2\/posts\/10448\/revisions"}],"predecessor-version":[{"id":10451,"href":"https:\/\/www.castingnews.eu\/magazine\/wp-json\/wp\/v2\/posts\/10448\/revisions\/10451"}],"wp:featuredmedia":[{"embeddable":true,"href":"https:\/\/www.castingnews.eu\/magazine\/wp-json\/wp\/v2\/media\/10449"}],"wp:attachment":[{"href":"https:\/\/www.castingnews.eu\/magazine\/wp-json\/wp\/v2\/media?parent=10448"}],"wp:term":[{"taxonomy":"category","embeddable":true,"href":"https:\/\/www.castingnews.eu\/magazine\/wp-json\/wp\/v2\/categories?post=10448"},{"taxonomy":"post_tag","embeddable":true,"href":"https:\/\/www.castingnews.eu\/magazine\/wp-json\/wp\/v2\/tags?post=10448"}],"curies":[{"name":"wp","href":"https:\/\/api.w.org\/{rel}","templated":true}]}}