{"id":10430,"date":"2025-07-02T13:32:41","date_gmt":"2025-07-02T11:32:41","guid":{"rendered":"https:\/\/www.castingnews.eu\/magazine\/?p=10430"},"modified":"2025-07-02T15:24:33","modified_gmt":"2025-07-02T13:24:33","slug":"la-tigre-della-malesia-torna-in-calabria-al-via-la-seconda-stagione-di-sandokan","status":"publish","type":"post","link":"https:\/\/www.castingnews.eu\/magazine\/2025\/07\/02\/la-tigre-della-malesia-torna-in-calabria-al-via-la-seconda-stagione-di-sandokan\/","title":{"rendered":"La Tigre della Malesia torna in Calabria: al via la seconda stagione di Sandokan"},"content":{"rendered":"\n<p>Dopo l\u2019enorme successo della prima serie, in post-produzione per <strong>Rai\u202f1<\/strong>, <em><strong>Lux Vide<\/strong><\/em> conferma il radioso futuro del suo <strong>progetto internazionale<\/strong>. Quando si accenderanno di nuovo le telecamere? La risposta arriva da fonti vicine alla produzione e dalla <em>Calabria Film Commission<\/em>: le riprese della seconda stagione sono previste nel&nbsp;2026, con ritorno nella regione gi\u00e0 simbolo delle prime battute <strong><br>Perch\u00e9 la Calabria? <\/strong>La scelta non \u00e8 casuale. Spiagge iconiche come Capo Vaticano, Tropea e Grotticelle, il maestoso castello aragonese di Le Castella e i teatri di posa di Lamezia Terme si sono trasformati in scenari perfetti per il Borneo salgariano, conquistando critica e team produttivo.<\/p><div class=\"6d3639e8c6ac292cde400fad8ff8a5b9\" data-index=\"1\" style=\"float: none; margin:10px 0 10px 0; text-align:center;\">\n<script async src=\"\/\/pagead2.googlesyndication.com\/pagead\/js\/adsbygoogle.js\"><\/script>\r\n<!-- Casting Bambini NEW -->\r\n<ins class=\"adsbygoogle\"\r\n     style=\"display:inline-block;width:336px;height:280px\"\r\n     data-ad-client=\"ca-pub-5538097485429833\"\r\n     data-ad-slot=\"5127154445\"><\/ins>\r\n<script>\r\n(adsbygoogle = window.adsbygoogle || []).push({});\r\n<\/script>\n<\/div>\n\n\n\n\n<p><strong>Cast &amp; regia: resta la squadra, nuovi sguardi<br><\/strong>Il cast internazionale torner\u00e0 in blocco: <strong>Can\u202fYaman<\/strong> (Sandokan), <strong>Alessandro Preziosi<\/strong> (Yanez), <strong>Ed\u202fWestwick<\/strong> (Lord Brooke), <strong>Alanah\u202fBloor<\/strong> (Lady Marianna), <strong>John\u202fHannah<\/strong> e <strong>Samuele\u202fSegreto<\/strong> sono confermati.<br>Tra le note di produzione filtra anche un colpo di scena: la regia \u2013 chiusa nella rete segreta della produzione \u2013 sar\u00e0 affidata a un volto nuovo, pronto a imprimere freschezza narrativa alla serie.<\/p>\n\n\n\n<p><strong>Il ritorno di <em>Sandokan<\/em><\/strong> in Calabria nel 2026 rappresenta ben pi\u00f9 di un semplice sequel: \u00e8 la consacrazione di un format internazionale che ha creduto nelle potenzialit\u00e0 culturali e produttive del Sud Italia. Si scalda il motore per una seconda stagione ancora pi\u00f9 coinvolgente, capace di fondere narrativa avventurosa, impatto economico e vocazione internazionale.<br>In attesa del debutto autunnale, l\u2019attenzione resta alta: la \u201cTigre della Malesia\u201d \u00e8 pronta a ruggire di nuovo, questa volta con la Calabria protagonista assoluta.<\/p>\n\n\n\n<blockquote class=\"instagram-media\" data-instgrm-captioned data-instgrm-permalink=\"https:\/\/www.instagram.com\/p\/DLm1uMlCd5E\/?utm_source=ig_embed&amp;utm_campaign=loading\" data-instgrm-version=\"14\" style=\" background:#FFF; border:0; border-radius:3px; box-shadow:0 0 1px 0 rgba(0,0,0,0.5),0 1px 10px 0 rgba(0,0,0,0.15); margin: 1px; max-width:540px; min-width:326px; padding:0; width:99.375%; width:-webkit-calc(100% - 2px); width:calc(100% - 2px);\"><div style=\"padding:16px;\"> <a href=\"https:\/\/www.instagram.com\/p\/DLm1uMlCd5E\/?utm_source=ig_embed&amp;utm_campaign=loading\" style=\" background:#FFFFFF; line-height:0; padding:0 0; text-align:center; text-decoration:none; width:100%;\" target=\"_blank\"> <div style=\" display: flex; flex-direction: row; align-items: center;\"> <div style=\"background-color: #F4F4F4; border-radius: 50%; flex-grow: 0; height: 40px; margin-right: 14px; width: 40px;\"><\/div> <div style=\"display: flex; flex-direction: column; flex-grow: 1; justify-content: center;\"> <div style=\" background-color: #F4F4F4; border-radius: 4px; flex-grow: 0; height: 14px; margin-bottom: 6px; width: 100px;\"><\/div> <div style=\" background-color: #F4F4F4; border-radius: 4px; flex-grow: 0; height: 14px; width: 60px;\"><\/div><\/div><\/div><div style=\"padding: 19% 0;\"><\/div> <div style=\"display:block; height:50px; margin:0 auto 12px; width:50px;\"><svg width=\"50px\" height=\"50px\" viewBox=\"0 0 60 60\" version=\"1.1\" xmlns=\"https:\/\/www.w3.org\/2000\/svg\" xmlns:xlink=\"https:\/\/www.w3.org\/1999\/xlink\"><g stroke=\"none\" stroke-width=\"1\" fill=\"none\" fill-rule=\"evenodd\"><g transform=\"translate(-511.000000, -20.000000)\" fill=\"#000000\"><g><path d=\"M556.869,30.41 C554.814,30.41 553.148,32.076 553.148,34.131 C553.148,36.186 554.814,37.852 556.869,37.852 C558.924,37.852 560.59,36.186 560.59,34.131 C560.59,32.076 558.924,30.41 556.869,30.41 M541,60.657 C535.114,60.657 530.342,55.887 530.342,50 C530.342,44.114 535.114,39.342 541,39.342 C546.887,39.342 551.658,44.114 551.658,50 C551.658,55.887 546.887,60.657 541,60.657 M541,33.886 C532.1,33.886 524.886,41.1 524.886,50 C524.886,58.899 532.1,66.113 541,66.113 C549.9,66.113 557.115,58.899 557.115,50 C557.115,41.1 549.9,33.886 541,33.886 M565.378,62.101 C565.244,65.022 564.756,66.606 564.346,67.663 C563.803,69.06 563.154,70.057 562.106,71.106 C561.058,72.155 560.06,72.803 558.662,73.347 C557.607,73.757 556.021,74.244 553.102,74.378 C549.944,74.521 548.997,74.552 541,74.552 C533.003,74.552 532.056,74.521 528.898,74.378 C525.979,74.244 524.393,73.757 523.338,73.347 C521.94,72.803 520.942,72.155 519.894,71.106 C518.846,70.057 518.197,69.06 517.654,67.663 C517.244,66.606 516.755,65.022 516.623,62.101 C516.479,58.943 516.448,57.996 516.448,50 C516.448,42.003 516.479,41.056 516.623,37.899 C516.755,34.978 517.244,33.391 517.654,32.338 C518.197,30.938 518.846,29.942 519.894,28.894 C520.942,27.846 521.94,27.196 523.338,26.654 C524.393,26.244 525.979,25.756 528.898,25.623 C532.057,25.479 533.004,25.448 541,25.448 C548.997,25.448 549.943,25.479 553.102,25.623 C556.021,25.756 557.607,26.244 558.662,26.654 C560.06,27.196 561.058,27.846 562.106,28.894 C563.154,29.942 563.803,30.938 564.346,32.338 C564.756,33.391 565.244,34.978 565.378,37.899 C565.522,41.056 565.552,42.003 565.552,50 C565.552,57.996 565.522,58.943 565.378,62.101 M570.82,37.631 C570.674,34.438 570.167,32.258 569.425,30.349 C568.659,28.377 567.633,26.702 565.965,25.035 C564.297,23.368 562.623,22.342 560.652,21.575 C558.743,20.834 556.562,20.326 553.369,20.18 C550.169,20.033 549.148,20 541,20 C532.853,20 531.831,20.033 528.631,20.18 C525.438,20.326 523.257,20.834 521.349,21.575 C519.376,22.342 517.703,23.368 516.035,25.035 C514.368,26.702 513.342,28.377 512.574,30.349 C511.834,32.258 511.326,34.438 511.181,37.631 C511.035,40.831 511,41.851 511,50 C511,58.147 511.035,59.17 511.181,62.369 C511.326,65.562 511.834,67.743 512.574,69.651 C513.342,71.625 514.368,73.296 516.035,74.965 C517.703,76.634 519.376,77.658 521.349,78.425 C523.257,79.167 525.438,79.673 528.631,79.82 C531.831,79.965 532.853,80.001 541,80.001 C549.148,80.001 550.169,79.965 553.369,79.82 C556.562,79.673 558.743,79.167 560.652,78.425 C562.623,77.658 564.297,76.634 565.965,74.965 C567.633,73.296 568.659,71.625 569.425,69.651 C570.167,67.743 570.674,65.562 570.82,62.369 C570.966,59.17 571,58.147 571,50 C571,41.851 570.966,40.831 570.82,37.631\"><\/path><\/g><\/g><\/g><\/svg><\/div><div style=\"padding-top: 8px;\"> <div style=\" color:#3897f0; font-family:Arial,sans-serif; font-size:14px; font-style:normal; font-weight:550; line-height:18px;\">Visualizza questo post su Instagram<\/div><\/div><div style=\"padding: 12.5% 0;\"><\/div> <div style=\"display: flex; flex-direction: row; margin-bottom: 14px; align-items: center;\"><div> <div style=\"background-color: #F4F4F4; border-radius: 50%; height: 12.5px; width: 12.5px; transform: translateX(0px) translateY(7px);\"><\/div> <div style=\"background-color: #F4F4F4; height: 12.5px; transform: rotate(-45deg) translateX(3px) translateY(1px); width: 12.5px; flex-grow: 0; margin-right: 14px; margin-left: 2px;\"><\/div> <div style=\"background-color: #F4F4F4; border-radius: 50%; height: 12.5px; width: 12.5px; transform: translateX(9px) translateY(-18px);\"><\/div><\/div><div style=\"margin-left: 8px;\"> <div style=\" background-color: #F4F4F4; border-radius: 50%; flex-grow: 0; height: 20px; width: 20px;\"><\/div> <div style=\" width: 0; height: 0; border-top: 2px solid transparent; border-left: 6px solid #f4f4f4; border-bottom: 2px solid transparent; transform: translateX(16px) translateY(-4px) rotate(30deg)\"><\/div><\/div><div style=\"margin-left: auto;\"> <div style=\" width: 0px; border-top: 8px solid #F4F4F4; border-right: 8px solid transparent; transform: translateY(16px);\"><\/div> <div style=\" background-color: #F4F4F4; flex-grow: 0; height: 12px; width: 16px; transform: translateY(-4px);\"><\/div> <div style=\" width: 0; height: 0; border-top: 8px solid #F4F4F4; border-left: 8px solid transparent; transform: translateY(-4px) translateX(8px);\"><\/div><\/div><\/div> <div style=\"display: flex; flex-direction: column; flex-grow: 1; justify-content: center; margin-bottom: 24px;\"> <div style=\" background-color: #F4F4F4; border-radius: 4px; flex-grow: 0; height: 14px; margin-bottom: 6px; width: 224px;\"><\/div> <div style=\" background-color: #F4F4F4; border-radius: 4px; flex-grow: 0; height: 14px; width: 144px;\"><\/div><\/div><\/a><p style=\" color:#c9c8cd; font-family:Arial,sans-serif; font-size:14px; line-height:17px; margin-bottom:0; margin-top:8px; overflow:hidden; padding:8px 0 7px; text-align:center; text-overflow:ellipsis; white-space:nowrap;\"><a href=\"https:\/\/www.instagram.com\/p\/DLm1uMlCd5E\/?utm_source=ig_embed&amp;utm_campaign=loading\" style=\" color:#c9c8cd; font-family:Arial,sans-serif; font-size:14px; font-style:normal; font-weight:normal; line-height:17px; text-decoration:none;\" target=\"_blank\">Un post condiviso da Casting News Professional (@castingnews.eu)<\/a><\/p><\/div><\/blockquote>\n<script async src=\"\/\/www.instagram.com\/embed.js\"><\/script>\n\n\n\n<p><strong>Iscriviti alla&nbsp;<a href=\"https:\/\/www.castingnewsletter.eu\/CastingNewsPro\/\" target=\"_blank\" rel=\"noreferrer noopener\">newsletter giornaliera<\/a>&nbsp;di Casting News Professional per ricevere le ultime notizie sui casting aperti, provini e audizioni.<\/strong><\/p>\n\n<div style=\"font-size: 0px; height: 0px; line-height: 0px; margin: 0; padding: 0; clear: both;\"><\/div>","protected":false},"excerpt":{"rendered":"<p>Dopo l\u2019enorme successo della prima serie, in post-produzione per Rai\u202f1, Lux Vide conferma il radioso futuro del suo progetto internazionale. Quando si accenderanno di nuovo le telecamere? La risposta arriva da fonti vicine alla produzione e dalla Calabria Film Commission: le riprese della seconda stagione sono previste nel&nbsp;2026, con ritorno nella regione gi\u00e0 simbolo delle [&hellip;]<\/p>\n","protected":false},"author":1,"featured_media":10431,"comment_status":"open","ping_status":"open","sticky":false,"template":"","format":"standard","meta":{"tdm_status":"","tdm_grid_status":"","footnotes":""},"categories":[56,3954,1462,1533,71,21,31],"tags":[1826,2878,8117,6672,272,273,6876,8120,2877,6478,3076,8119,2876,8115,8116,1611,8118,8121],"class_list":{"0":"post-10430","1":"post","2":"type-post","3":"status-publish","4":"format-standard","5":"has-post-thumbnail","7":"category-avventura-genere","8":"category-calabria","9":"category-fiction-tv","10":"category-featured","11":"category-italia-paese","12":"category-in-primo-piano","13":"category-progetti-tv","14":"tag-calabria","15":"tag-can-yaman","16":"tag-capo-vaticano","17":"tag-cast-internazionale","18":"tag-casting-magazine","19":"tag-casting-news","20":"tag-fiction-italiana","21":"tag-lamezia-terme","22":"tag-lux-vide","23":"tag-produzione-televisiva","24":"tag-rai-1","25":"tag-riprese-2026","26":"tag-sandokan","27":"tag-sandokan2","28":"tag-seconda-stagione","29":"tag-serie-tv","30":"tag-tropea","31":"tag-turismo-cinematografico"},"yoast_head":"<!-- This site is optimized with the Yoast SEO plugin v27.4 - https:\/\/yoast.com\/product\/yoast-seo-wordpress\/ -->\r\n<title>La Tigre della Malesia torna in Calabria: al via la seconda stagione di Sandokan - Casting News Magazine<\/title>\r\n<meta name=\"description\" content=\"La fiction Sandokan, attualmente in post-produzione per Rai 1, avr\u00e0 una seconda stagione girata nuovamente in Calabria.\" \/>\r\n<meta name=\"robots\" content=\"index, follow, max-snippet:-1, max-image-preview:large, max-video-preview:-1\" \/>\r\n<link rel=\"canonical\" href=\"https:\/\/www.castingnews.eu\/magazine\/2025\/07\/02\/la-tigre-della-malesia-torna-in-calabria-al-via-la-seconda-stagione-di-sandokan\/\" \/>\r\n<meta property=\"og:locale\" content=\"it_IT\" \/>\r\n<meta property=\"og:type\" content=\"article\" \/>\r\n<meta property=\"og:title\" content=\"La Tigre della Malesia torna in Calabria: al via la seconda stagione di Sandokan - Casting News Magazine\" \/>\r\n<meta property=\"og:description\" content=\"La fiction Sandokan, attualmente in post-produzione per Rai 1, avr\u00e0 una seconda stagione girata nuovamente in Calabria.\" \/>\r\n<meta property=\"og:url\" content=\"https:\/\/www.castingnews.eu\/magazine\/2025\/07\/02\/la-tigre-della-malesia-torna-in-calabria-al-via-la-seconda-stagione-di-sandokan\/\" \/>\r\n<meta property=\"og:site_name\" content=\"Casting News Magazine\" \/>\r\n<meta property=\"article:published_time\" content=\"2025-07-02T11:32:41+00:00\" \/>\r\n<meta property=\"article:modified_time\" content=\"2025-07-02T13:24:33+00:00\" \/>\r\n<meta property=\"og:image\" content=\"https:\/\/www.castingnews.eu\/magazine\/wp-content\/uploads\/2025\/07\/Sandokan-2-Can-Yaman-seconda-stagione.jpg\" \/>\r\n\t<meta property=\"og:image:width\" content=\"1200\" \/>\r\n\t<meta property=\"og:image:height\" content=\"670\" \/>\r\n\t<meta property=\"og:image:type\" content=\"image\/jpeg\" \/>\r\n<meta name=\"author\" content=\"Redazione\" \/>\r\n<meta name=\"twitter:card\" content=\"summary_large_image\" \/>\r\n<meta name=\"twitter:label1\" content=\"Scritto da\" \/>\n\t<meta name=\"twitter:data1\" content=\"Redazione\" \/>\n\t<meta name=\"twitter:label2\" content=\"Tempo di lettura stimato\" \/>\n\t<meta name=\"twitter:data2\" content=\"2 minuti\" \/>\r\n<script type=\"application\/ld+json\" class=\"yoast-schema-graph\">{\"@context\":\"https:\\\/\\\/schema.org\",\"@graph\":[{\"@type\":\"Article\",\"@id\":\"https:\\\/\\\/www.castingnews.eu\\\/magazine\\\/2025\\\/07\\\/02\\\/la-tigre-della-malesia-torna-in-calabria-al-via-la-seconda-stagione-di-sandokan\\\/#article\",\"isPartOf\":{\"@id\":\"https:\\\/\\\/www.castingnews.eu\\\/magazine\\\/2025\\\/07\\\/02\\\/la-tigre-della-malesia-torna-in-calabria-al-via-la-seconda-stagione-di-sandokan\\\/\"},\"author\":{\"name\":\"Redazione\",\"@id\":\"https:\\\/\\\/www.castingnews.eu\\\/magazine\\\/#\\\/schema\\\/person\\\/099d71c568c9a7e5e4037b1594108f17\"},\"headline\":\"La Tigre della Malesia torna in Calabria: al via la seconda stagione di Sandokan\",\"datePublished\":\"2025-07-02T11:32:41+00:00\",\"dateModified\":\"2025-07-02T13:24:33+00:00\",\"mainEntityOfPage\":{\"@id\":\"https:\\\/\\\/www.castingnews.eu\\\/magazine\\\/2025\\\/07\\\/02\\\/la-tigre-della-malesia-torna-in-calabria-al-via-la-seconda-stagione-di-sandokan\\\/\"},\"wordCount\":297,\"commentCount\":0,\"image\":{\"@id\":\"https:\\\/\\\/www.castingnews.eu\\\/magazine\\\/2025\\\/07\\\/02\\\/la-tigre-della-malesia-torna-in-calabria-al-via-la-seconda-stagione-di-sandokan\\\/#primaryimage\"},\"thumbnailUrl\":\"https:\\\/\\\/www.castingnews.eu\\\/magazine\\\/wp-content\\\/uploads\\\/2025\\\/07\\\/Sandokan-2-Can-Yaman-seconda-stagione.jpg\",\"keywords\":[\"Calabria\",\"Can Yaman\",\"Capo Vaticano\",\"cast internazionale\",\"Casting Magazine\",\"Casting News\",\"fiction italiana\",\"Lamezia Terme\",\"Lux Vide\",\"produzione televisiva\",\"Rai 1\",\"riprese 2026\",\"Sandokan\",\"Sandokan2\",\"seconda stagione\",\"Serie tv\",\"Tropea\",\"turismo cinematografico\"],\"articleSection\":[\"Avventura\",\"Calabria\",\"Fiction TV\",\"In primo piano\",\"Italia\",\"Primo piano\",\"Progetti TV\"],\"inLanguage\":\"it-IT\",\"potentialAction\":[{\"@type\":\"CommentAction\",\"name\":\"Comment\",\"target\":[\"https:\\\/\\\/www.castingnews.eu\\\/magazine\\\/2025\\\/07\\\/02\\\/la-tigre-della-malesia-torna-in-calabria-al-via-la-seconda-stagione-di-sandokan\\\/#respond\"]}]},{\"@type\":\"WebPage\",\"@id\":\"https:\\\/\\\/www.castingnews.eu\\\/magazine\\\/2025\\\/07\\\/02\\\/la-tigre-della-malesia-torna-in-calabria-al-via-la-seconda-stagione-di-sandokan\\\/\",\"url\":\"https:\\\/\\\/www.castingnews.eu\\\/magazine\\\/2025\\\/07\\\/02\\\/la-tigre-della-malesia-torna-in-calabria-al-via-la-seconda-stagione-di-sandokan\\\/\",\"name\":\"La Tigre della Malesia torna in Calabria: al via la seconda stagione di Sandokan - Casting News Magazine\",\"isPartOf\":{\"@id\":\"https:\\\/\\\/www.castingnews.eu\\\/magazine\\\/#website\"},\"primaryImageOfPage\":{\"@id\":\"https:\\\/\\\/www.castingnews.eu\\\/magazine\\\/2025\\\/07\\\/02\\\/la-tigre-della-malesia-torna-in-calabria-al-via-la-seconda-stagione-di-sandokan\\\/#primaryimage\"},\"image\":{\"@id\":\"https:\\\/\\\/www.castingnews.eu\\\/magazine\\\/2025\\\/07\\\/02\\\/la-tigre-della-malesia-torna-in-calabria-al-via-la-seconda-stagione-di-sandokan\\\/#primaryimage\"},\"thumbnailUrl\":\"https:\\\/\\\/www.castingnews.eu\\\/magazine\\\/wp-content\\\/uploads\\\/2025\\\/07\\\/Sandokan-2-Can-Yaman-seconda-stagione.jpg\",\"datePublished\":\"2025-07-02T11:32:41+00:00\",\"dateModified\":\"2025-07-02T13:24:33+00:00\",\"author\":{\"@id\":\"https:\\\/\\\/www.castingnews.eu\\\/magazine\\\/#\\\/schema\\\/person\\\/099d71c568c9a7e5e4037b1594108f17\"},\"description\":\"La fiction Sandokan, attualmente in post-produzione per Rai 1, avr\u00e0 una seconda stagione girata nuovamente in Calabria.\",\"breadcrumb\":{\"@id\":\"https:\\\/\\\/www.castingnews.eu\\\/magazine\\\/2025\\\/07\\\/02\\\/la-tigre-della-malesia-torna-in-calabria-al-via-la-seconda-stagione-di-sandokan\\\/#breadcrumb\"},\"inLanguage\":\"it-IT\",\"potentialAction\":[{\"@type\":\"ReadAction\",\"target\":[\"https:\\\/\\\/www.castingnews.eu\\\/magazine\\\/2025\\\/07\\\/02\\\/la-tigre-della-malesia-torna-in-calabria-al-via-la-seconda-stagione-di-sandokan\\\/\"]}]},{\"@type\":\"ImageObject\",\"inLanguage\":\"it-IT\",\"@id\":\"https:\\\/\\\/www.castingnews.eu\\\/magazine\\\/2025\\\/07\\\/02\\\/la-tigre-della-malesia-torna-in-calabria-al-via-la-seconda-stagione-di-sandokan\\\/#primaryimage\",\"url\":\"https:\\\/\\\/www.castingnews.eu\\\/magazine\\\/wp-content\\\/uploads\\\/2025\\\/07\\\/Sandokan-2-Can-Yaman-seconda-stagione.jpg\",\"contentUrl\":\"https:\\\/\\\/www.castingnews.eu\\\/magazine\\\/wp-content\\\/uploads\\\/2025\\\/07\\\/Sandokan-2-Can-Yaman-seconda-stagione.jpg\",\"width\":1200,\"height\":670,\"caption\":\"Sandokan con Can Yaman\"},{\"@type\":\"BreadcrumbList\",\"@id\":\"https:\\\/\\\/www.castingnews.eu\\\/magazine\\\/2025\\\/07\\\/02\\\/la-tigre-della-malesia-torna-in-calabria-al-via-la-seconda-stagione-di-sandokan\\\/#breadcrumb\",\"itemListElement\":[{\"@type\":\"ListItem\",\"position\":1,\"name\":\"Home\",\"item\":\"https:\\\/\\\/www.castingnews.eu\\\/magazine\\\/\"},{\"@type\":\"ListItem\",\"position\":2,\"name\":\"La Tigre della Malesia torna in Calabria: al via la seconda stagione di Sandokan\"}]},{\"@type\":\"WebSite\",\"@id\":\"https:\\\/\\\/www.castingnews.eu\\\/magazine\\\/#website\",\"url\":\"https:\\\/\\\/www.castingnews.eu\\\/magazine\\\/\",\"name\":\"Casting News Magazine\",\"description\":\"News e aggiornamenti sui film, serie tv, teatro e festival italiani ed internazionali\",\"potentialAction\":[{\"@type\":\"SearchAction\",\"target\":{\"@type\":\"EntryPoint\",\"urlTemplate\":\"https:\\\/\\\/www.castingnews.eu\\\/magazine\\\/?s={search_term_string}\"},\"query-input\":{\"@type\":\"PropertyValueSpecification\",\"valueRequired\":true,\"valueName\":\"search_term_string\"}}],\"inLanguage\":\"it-IT\"},{\"@type\":\"Person\",\"@id\":\"https:\\\/\\\/www.castingnews.eu\\\/magazine\\\/#\\\/schema\\\/person\\\/099d71c568c9a7e5e4037b1594108f17\",\"name\":\"Redazione\",\"image\":{\"@type\":\"ImageObject\",\"inLanguage\":\"it-IT\",\"@id\":\"https:\\\/\\\/secure.gravatar.com\\\/avatar\\\/b73a087aa3bd279fb70d24f1960a91c82cf67619395b60b564c90e9e5d5325fc?s=96&d=mm&r=g\",\"url\":\"https:\\\/\\\/secure.gravatar.com\\\/avatar\\\/b73a087aa3bd279fb70d24f1960a91c82cf67619395b60b564c90e9e5d5325fc?s=96&d=mm&r=g\",\"contentUrl\":\"https:\\\/\\\/secure.gravatar.com\\\/avatar\\\/b73a087aa3bd279fb70d24f1960a91c82cf67619395b60b564c90e9e5d5325fc?s=96&d=mm&r=g\",\"caption\":\"Redazione\"},\"description\":\"News e aggiornamenti sui film, serie tv, teatro e festival italiani ed internazionali.\",\"url\":\"https:\\\/\\\/www.castingnews.eu\\\/magazine\\\/author\\\/redazione\\\/\"}]}<\/script>\r\n<!-- \/ Yoast SEO plugin. -->","yoast_head_json":{"title":"La Tigre della Malesia torna in Calabria: al via la seconda stagione di Sandokan - Casting News Magazine","description":"La fiction Sandokan, attualmente in post-produzione per Rai 1, avr\u00e0 una seconda stagione girata nuovamente in Calabria.","robots":{"index":"index","follow":"follow","max-snippet":"max-snippet:-1","max-image-preview":"max-image-preview:large","max-video-preview":"max-video-preview:-1"},"canonical":"https:\/\/www.castingnews.eu\/magazine\/2025\/07\/02\/la-tigre-della-malesia-torna-in-calabria-al-via-la-seconda-stagione-di-sandokan\/","og_locale":"it_IT","og_type":"article","og_title":"La Tigre della Malesia torna in Calabria: al via la seconda stagione di Sandokan - Casting News Magazine","og_description":"La fiction Sandokan, attualmente in post-produzione per Rai 1, avr\u00e0 una seconda stagione girata nuovamente in Calabria.","og_url":"https:\/\/www.castingnews.eu\/magazine\/2025\/07\/02\/la-tigre-della-malesia-torna-in-calabria-al-via-la-seconda-stagione-di-sandokan\/","og_site_name":"Casting News Magazine","article_published_time":"2025-07-02T11:32:41+00:00","article_modified_time":"2025-07-02T13:24:33+00:00","og_image":[{"width":1200,"height":670,"url":"https:\/\/www.castingnews.eu\/magazine\/wp-content\/uploads\/2025\/07\/Sandokan-2-Can-Yaman-seconda-stagione.jpg","type":"image\/jpeg"}],"author":"Redazione","twitter_card":"summary_large_image","twitter_misc":{"Scritto da":"Redazione","Tempo di lettura stimato":"2 minuti"},"schema":{"@context":"https:\/\/schema.org","@graph":[{"@type":"Article","@id":"https:\/\/www.castingnews.eu\/magazine\/2025\/07\/02\/la-tigre-della-malesia-torna-in-calabria-al-via-la-seconda-stagione-di-sandokan\/#article","isPartOf":{"@id":"https:\/\/www.castingnews.eu\/magazine\/2025\/07\/02\/la-tigre-della-malesia-torna-in-calabria-al-via-la-seconda-stagione-di-sandokan\/"},"author":{"name":"Redazione","@id":"https:\/\/www.castingnews.eu\/magazine\/#\/schema\/person\/099d71c568c9a7e5e4037b1594108f17"},"headline":"La Tigre della Malesia torna in Calabria: al via la seconda stagione di Sandokan","datePublished":"2025-07-02T11:32:41+00:00","dateModified":"2025-07-02T13:24:33+00:00","mainEntityOfPage":{"@id":"https:\/\/www.castingnews.eu\/magazine\/2025\/07\/02\/la-tigre-della-malesia-torna-in-calabria-al-via-la-seconda-stagione-di-sandokan\/"},"wordCount":297,"commentCount":0,"image":{"@id":"https:\/\/www.castingnews.eu\/magazine\/2025\/07\/02\/la-tigre-della-malesia-torna-in-calabria-al-via-la-seconda-stagione-di-sandokan\/#primaryimage"},"thumbnailUrl":"https:\/\/www.castingnews.eu\/magazine\/wp-content\/uploads\/2025\/07\/Sandokan-2-Can-Yaman-seconda-stagione.jpg","keywords":["Calabria","Can Yaman","Capo Vaticano","cast internazionale","Casting Magazine","Casting News","fiction italiana","Lamezia Terme","Lux Vide","produzione televisiva","Rai 1","riprese 2026","Sandokan","Sandokan2","seconda stagione","Serie tv","Tropea","turismo cinematografico"],"articleSection":["Avventura","Calabria","Fiction TV","In primo piano","Italia","Primo piano","Progetti TV"],"inLanguage":"it-IT","potentialAction":[{"@type":"CommentAction","name":"Comment","target":["https:\/\/www.castingnews.eu\/magazine\/2025\/07\/02\/la-tigre-della-malesia-torna-in-calabria-al-via-la-seconda-stagione-di-sandokan\/#respond"]}]},{"@type":"WebPage","@id":"https:\/\/www.castingnews.eu\/magazine\/2025\/07\/02\/la-tigre-della-malesia-torna-in-calabria-al-via-la-seconda-stagione-di-sandokan\/","url":"https:\/\/www.castingnews.eu\/magazine\/2025\/07\/02\/la-tigre-della-malesia-torna-in-calabria-al-via-la-seconda-stagione-di-sandokan\/","name":"La Tigre della Malesia torna in Calabria: al via la seconda stagione di Sandokan - Casting News Magazine","isPartOf":{"@id":"https:\/\/www.castingnews.eu\/magazine\/#website"},"primaryImageOfPage":{"@id":"https:\/\/www.castingnews.eu\/magazine\/2025\/07\/02\/la-tigre-della-malesia-torna-in-calabria-al-via-la-seconda-stagione-di-sandokan\/#primaryimage"},"image":{"@id":"https:\/\/www.castingnews.eu\/magazine\/2025\/07\/02\/la-tigre-della-malesia-torna-in-calabria-al-via-la-seconda-stagione-di-sandokan\/#primaryimage"},"thumbnailUrl":"https:\/\/www.castingnews.eu\/magazine\/wp-content\/uploads\/2025\/07\/Sandokan-2-Can-Yaman-seconda-stagione.jpg","datePublished":"2025-07-02T11:32:41+00:00","dateModified":"2025-07-02T13:24:33+00:00","author":{"@id":"https:\/\/www.castingnews.eu\/magazine\/#\/schema\/person\/099d71c568c9a7e5e4037b1594108f17"},"description":"La fiction Sandokan, attualmente in post-produzione per Rai 1, avr\u00e0 una seconda stagione girata nuovamente in Calabria.","breadcrumb":{"@id":"https:\/\/www.castingnews.eu\/magazine\/2025\/07\/02\/la-tigre-della-malesia-torna-in-calabria-al-via-la-seconda-stagione-di-sandokan\/#breadcrumb"},"inLanguage":"it-IT","potentialAction":[{"@type":"ReadAction","target":["https:\/\/www.castingnews.eu\/magazine\/2025\/07\/02\/la-tigre-della-malesia-torna-in-calabria-al-via-la-seconda-stagione-di-sandokan\/"]}]},{"@type":"ImageObject","inLanguage":"it-IT","@id":"https:\/\/www.castingnews.eu\/magazine\/2025\/07\/02\/la-tigre-della-malesia-torna-in-calabria-al-via-la-seconda-stagione-di-sandokan\/#primaryimage","url":"https:\/\/www.castingnews.eu\/magazine\/wp-content\/uploads\/2025\/07\/Sandokan-2-Can-Yaman-seconda-stagione.jpg","contentUrl":"https:\/\/www.castingnews.eu\/magazine\/wp-content\/uploads\/2025\/07\/Sandokan-2-Can-Yaman-seconda-stagione.jpg","width":1200,"height":670,"caption":"Sandokan con Can Yaman"},{"@type":"BreadcrumbList","@id":"https:\/\/www.castingnews.eu\/magazine\/2025\/07\/02\/la-tigre-della-malesia-torna-in-calabria-al-via-la-seconda-stagione-di-sandokan\/#breadcrumb","itemListElement":[{"@type":"ListItem","position":1,"name":"Home","item":"https:\/\/www.castingnews.eu\/magazine\/"},{"@type":"ListItem","position":2,"name":"La Tigre della Malesia torna in Calabria: al via la seconda stagione di Sandokan"}]},{"@type":"WebSite","@id":"https:\/\/www.castingnews.eu\/magazine\/#website","url":"https:\/\/www.castingnews.eu\/magazine\/","name":"Casting News Magazine","description":"News e aggiornamenti sui film, serie tv, teatro e festival italiani ed internazionali","potentialAction":[{"@type":"SearchAction","target":{"@type":"EntryPoint","urlTemplate":"https:\/\/www.castingnews.eu\/magazine\/?s={search_term_string}"},"query-input":{"@type":"PropertyValueSpecification","valueRequired":true,"valueName":"search_term_string"}}],"inLanguage":"it-IT"},{"@type":"Person","@id":"https:\/\/www.castingnews.eu\/magazine\/#\/schema\/person\/099d71c568c9a7e5e4037b1594108f17","name":"Redazione","image":{"@type":"ImageObject","inLanguage":"it-IT","@id":"https:\/\/secure.gravatar.com\/avatar\/b73a087aa3bd279fb70d24f1960a91c82cf67619395b60b564c90e9e5d5325fc?s=96&d=mm&r=g","url":"https:\/\/secure.gravatar.com\/avatar\/b73a087aa3bd279fb70d24f1960a91c82cf67619395b60b564c90e9e5d5325fc?s=96&d=mm&r=g","contentUrl":"https:\/\/secure.gravatar.com\/avatar\/b73a087aa3bd279fb70d24f1960a91c82cf67619395b60b564c90e9e5d5325fc?s=96&d=mm&r=g","caption":"Redazione"},"description":"News e aggiornamenti sui film, serie tv, teatro e festival italiani ed internazionali.","url":"https:\/\/www.castingnews.eu\/magazine\/author\/redazione\/"}]}},"_links":{"self":[{"href":"https:\/\/www.castingnews.eu\/magazine\/wp-json\/wp\/v2\/posts\/10430","targetHints":{"allow":["GET"]}}],"collection":[{"href":"https:\/\/www.castingnews.eu\/magazine\/wp-json\/wp\/v2\/posts"}],"about":[{"href":"https:\/\/www.castingnews.eu\/magazine\/wp-json\/wp\/v2\/types\/post"}],"author":[{"embeddable":true,"href":"https:\/\/www.castingnews.eu\/magazine\/wp-json\/wp\/v2\/users\/1"}],"replies":[{"embeddable":true,"href":"https:\/\/www.castingnews.eu\/magazine\/wp-json\/wp\/v2\/comments?post=10430"}],"version-history":[{"count":2,"href":"https:\/\/www.castingnews.eu\/magazine\/wp-json\/wp\/v2\/posts\/10430\/revisions"}],"predecessor-version":[{"id":10434,"href":"https:\/\/www.castingnews.eu\/magazine\/wp-json\/wp\/v2\/posts\/10430\/revisions\/10434"}],"wp:featuredmedia":[{"embeddable":true,"href":"https:\/\/www.castingnews.eu\/magazine\/wp-json\/wp\/v2\/media\/10431"}],"wp:attachment":[{"href":"https:\/\/www.castingnews.eu\/magazine\/wp-json\/wp\/v2\/media?parent=10430"}],"wp:term":[{"taxonomy":"category","embeddable":true,"href":"https:\/\/www.castingnews.eu\/magazine\/wp-json\/wp\/v2\/categories?post=10430"},{"taxonomy":"post_tag","embeddable":true,"href":"https:\/\/www.castingnews.eu\/magazine\/wp-json\/wp\/v2\/tags?post=10430"}],"curies":[{"name":"wp","href":"https:\/\/api.w.org\/{rel}","templated":true}]}}