{"id":10404,"date":"2025-06-26T14:00:20","date_gmt":"2025-06-26T12:00:20","guid":{"rendered":"https:\/\/www.castingnews.eu\/magazine\/?p=10404"},"modified":"2025-06-26T14:00:22","modified_gmt":"2025-06-26T12:00:22","slug":"marcia-gay-harden-allischia-film-festival-loscar-incontra-la-magia-dellisola","status":"publish","type":"post","link":"https:\/\/www.castingnews.eu\/magazine\/2025\/06\/26\/marcia-gay-harden-allischia-film-festival-loscar-incontra-la-magia-dellisola\/","title":{"rendered":"Marcia Gay Harden all\u2019Ischia Film Festival: l\u2019Oscar incontra la magia dell\u2019isola"},"content":{"rendered":"\n<p><em>Ischia, 26 giugno 2025<\/em> \u2013 La ventitreesima edizione dell\u2019Ischia Film Festival accoglie una delle interpreti pi\u00f9 intense e versatili del panorama internazionale: Marcia Gay Harden. L\u2019attrice americana, Premio Oscar nel 2001 per <em>Pollock<\/em>, sar\u00e0 protagonista di una serata speciale domenica 29 giugno alle ore 21:00 nella suggestiva cornice della Cattedrale dell&#8217;Assunta, dove incontrer\u00e0 il pubblico e ricever\u00e0 il <strong>Premio alla Carriera<\/strong>. L\u2019omaggio proseguir\u00e0 con la proiezione di <em>Miller&#8217;s Crossing<\/em> dei fratelli Coen, in cui Harden interpret\u00f2 la memorabile Verna Bernbaum.<\/p><div class=\"6d3639e8c6ac292cde400fad8ff8a5b9\" data-index=\"1\" style=\"float: none; margin:10px 0 10px 0; text-align:center;\">\n<script async src=\"\/\/pagead2.googlesyndication.com\/pagead\/js\/adsbygoogle.js\"><\/script>\r\n<!-- Casting Bambini NEW -->\r\n<ins class=\"adsbygoogle\"\r\n     style=\"display:inline-block;width:336px;height:280px\"\r\n     data-ad-client=\"ca-pub-5538097485429833\"\r\n     data-ad-slot=\"5127154445\"><\/ins>\r\n<script>\r\n(adsbygoogle = window.adsbygoogle || []).push({});\r\n<\/script>\n<\/div>\n\n\n\n\n<p>Attrice dalla straordinaria profondit\u00e0 espressiva, Harden ha attraversato decenni di cinema d\u2019autore e mainstream, lavorando con registi come Clint Eastwood (<em>Mystic River<\/em>), Sean Penn (<em>Into the Wild<\/em>) e Roman Polanski (<em>Carnage<\/em>). Con una filmografia che spazia da <em>Vi presento Joe Black<\/em> a <em>Detachment<\/em>, fino alla recente attivit\u00e0 teatrale e televisiva, la sua carriera \u00e8 un esempio di dedizione e versatilit\u00e0. Nel 2009 ha ricevuto anche il Tony Award per la sua interpretazione in <em>God of Carnage<\/em>.<br>\u00abPartecipare all&#8217;Ischia Film Festival significa rinnovare il mio amore per il cinema in un luogo dove l&#8217;arte incontra la bellezza del paesaggio. Sono profondamente onorata del Premio alla Carriera e non vedo l&#8217;ora di scoprire la magia di quest\u2019isola\u00bb, ha dichiarato l\u2019attrice.<\/p>\n\n\n\n<h3 class=\"wp-block-heading\">Tra cinema, fotografia e formazione: un programma ricco di eventi<\/h3>\n\n\n\n<p>Il festival, diretto da Michelangelo Messina, conferma anche quest\u2019anno la sua vocazione culturale e internazionale. Tra gli eventi collaterali spicca la mostra fotografica <em>\u201cVedere, ascoltare. Appunti fotografici su L\u2019amore buio\u201d<\/em> di <strong>Gianni Fiorito<\/strong>, realizzata in collaborazione con l\u2019Accademia di Belle Arti di Napoli. L\u2019esposizione racconta il lavoro sul set del film di Antonio Capuano, restituendone l\u2019atmosfera creativa e il rapporto con i luoghi.<\/p>\n\n\n\n<p>A corredo, sar\u00e0 presentato il volume <em>\u201cLo sguardo attivo di Gianni Fiorito\u201d<\/em>, dedicato al fotogiornalismo e alla fotografia di scena, a cura di Armando Andria, Alessia Brandoni e Fabrizio Croce.<\/p>\n\n\n\n<h3 class=\"wp-block-heading\">Il ruolo del casting: focus con esperti internazionali<\/h3>\n\n\n\n<p>Marted\u00ec 1\u00b0 luglio, alla Colombaia, il festival ospiter\u00e0 <strong>\u201cSimposio\u201d<\/strong>, un doppio panel realizzato in collaborazione con l&#8217;International Casting Directors Association e l&#8217;Unione Italiana Casting Directors. Il primo incontro, <em>\u201cCome valorizzare il tuo progetto con un cast internazionale\u201d<\/em>, vedr\u00e0 la partecipazione di <strong>Donna Morong<\/strong>, <strong>Maurilio Mangano<\/strong>, <strong>Barbara Giordani<\/strong> e <strong>Laura Muccino<\/strong>.<\/p>\n\n\n\n<p>Seguir\u00e0 il panel <em>\u201cCome il casting mette in contatto i registi emergenti con i grandi talenti\u201d<\/em>, moderato dal critico <strong>Antonio Capellupo<\/strong>, alla presenza di Marcia Gay Harden, Donna Morong e altri importanti professionisti, tra cui <strong>Florinda Martusciello<\/strong>, presidente dei casting director italiani.<\/p>\n\n\n\n<h3 class=\"wp-block-heading\">Omaggio ad Alida Valli<\/h3>\n\n\n\n<p>Mercoled\u00ec 2 luglio sar\u00e0 invece dedicato ad <strong>Alida Valli<\/strong>, icona del cinema italiano. Alla Colombaia verr\u00e0 proiettato il docufilm <em>Alida<\/em>, prodotto da Venice Film e Rai Cinema. La serata sar\u00e0 introdotta dal critico <strong>Alessandro Cuk<\/strong>, autore del libro <em>Alida Valli. Da Pola a Hollywood e oltre<\/em>.<\/p>\n\n\n\n<h3 class=\"wp-block-heading\">Masterclass e formazione con il progetto C-FABIT<\/h3>\n\n\n\n<p>Per l\u2019edizione 2025, l\u2019Ischia Film Festival si apre anche alla formazione con un ciclo di <strong>masterclass organizzate con l\u2019Accademia di Belle Arti di Napoli<\/strong>, tenute da figure di spicco del cinema italiano e internazionale. Le attivit\u00e0 fanno parte del progetto <strong>C-FABIT \u2013 Cinematic Futures<\/strong>, finanziato dal PNRR e rivolto agli allievi del Dottorato di Ricerca di Interesse Nazionale (DIN).<\/p>\n\n\n\n<h3 class=\"wp-block-heading\">Una festa del cinema tra luce, visioni e paesaggi<\/h3>\n\n\n\n<p>Dal 28 giugno al 5 luglio, lo storico <strong>Castello Aragonese<\/strong> far\u00e0 da sfondo alle proiezioni, agli incontri con gli autori e agli eventi speciali, rendendo l\u2019Ischia Film Festival non solo una rassegna cinematografica, ma un vero e proprio <strong>luogo di dialogo tra arte, territorio e visioni del mondo<\/strong>. Il manifesto 2025, attraversato da pellicole multicolori, sintetizza lo spirito di un\u2019edizione che celebra la meraviglia e la pluralit\u00e0 del racconto cinematografico.<\/p>\n\n\n\n<p>Il festival \u00e8 sostenuto da <strong>MiC \u2013 Direzione Generale Cinema e Audiovisivo<\/strong>, <strong>Regione Campania \u2013 Film Commission Regione Campania<\/strong>, <strong>BONACINA<\/strong>, <strong>BPER Banca<\/strong>, <strong>TRECCANI Esperienze<\/strong> e <strong>ViVeTech<\/strong>.<br>\ud83d\udccd Maggiori informazioni: <a class=\"\" href=\"http:\/\/www.ischiafilmfestival.it\">www.ischiafilmfestival.it<\/a><\/p>\n\n\n\n<p><strong>Iscriviti alla\u00a0<a href=\"https:\/\/www.castingnewsletter.eu\/CastingNewsPro\/\" target=\"_blank\" rel=\"noreferrer noopener\">newsletter giornaliera<\/a>\u00a0di Casting News Professional per ricevere le ultime notizie sui casting aperti, provini e audizioni.<\/strong><\/p>\n\n<div style=\"font-size: 0px; height: 0px; line-height: 0px; margin: 0; padding: 0; clear: both;\"><\/div>","protected":false},"excerpt":{"rendered":"<p>Ischia, 26 giugno 2025 \u2013 La ventitreesima edizione dell\u2019Ischia Film Festival accoglie una delle interpreti pi\u00f9 intense e versatili del panorama internazionale: Marcia Gay Harden. L\u2019attrice americana, Premio Oscar nel 2001 per Pollock, sar\u00e0 protagonista di una serata speciale domenica 29 giugno alle ore 21:00 nella suggestiva cornice della Cattedrale dell&#8217;Assunta, dove incontrer\u00e0 il pubblico [&hellip;]<\/p>\n","protected":false},"author":1,"featured_media":10405,"comment_status":"open","ping_status":"open","sticky":false,"template":"","format":"standard","meta":{"tdm_status":"","tdm_grid_status":"","footnotes":""},"categories":[3955,11,1533,71,21],"tags":[8089,7922,269,272,273,7223,1985,8085,8090,518,8088,7901,2904,8086,967,2912,8087],"class_list":{"0":"post-10404","1":"post","2":"type-post","3":"status-publish","4":"format-standard","5":"has-post-thumbnail","7":"category-campania","8":"category-festival","9":"category-featured","10":"category-italia-paese","11":"category-in-primo-piano","12":"tag-alida-valli","13":"tag-castello-aragonese","14":"tag-casting-director","15":"tag-casting-magazine","16":"tag-casting-news","17":"tag-cinema-internazionale","18":"tag-cinema-italiano","19":"tag-eventi-culturali","20":"tag-festival-2025","21":"tag-festival-del-cinema","22":"tag-gianni-fiorito","23":"tag-ischia-film-festival","24":"tag-marcia-gay-harden","25":"tag-masterclass-cinema","26":"tag-mostra-fotografica","27":"tag-premio-alla-carriera","28":"tag-proiezioni-speciali"},"yoast_head":"<!-- This site is optimized with the Yoast SEO plugin v27.4 - https:\/\/yoast.com\/product\/yoast-seo-wordpress\/ -->\r\n<title>Marcia Gay Harden all\u2019Ischia Film Festival: l\u2019Oscar incontra la magia dell\u2019isola - Casting News Magazine<\/title>\r\n<meta name=\"description\" content=\"L\u2019Ischia Film Festival celebra Marcia Gay Harden e propone un ricco programma tra cinema, arte e formazione.\" \/>\r\n<meta name=\"robots\" content=\"index, follow, max-snippet:-1, max-image-preview:large, max-video-preview:-1\" \/>\r\n<link rel=\"canonical\" href=\"https:\/\/www.castingnews.eu\/magazine\/2025\/06\/26\/marcia-gay-harden-allischia-film-festival-loscar-incontra-la-magia-dellisola\/\" \/>\r\n<meta property=\"og:locale\" content=\"it_IT\" \/>\r\n<meta property=\"og:type\" content=\"article\" \/>\r\n<meta property=\"og:title\" content=\"Marcia Gay Harden all\u2019Ischia Film Festival: l\u2019Oscar incontra la magia dell\u2019isola - Casting News Magazine\" \/>\r\n<meta property=\"og:description\" content=\"L\u2019Ischia Film Festival celebra Marcia Gay Harden e propone un ricco programma tra cinema, arte e formazione.\" \/>\r\n<meta property=\"og:url\" content=\"https:\/\/www.castingnews.eu\/magazine\/2025\/06\/26\/marcia-gay-harden-allischia-film-festival-loscar-incontra-la-magia-dellisola\/\" \/>\r\n<meta property=\"og:site_name\" content=\"Casting News Magazine\" \/>\r\n<meta property=\"article:published_time\" content=\"2025-06-26T12:00:20+00:00\" \/>\r\n<meta property=\"article:modified_time\" content=\"2025-06-26T12:00:22+00:00\" \/>\r\n<meta property=\"og:image\" content=\"https:\/\/www.castingnews.eu\/magazine\/wp-content\/uploads\/2025\/06\/Marcia-Gay-Harden-Foro-credit-John-Russo.jpeg\" \/>\r\n\t<meta property=\"og:image:width\" content=\"1043\" \/>\r\n\t<meta property=\"og:image:height\" content=\"1391\" \/>\r\n\t<meta property=\"og:image:type\" content=\"image\/jpeg\" \/>\r\n<meta name=\"author\" content=\"Redazione\" \/>\r\n<meta name=\"twitter:card\" content=\"summary_large_image\" \/>\r\n<meta name=\"twitter:label1\" content=\"Scritto da\" \/>\n\t<meta name=\"twitter:data1\" content=\"Redazione\" \/>\n\t<meta name=\"twitter:label2\" content=\"Tempo di lettura stimato\" \/>\n\t<meta name=\"twitter:data2\" content=\"4 minuti\" \/>\r\n<script type=\"application\/ld+json\" class=\"yoast-schema-graph\">{\"@context\":\"https:\\\/\\\/schema.org\",\"@graph\":[{\"@type\":\"Article\",\"@id\":\"https:\\\/\\\/www.castingnews.eu\\\/magazine\\\/2025\\\/06\\\/26\\\/marcia-gay-harden-allischia-film-festival-loscar-incontra-la-magia-dellisola\\\/#article\",\"isPartOf\":{\"@id\":\"https:\\\/\\\/www.castingnews.eu\\\/magazine\\\/2025\\\/06\\\/26\\\/marcia-gay-harden-allischia-film-festival-loscar-incontra-la-magia-dellisola\\\/\"},\"author\":{\"name\":\"Redazione\",\"@id\":\"https:\\\/\\\/www.castingnews.eu\\\/magazine\\\/#\\\/schema\\\/person\\\/099d71c568c9a7e5e4037b1594108f17\"},\"headline\":\"Marcia Gay Harden all\u2019Ischia Film Festival: l\u2019Oscar incontra la magia dell\u2019isola\",\"datePublished\":\"2025-06-26T12:00:20+00:00\",\"dateModified\":\"2025-06-26T12:00:22+00:00\",\"mainEntityOfPage\":{\"@id\":\"https:\\\/\\\/www.castingnews.eu\\\/magazine\\\/2025\\\/06\\\/26\\\/marcia-gay-harden-allischia-film-festival-loscar-incontra-la-magia-dellisola\\\/\"},\"wordCount\":665,\"commentCount\":0,\"image\":{\"@id\":\"https:\\\/\\\/www.castingnews.eu\\\/magazine\\\/2025\\\/06\\\/26\\\/marcia-gay-harden-allischia-film-festival-loscar-incontra-la-magia-dellisola\\\/#primaryimage\"},\"thumbnailUrl\":\"https:\\\/\\\/www.castingnews.eu\\\/magazine\\\/wp-content\\\/uploads\\\/2025\\\/06\\\/Marcia-Gay-Harden-Foro-credit-John-Russo.jpeg\",\"keywords\":[\"Alida Valli\",\"Castello Aragonese\",\"Casting director\",\"Casting Magazine\",\"Casting News\",\"cinema internazionale\",\"Cinema Italiano\",\"eventi culturali\",\"festival 2025\",\"Festival del cinema\",\"Gianni Fiorito\",\"Ischia Film Festival\",\"Marcia Gay Harden\",\"masterclass cinema\",\"Mostra fotografica\",\"premio alla carriera\",\"proiezioni speciali\"],\"articleSection\":[\"Campania\",\"Festival\",\"In primo piano\",\"Italia\",\"Primo piano\"],\"inLanguage\":\"it-IT\",\"potentialAction\":[{\"@type\":\"CommentAction\",\"name\":\"Comment\",\"target\":[\"https:\\\/\\\/www.castingnews.eu\\\/magazine\\\/2025\\\/06\\\/26\\\/marcia-gay-harden-allischia-film-festival-loscar-incontra-la-magia-dellisola\\\/#respond\"]}]},{\"@type\":\"WebPage\",\"@id\":\"https:\\\/\\\/www.castingnews.eu\\\/magazine\\\/2025\\\/06\\\/26\\\/marcia-gay-harden-allischia-film-festival-loscar-incontra-la-magia-dellisola\\\/\",\"url\":\"https:\\\/\\\/www.castingnews.eu\\\/magazine\\\/2025\\\/06\\\/26\\\/marcia-gay-harden-allischia-film-festival-loscar-incontra-la-magia-dellisola\\\/\",\"name\":\"Marcia Gay Harden all\u2019Ischia Film Festival: l\u2019Oscar incontra la magia dell\u2019isola - Casting News Magazine\",\"isPartOf\":{\"@id\":\"https:\\\/\\\/www.castingnews.eu\\\/magazine\\\/#website\"},\"primaryImageOfPage\":{\"@id\":\"https:\\\/\\\/www.castingnews.eu\\\/magazine\\\/2025\\\/06\\\/26\\\/marcia-gay-harden-allischia-film-festival-loscar-incontra-la-magia-dellisola\\\/#primaryimage\"},\"image\":{\"@id\":\"https:\\\/\\\/www.castingnews.eu\\\/magazine\\\/2025\\\/06\\\/26\\\/marcia-gay-harden-allischia-film-festival-loscar-incontra-la-magia-dellisola\\\/#primaryimage\"},\"thumbnailUrl\":\"https:\\\/\\\/www.castingnews.eu\\\/magazine\\\/wp-content\\\/uploads\\\/2025\\\/06\\\/Marcia-Gay-Harden-Foro-credit-John-Russo.jpeg\",\"datePublished\":\"2025-06-26T12:00:20+00:00\",\"dateModified\":\"2025-06-26T12:00:22+00:00\",\"author\":{\"@id\":\"https:\\\/\\\/www.castingnews.eu\\\/magazine\\\/#\\\/schema\\\/person\\\/099d71c568c9a7e5e4037b1594108f17\"},\"description\":\"L\u2019Ischia Film Festival celebra Marcia Gay Harden e propone un ricco programma tra cinema, arte e formazione.\",\"breadcrumb\":{\"@id\":\"https:\\\/\\\/www.castingnews.eu\\\/magazine\\\/2025\\\/06\\\/26\\\/marcia-gay-harden-allischia-film-festival-loscar-incontra-la-magia-dellisola\\\/#breadcrumb\"},\"inLanguage\":\"it-IT\",\"potentialAction\":[{\"@type\":\"ReadAction\",\"target\":[\"https:\\\/\\\/www.castingnews.eu\\\/magazine\\\/2025\\\/06\\\/26\\\/marcia-gay-harden-allischia-film-festival-loscar-incontra-la-magia-dellisola\\\/\"]}]},{\"@type\":\"ImageObject\",\"inLanguage\":\"it-IT\",\"@id\":\"https:\\\/\\\/www.castingnews.eu\\\/magazine\\\/2025\\\/06\\\/26\\\/marcia-gay-harden-allischia-film-festival-loscar-incontra-la-magia-dellisola\\\/#primaryimage\",\"url\":\"https:\\\/\\\/www.castingnews.eu\\\/magazine\\\/wp-content\\\/uploads\\\/2025\\\/06\\\/Marcia-Gay-Harden-Foro-credit-John-Russo.jpeg\",\"contentUrl\":\"https:\\\/\\\/www.castingnews.eu\\\/magazine\\\/wp-content\\\/uploads\\\/2025\\\/06\\\/Marcia-Gay-Harden-Foro-credit-John-Russo.jpeg\",\"width\":1043,\"height\":1391,\"caption\":\"Marcia Gay Harden - Foro credit John Russo\"},{\"@type\":\"BreadcrumbList\",\"@id\":\"https:\\\/\\\/www.castingnews.eu\\\/magazine\\\/2025\\\/06\\\/26\\\/marcia-gay-harden-allischia-film-festival-loscar-incontra-la-magia-dellisola\\\/#breadcrumb\",\"itemListElement\":[{\"@type\":\"ListItem\",\"position\":1,\"name\":\"Home\",\"item\":\"https:\\\/\\\/www.castingnews.eu\\\/magazine\\\/\"},{\"@type\":\"ListItem\",\"position\":2,\"name\":\"Marcia Gay Harden all\u2019Ischia Film Festival: l\u2019Oscar incontra la magia dell\u2019isola\"}]},{\"@type\":\"WebSite\",\"@id\":\"https:\\\/\\\/www.castingnews.eu\\\/magazine\\\/#website\",\"url\":\"https:\\\/\\\/www.castingnews.eu\\\/magazine\\\/\",\"name\":\"Casting News Magazine\",\"description\":\"News e aggiornamenti sui film, serie tv, teatro e festival italiani ed internazionali\",\"potentialAction\":[{\"@type\":\"SearchAction\",\"target\":{\"@type\":\"EntryPoint\",\"urlTemplate\":\"https:\\\/\\\/www.castingnews.eu\\\/magazine\\\/?s={search_term_string}\"},\"query-input\":{\"@type\":\"PropertyValueSpecification\",\"valueRequired\":true,\"valueName\":\"search_term_string\"}}],\"inLanguage\":\"it-IT\"},{\"@type\":\"Person\",\"@id\":\"https:\\\/\\\/www.castingnews.eu\\\/magazine\\\/#\\\/schema\\\/person\\\/099d71c568c9a7e5e4037b1594108f17\",\"name\":\"Redazione\",\"image\":{\"@type\":\"ImageObject\",\"inLanguage\":\"it-IT\",\"@id\":\"https:\\\/\\\/secure.gravatar.com\\\/avatar\\\/b73a087aa3bd279fb70d24f1960a91c82cf67619395b60b564c90e9e5d5325fc?s=96&d=mm&r=g\",\"url\":\"https:\\\/\\\/secure.gravatar.com\\\/avatar\\\/b73a087aa3bd279fb70d24f1960a91c82cf67619395b60b564c90e9e5d5325fc?s=96&d=mm&r=g\",\"contentUrl\":\"https:\\\/\\\/secure.gravatar.com\\\/avatar\\\/b73a087aa3bd279fb70d24f1960a91c82cf67619395b60b564c90e9e5d5325fc?s=96&d=mm&r=g\",\"caption\":\"Redazione\"},\"description\":\"News e aggiornamenti sui film, serie tv, teatro e festival italiani ed internazionali.\",\"url\":\"https:\\\/\\\/www.castingnews.eu\\\/magazine\\\/author\\\/redazione\\\/\"}]}<\/script>\r\n<!-- \/ Yoast SEO plugin. -->","yoast_head_json":{"title":"Marcia Gay Harden all\u2019Ischia Film Festival: l\u2019Oscar incontra la magia dell\u2019isola - Casting News Magazine","description":"L\u2019Ischia Film Festival celebra Marcia Gay Harden e propone un ricco programma tra cinema, arte e formazione.","robots":{"index":"index","follow":"follow","max-snippet":"max-snippet:-1","max-image-preview":"max-image-preview:large","max-video-preview":"max-video-preview:-1"},"canonical":"https:\/\/www.castingnews.eu\/magazine\/2025\/06\/26\/marcia-gay-harden-allischia-film-festival-loscar-incontra-la-magia-dellisola\/","og_locale":"it_IT","og_type":"article","og_title":"Marcia Gay Harden all\u2019Ischia Film Festival: l\u2019Oscar incontra la magia dell\u2019isola - Casting News Magazine","og_description":"L\u2019Ischia Film Festival celebra Marcia Gay Harden e propone un ricco programma tra cinema, arte e formazione.","og_url":"https:\/\/www.castingnews.eu\/magazine\/2025\/06\/26\/marcia-gay-harden-allischia-film-festival-loscar-incontra-la-magia-dellisola\/","og_site_name":"Casting News Magazine","article_published_time":"2025-06-26T12:00:20+00:00","article_modified_time":"2025-06-26T12:00:22+00:00","og_image":[{"width":1043,"height":1391,"url":"https:\/\/www.castingnews.eu\/magazine\/wp-content\/uploads\/2025\/06\/Marcia-Gay-Harden-Foro-credit-John-Russo.jpeg","type":"image\/jpeg"}],"author":"Redazione","twitter_card":"summary_large_image","twitter_misc":{"Scritto da":"Redazione","Tempo di lettura stimato":"4 minuti"},"schema":{"@context":"https:\/\/schema.org","@graph":[{"@type":"Article","@id":"https:\/\/www.castingnews.eu\/magazine\/2025\/06\/26\/marcia-gay-harden-allischia-film-festival-loscar-incontra-la-magia-dellisola\/#article","isPartOf":{"@id":"https:\/\/www.castingnews.eu\/magazine\/2025\/06\/26\/marcia-gay-harden-allischia-film-festival-loscar-incontra-la-magia-dellisola\/"},"author":{"name":"Redazione","@id":"https:\/\/www.castingnews.eu\/magazine\/#\/schema\/person\/099d71c568c9a7e5e4037b1594108f17"},"headline":"Marcia Gay Harden all\u2019Ischia Film Festival: l\u2019Oscar incontra la magia dell\u2019isola","datePublished":"2025-06-26T12:00:20+00:00","dateModified":"2025-06-26T12:00:22+00:00","mainEntityOfPage":{"@id":"https:\/\/www.castingnews.eu\/magazine\/2025\/06\/26\/marcia-gay-harden-allischia-film-festival-loscar-incontra-la-magia-dellisola\/"},"wordCount":665,"commentCount":0,"image":{"@id":"https:\/\/www.castingnews.eu\/magazine\/2025\/06\/26\/marcia-gay-harden-allischia-film-festival-loscar-incontra-la-magia-dellisola\/#primaryimage"},"thumbnailUrl":"https:\/\/www.castingnews.eu\/magazine\/wp-content\/uploads\/2025\/06\/Marcia-Gay-Harden-Foro-credit-John-Russo.jpeg","keywords":["Alida Valli","Castello Aragonese","Casting director","Casting Magazine","Casting News","cinema internazionale","Cinema Italiano","eventi culturali","festival 2025","Festival del cinema","Gianni Fiorito","Ischia Film Festival","Marcia Gay Harden","masterclass cinema","Mostra fotografica","premio alla carriera","proiezioni speciali"],"articleSection":["Campania","Festival","In primo piano","Italia","Primo piano"],"inLanguage":"it-IT","potentialAction":[{"@type":"CommentAction","name":"Comment","target":["https:\/\/www.castingnews.eu\/magazine\/2025\/06\/26\/marcia-gay-harden-allischia-film-festival-loscar-incontra-la-magia-dellisola\/#respond"]}]},{"@type":"WebPage","@id":"https:\/\/www.castingnews.eu\/magazine\/2025\/06\/26\/marcia-gay-harden-allischia-film-festival-loscar-incontra-la-magia-dellisola\/","url":"https:\/\/www.castingnews.eu\/magazine\/2025\/06\/26\/marcia-gay-harden-allischia-film-festival-loscar-incontra-la-magia-dellisola\/","name":"Marcia Gay Harden all\u2019Ischia Film Festival: l\u2019Oscar incontra la magia dell\u2019isola - Casting News Magazine","isPartOf":{"@id":"https:\/\/www.castingnews.eu\/magazine\/#website"},"primaryImageOfPage":{"@id":"https:\/\/www.castingnews.eu\/magazine\/2025\/06\/26\/marcia-gay-harden-allischia-film-festival-loscar-incontra-la-magia-dellisola\/#primaryimage"},"image":{"@id":"https:\/\/www.castingnews.eu\/magazine\/2025\/06\/26\/marcia-gay-harden-allischia-film-festival-loscar-incontra-la-magia-dellisola\/#primaryimage"},"thumbnailUrl":"https:\/\/www.castingnews.eu\/magazine\/wp-content\/uploads\/2025\/06\/Marcia-Gay-Harden-Foro-credit-John-Russo.jpeg","datePublished":"2025-06-26T12:00:20+00:00","dateModified":"2025-06-26T12:00:22+00:00","author":{"@id":"https:\/\/www.castingnews.eu\/magazine\/#\/schema\/person\/099d71c568c9a7e5e4037b1594108f17"},"description":"L\u2019Ischia Film Festival celebra Marcia Gay Harden e propone un ricco programma tra cinema, arte e formazione.","breadcrumb":{"@id":"https:\/\/www.castingnews.eu\/magazine\/2025\/06\/26\/marcia-gay-harden-allischia-film-festival-loscar-incontra-la-magia-dellisola\/#breadcrumb"},"inLanguage":"it-IT","potentialAction":[{"@type":"ReadAction","target":["https:\/\/www.castingnews.eu\/magazine\/2025\/06\/26\/marcia-gay-harden-allischia-film-festival-loscar-incontra-la-magia-dellisola\/"]}]},{"@type":"ImageObject","inLanguage":"it-IT","@id":"https:\/\/www.castingnews.eu\/magazine\/2025\/06\/26\/marcia-gay-harden-allischia-film-festival-loscar-incontra-la-magia-dellisola\/#primaryimage","url":"https:\/\/www.castingnews.eu\/magazine\/wp-content\/uploads\/2025\/06\/Marcia-Gay-Harden-Foro-credit-John-Russo.jpeg","contentUrl":"https:\/\/www.castingnews.eu\/magazine\/wp-content\/uploads\/2025\/06\/Marcia-Gay-Harden-Foro-credit-John-Russo.jpeg","width":1043,"height":1391,"caption":"Marcia Gay Harden - Foro credit John Russo"},{"@type":"BreadcrumbList","@id":"https:\/\/www.castingnews.eu\/magazine\/2025\/06\/26\/marcia-gay-harden-allischia-film-festival-loscar-incontra-la-magia-dellisola\/#breadcrumb","itemListElement":[{"@type":"ListItem","position":1,"name":"Home","item":"https:\/\/www.castingnews.eu\/magazine\/"},{"@type":"ListItem","position":2,"name":"Marcia Gay Harden all\u2019Ischia Film Festival: l\u2019Oscar incontra la magia dell\u2019isola"}]},{"@type":"WebSite","@id":"https:\/\/www.castingnews.eu\/magazine\/#website","url":"https:\/\/www.castingnews.eu\/magazine\/","name":"Casting News Magazine","description":"News e aggiornamenti sui film, serie tv, teatro e festival italiani ed internazionali","potentialAction":[{"@type":"SearchAction","target":{"@type":"EntryPoint","urlTemplate":"https:\/\/www.castingnews.eu\/magazine\/?s={search_term_string}"},"query-input":{"@type":"PropertyValueSpecification","valueRequired":true,"valueName":"search_term_string"}}],"inLanguage":"it-IT"},{"@type":"Person","@id":"https:\/\/www.castingnews.eu\/magazine\/#\/schema\/person\/099d71c568c9a7e5e4037b1594108f17","name":"Redazione","image":{"@type":"ImageObject","inLanguage":"it-IT","@id":"https:\/\/secure.gravatar.com\/avatar\/b73a087aa3bd279fb70d24f1960a91c82cf67619395b60b564c90e9e5d5325fc?s=96&d=mm&r=g","url":"https:\/\/secure.gravatar.com\/avatar\/b73a087aa3bd279fb70d24f1960a91c82cf67619395b60b564c90e9e5d5325fc?s=96&d=mm&r=g","contentUrl":"https:\/\/secure.gravatar.com\/avatar\/b73a087aa3bd279fb70d24f1960a91c82cf67619395b60b564c90e9e5d5325fc?s=96&d=mm&r=g","caption":"Redazione"},"description":"News e aggiornamenti sui film, serie tv, teatro e festival italiani ed internazionali.","url":"https:\/\/www.castingnews.eu\/magazine\/author\/redazione\/"}]}},"_links":{"self":[{"href":"https:\/\/www.castingnews.eu\/magazine\/wp-json\/wp\/v2\/posts\/10404","targetHints":{"allow":["GET"]}}],"collection":[{"href":"https:\/\/www.castingnews.eu\/magazine\/wp-json\/wp\/v2\/posts"}],"about":[{"href":"https:\/\/www.castingnews.eu\/magazine\/wp-json\/wp\/v2\/types\/post"}],"author":[{"embeddable":true,"href":"https:\/\/www.castingnews.eu\/magazine\/wp-json\/wp\/v2\/users\/1"}],"replies":[{"embeddable":true,"href":"https:\/\/www.castingnews.eu\/magazine\/wp-json\/wp\/v2\/comments?post=10404"}],"version-history":[{"count":1,"href":"https:\/\/www.castingnews.eu\/magazine\/wp-json\/wp\/v2\/posts\/10404\/revisions"}],"predecessor-version":[{"id":10406,"href":"https:\/\/www.castingnews.eu\/magazine\/wp-json\/wp\/v2\/posts\/10404\/revisions\/10406"}],"wp:featuredmedia":[{"embeddable":true,"href":"https:\/\/www.castingnews.eu\/magazine\/wp-json\/wp\/v2\/media\/10405"}],"wp:attachment":[{"href":"https:\/\/www.castingnews.eu\/magazine\/wp-json\/wp\/v2\/media?parent=10404"}],"wp:term":[{"taxonomy":"category","embeddable":true,"href":"https:\/\/www.castingnews.eu\/magazine\/wp-json\/wp\/v2\/categories?post=10404"},{"taxonomy":"post_tag","embeddable":true,"href":"https:\/\/www.castingnews.eu\/magazine\/wp-json\/wp\/v2\/tags?post=10404"}],"curies":[{"name":"wp","href":"https:\/\/api.w.org\/{rel}","templated":true}]}}