{"id":10338,"date":"2025-06-22T12:43:50","date_gmt":"2025-06-22T10:43:50","guid":{"rendered":"https:\/\/www.castingnews.eu\/magazine\/?p=10338"},"modified":"2025-06-22T12:43:53","modified_gmt":"2025-06-22T10:43:53","slug":"ischia-film-festival-2025-il-cinema-incontra-i-luoghi-tra-visioni-e-grandi-nomi-internazionali","status":"publish","type":"post","link":"https:\/\/www.castingnews.eu\/magazine\/2025\/06\/22\/ischia-film-festival-2025-il-cinema-incontra-i-luoghi-tra-visioni-e-grandi-nomi-internazionali\/","title":{"rendered":"Ischia Film Festival 2025: il cinema incontra i luoghi, tra visioni e grandi nomi internazionali"},"content":{"rendered":"\n<p>Torna con la sua ventitreesima edizione l\u2019<strong>Ischia Film Festival<\/strong>, appuntamento ormai imprescindibile per chi considera il cinema un atto di radicamento nei luoghi, una narrazione in cui le ambientazioni diventano protagoniste tanto quanto i volti e le storie. Dal <strong>28 giugno al 5 luglio<\/strong>, il <strong>Castello Aragonese<\/strong> di Ischia si trasforma ancora una volta in uno spazio di visione e riflessione, ospitando una settimana di cinema, incontri e premi, all\u2019insegna di un\u2019idea profonda e persistente: <strong>ogni storia nasce da un luogo<\/strong>.<\/p><div class=\"6d3639e8c6ac292cde400fad8ff8a5b9\" data-index=\"1\" style=\"float: none; margin:10px 0 10px 0; text-align:center;\">\n<script async src=\"\/\/pagead2.googlesyndication.com\/pagead\/js\/adsbygoogle.js\"><\/script>\r\n<!-- Casting Bambini NEW -->\r\n<ins class=\"adsbygoogle\"\r\n     style=\"display:inline-block;width:336px;height:280px\"\r\n     data-ad-client=\"ca-pub-5538097485429833\"\r\n     data-ad-slot=\"5127154445\"><\/ins>\r\n<script>\r\n(adsbygoogle = window.adsbygoogle || []).push({});\r\n<\/script>\n<\/div>\n\n\n\n\n<p>Ideato e diretto da <strong>Michelangelo Messina<\/strong>, il festival continua a indagare la relazione tra il paesaggio e lo sguardo cinematografico, fondendo estetica e impegno sociale. \u00abNon possiamo fare a meno dei luoghi che ci circondano\u00bb dichiara Messina, \u00abperch\u00e9 il cinema di location \u00e8 un cinema che racconta storie senza tempo, in dialogo costante con la realt\u00e0\u00bb.<\/p>\n\n\n\n<p><strong>Tra i protagonisti: Capuano, Harden, Masharawi, Zingaretti, Servillo, Nolan<br><\/strong>L\u2019edizione 2025 si aprir\u00e0 sabato 28 giugno con l\u2019<strong>omaggio ad Antonio Capuano<\/strong>, a cui sar\u00e0 consegnato il <strong>Premio alla Carriera<\/strong>. In programma la proiezione del film <em>L\u2019amore buio<\/em>, testimonianza di un cinema che scava nelle zone d\u2019ombra del reale con rigore e autenticit\u00e0.<\/p>\n\n\n\n<p>Il giorno successivo, il festival accoglier\u00e0 <strong>Marcia Gay Harden<\/strong>, attrice Premio Oscar, che ricever\u00e0 lo stesso riconoscimento con la proiezione di <em>Crocevia della morte<\/em>. Accanto a lei, il regista palestinese <strong>Rashid Masharawi<\/strong>, la cui opera, realizzata in gran parte nei territori occupati, sar\u00e0 celebrata con il film <em>Passing Dreams<\/em> e con un Premio alla Carriera che riconosce l\u2019impegno e la potenza del suo sguardo.<\/p>\n\n\n\n<p>Tra gli ospiti italiani, <strong>Luca Zingaretti<\/strong> presenter\u00e0 il suo debutto alla regia <em>La casa degli sguardi<\/em>, mentre <strong>Anna Ammirati<\/strong> sar\u00e0 protagonista con <em>Napoli &#8211; New York<\/em> di Gabriele Salvatores. Il 2 luglio, spazio a <strong>Francesca Comencini<\/strong> e <strong>Luca Bigazzi<\/strong> con <em>Il tempo che ci vuole<\/em>, tributo personale e professionale alla figura paterna. Il 3 luglio riflettori su <strong>Toni Servillo<\/strong> e <strong>Roberto And\u00f2<\/strong> con <em>L\u2019abbaglio<\/em>, mentre <strong>Marco Giallini<\/strong> chiuder\u00e0 il ciclo degli incontri il 4 luglio con <em>La citt\u00e0 proibita<\/em> di Gabriele Mainetti.<\/p>\n\n\n\n<p>La cerimonia di chiusura, sabato 5 luglio, ospiter\u00e0 la proiezione di <em>Parthenope<\/em> di <strong>Paolo Sorrentino<\/strong>, alla presenza della protagonista <strong>Celeste Dalla Porta<\/strong>, e vedr\u00e0 la consegna dei riconoscimenti per le opere in concorso.<\/p>\n\n\n\n<p><strong>Premi, riconoscimenti e sezioni speciali<br><\/strong>Tra i riconoscimenti speciali spiccano il <strong>Premio Italy for Movies<\/strong> a <strong>Enzo Sisti<\/strong>, per il suo ruolo centrale nell\u2019attrazione di grandi produzioni internazionali in Italia, e il <strong>Foreign Award<\/strong> a <strong>Christopher Nolan<\/strong>, regista che ha elevato la location a struttura drammaturgica.<\/p>\n\n\n\n<p>Accanto alla competizione ufficiale per lungometraggi e cortometraggi, torna anche la sezione \u201c<strong>Location negata<\/strong>\u201d, che d\u00e0 voce a territori dimenticati, censurati o colpiti da conflitti e oppressioni. Un gesto politico e poetico, che intreccia estetica e diritti umani.<\/p>\n\n\n\n<p>L\u2019<strong>Ischia Film Award<\/strong> andr\u00e0 inoltre a <strong>Simona Balducci<\/strong>, Capo delle costruzioni scenografiche di Cinecitt\u00e0, per il suo contributo decisivo al prestigio della produzione audiovisiva italiana nel mondo.<\/p>\n\n\n\n<p><strong>Un festival tra visione e memoria<br><\/strong>Sostenuto dal <strong>Ministero della Cultura \u2013 Direzione Generale Cinema e Audiovisivo<\/strong>, dalla <strong>Regione Campania<\/strong>, dalla <strong>Film Commission Regione Campania<\/strong>, e da partner come <strong>BONACINA<\/strong>, <strong>BPER Banca<\/strong>, <strong>TRECCANI Esperienze<\/strong> e <strong>ViVeTech<\/strong>, l\u2019Ischia Film Festival si conferma come uno degli eventi culturali pi\u00f9 rilevanti dell\u2019estate italiana. Un luogo in cui <strong>il cinema non \u00e8 solo spettacolo<\/strong>, ma <strong>memoria, identit\u00e0, testimonianza<\/strong>. Un festival che invita ogni spettatore a guardare il mondo \u2013 e i suoi luoghi \u2013 con occhi nuovi.<\/p>\n\n\n\n<p>Iscriviti alla\u00a0<a href=\"https:\/\/www.castingnewsletter.eu\/CastingNewsPro\/\" target=\"_blank\" rel=\"noreferrer noopener\"><strong>newsletter giornaliera<\/strong><\/a>\u00a0di Casting News Professional per ricevere le ultime notizie sui casting aperti, provini e audizioni.<\/p>\n\n<div style=\"font-size: 0px; height: 0px; line-height: 0px; margin: 0; padding: 0; clear: both;\"><\/div>","protected":false},"excerpt":{"rendered":"<p>Torna con la sua ventitreesima edizione l\u2019Ischia Film Festival, appuntamento ormai imprescindibile per chi considera il cinema un atto di radicamento nei luoghi, una narrazione in cui le ambientazioni diventano protagoniste tanto quanto i volti e le storie. Dal 28 giugno al 5 luglio, il Castello Aragonese di Ischia si trasforma ancora una volta in [&hellip;]<\/p>\n","protected":false},"author":1,"featured_media":10341,"comment_status":"open","ping_status":"open","sticky":false,"template":"","format":"standard","meta":{"tdm_status":"","tdm_grid_status":"","footnotes":""},"categories":[3955,11,1533,71,21],"tags":[150,7922,272,273,2147,7925,308,1985,7928,7930,7927,7924,564,7901,7479,7929,2248,2904,2327,7921,7923,7926,1359],"class_list":{"0":"post-10338","1":"post","2":"type-post","3":"status-publish","4":"format-standard","5":"has-post-thumbnail","7":"category-campania","8":"category-festival","9":"category-featured","10":"category-italia-paese","11":"category-in-primo-piano","12":"tag-antonio-capuano","13":"tag-castello-aragonese","14":"tag-casting-magazine","15":"tag-casting-news","16":"tag-christopher-nolan","17":"tag-cinema-e-territorio","18":"tag-cinema-indipendente","19":"tag-cinema-italiano","20":"tag-cultura-visiva","21":"tag-eventi-culturali-estate","22":"tag-festival-del-cinema-2025","23":"tag-film-internazionali","24":"tag-francesca-comencini","25":"tag-ischia-film-festival","26":"tag-location-cinematografiche","27":"tag-location-negata","28":"tag-luca-zingaretti","29":"tag-marcia-gay-harden","30":"tag-paolo-sorrentino","31":"tag-premi-alla-carriera","32":"tag-rashid-masharawi","33":"tag-registi-internazionali","34":"tag-toni-servillo"},"yoast_head":"<!-- This site is optimized with the Yoast SEO plugin v27.4 - https:\/\/yoast.com\/product\/yoast-seo-wordpress\/ -->\r\n<title>Ischia Film Festival 2025: il cinema incontra i luoghi, tra visioni e grandi nomi internazionali - Casting News Magazine<\/title>\r\n<meta name=\"description\" content=\"Dal 28 giugno al 5 luglio 2025 torna l\u2019Ischia Film Festival, con proiezioni, premi e ospiti internazionali al Castello Aragonese.\" \/>\r\n<meta name=\"robots\" content=\"index, follow, max-snippet:-1, max-image-preview:large, max-video-preview:-1\" \/>\r\n<link rel=\"canonical\" href=\"https:\/\/www.castingnews.eu\/magazine\/2025\/06\/22\/ischia-film-festival-2025-il-cinema-incontra-i-luoghi-tra-visioni-e-grandi-nomi-internazionali\/\" \/>\r\n<meta property=\"og:locale\" content=\"it_IT\" \/>\r\n<meta property=\"og:type\" content=\"article\" \/>\r\n<meta property=\"og:title\" content=\"Ischia Film Festival 2025: il cinema incontra i luoghi, tra visioni e grandi nomi internazionali - Casting News Magazine\" \/>\r\n<meta property=\"og:description\" content=\"Dal 28 giugno al 5 luglio 2025 torna l\u2019Ischia Film Festival, con proiezioni, premi e ospiti internazionali al Castello Aragonese.\" \/>\r\n<meta property=\"og:url\" content=\"https:\/\/www.castingnews.eu\/magazine\/2025\/06\/22\/ischia-film-festival-2025-il-cinema-incontra-i-luoghi-tra-visioni-e-grandi-nomi-internazionali\/\" \/>\r\n<meta property=\"og:site_name\" content=\"Casting News Magazine\" \/>\r\n<meta property=\"article:published_time\" content=\"2025-06-22T10:43:50+00:00\" \/>\r\n<meta property=\"article:modified_time\" content=\"2025-06-22T10:43:53+00:00\" \/>\r\n<meta property=\"og:image\" content=\"https:\/\/www.castingnews.eu\/magazine\/wp-content\/uploads\/2025\/06\/Ischia-Film-Festival-2025.jpg\" \/>\r\n\t<meta property=\"og:image:width\" content=\"1920\" \/>\r\n\t<meta property=\"og:image:height\" content=\"1080\" \/>\r\n\t<meta property=\"og:image:type\" content=\"image\/jpeg\" \/>\r\n<meta name=\"author\" content=\"Redazione\" \/>\r\n<meta name=\"twitter:card\" content=\"summary_large_image\" \/>\r\n<meta name=\"twitter:label1\" content=\"Scritto da\" \/>\n\t<meta name=\"twitter:data1\" content=\"Redazione\" \/>\n\t<meta name=\"twitter:label2\" content=\"Tempo di lettura stimato\" \/>\n\t<meta name=\"twitter:data2\" content=\"4 minuti\" \/>\r\n<script type=\"application\/ld+json\" class=\"yoast-schema-graph\">{\"@context\":\"https:\\\/\\\/schema.org\",\"@graph\":[{\"@type\":\"Article\",\"@id\":\"https:\\\/\\\/www.castingnews.eu\\\/magazine\\\/2025\\\/06\\\/22\\\/ischia-film-festival-2025-il-cinema-incontra-i-luoghi-tra-visioni-e-grandi-nomi-internazionali\\\/#article\",\"isPartOf\":{\"@id\":\"https:\\\/\\\/www.castingnews.eu\\\/magazine\\\/2025\\\/06\\\/22\\\/ischia-film-festival-2025-il-cinema-incontra-i-luoghi-tra-visioni-e-grandi-nomi-internazionali\\\/\"},\"author\":{\"name\":\"Redazione\",\"@id\":\"https:\\\/\\\/www.castingnews.eu\\\/magazine\\\/#\\\/schema\\\/person\\\/099d71c568c9a7e5e4037b1594108f17\"},\"headline\":\"Ischia Film Festival 2025: il cinema incontra i luoghi, tra visioni e grandi nomi internazionali\",\"datePublished\":\"2025-06-22T10:43:50+00:00\",\"dateModified\":\"2025-06-22T10:43:53+00:00\",\"mainEntityOfPage\":{\"@id\":\"https:\\\/\\\/www.castingnews.eu\\\/magazine\\\/2025\\\/06\\\/22\\\/ischia-film-festival-2025-il-cinema-incontra-i-luoghi-tra-visioni-e-grandi-nomi-internazionali\\\/\"},\"wordCount\":595,\"commentCount\":0,\"image\":{\"@id\":\"https:\\\/\\\/www.castingnews.eu\\\/magazine\\\/2025\\\/06\\\/22\\\/ischia-film-festival-2025-il-cinema-incontra-i-luoghi-tra-visioni-e-grandi-nomi-internazionali\\\/#primaryimage\"},\"thumbnailUrl\":\"https:\\\/\\\/www.castingnews.eu\\\/magazine\\\/wp-content\\\/uploads\\\/2025\\\/06\\\/Ischia-Film-Festival-2025.jpg\",\"keywords\":[\"Antonio Capuano\",\"Castello Aragonese\",\"Casting Magazine\",\"Casting News\",\"Christopher Nolan\",\"cinema e territorio\",\"Cinema indipendente\",\"Cinema Italiano\",\"cultura visiva\",\"eventi culturali estate\",\"festival del cinema 2025\",\"film internazionali\",\"Francesca Comencini\",\"Ischia Film Festival\",\"location cinematografiche\",\"location negata\",\"Luca Zingaretti\",\"Marcia Gay Harden\",\"Paolo Sorrentino\",\"premi alla carriera\",\"Rashid Masharawi\",\"registi internazionali\",\"Toni Servillo\"],\"articleSection\":[\"Campania\",\"Festival\",\"In primo piano\",\"Italia\",\"Primo piano\"],\"inLanguage\":\"it-IT\",\"potentialAction\":[{\"@type\":\"CommentAction\",\"name\":\"Comment\",\"target\":[\"https:\\\/\\\/www.castingnews.eu\\\/magazine\\\/2025\\\/06\\\/22\\\/ischia-film-festival-2025-il-cinema-incontra-i-luoghi-tra-visioni-e-grandi-nomi-internazionali\\\/#respond\"]}]},{\"@type\":\"WebPage\",\"@id\":\"https:\\\/\\\/www.castingnews.eu\\\/magazine\\\/2025\\\/06\\\/22\\\/ischia-film-festival-2025-il-cinema-incontra-i-luoghi-tra-visioni-e-grandi-nomi-internazionali\\\/\",\"url\":\"https:\\\/\\\/www.castingnews.eu\\\/magazine\\\/2025\\\/06\\\/22\\\/ischia-film-festival-2025-il-cinema-incontra-i-luoghi-tra-visioni-e-grandi-nomi-internazionali\\\/\",\"name\":\"Ischia Film Festival 2025: il cinema incontra i luoghi, tra visioni e grandi nomi internazionali - Casting News Magazine\",\"isPartOf\":{\"@id\":\"https:\\\/\\\/www.castingnews.eu\\\/magazine\\\/#website\"},\"primaryImageOfPage\":{\"@id\":\"https:\\\/\\\/www.castingnews.eu\\\/magazine\\\/2025\\\/06\\\/22\\\/ischia-film-festival-2025-il-cinema-incontra-i-luoghi-tra-visioni-e-grandi-nomi-internazionali\\\/#primaryimage\"},\"image\":{\"@id\":\"https:\\\/\\\/www.castingnews.eu\\\/magazine\\\/2025\\\/06\\\/22\\\/ischia-film-festival-2025-il-cinema-incontra-i-luoghi-tra-visioni-e-grandi-nomi-internazionali\\\/#primaryimage\"},\"thumbnailUrl\":\"https:\\\/\\\/www.castingnews.eu\\\/magazine\\\/wp-content\\\/uploads\\\/2025\\\/06\\\/Ischia-Film-Festival-2025.jpg\",\"datePublished\":\"2025-06-22T10:43:50+00:00\",\"dateModified\":\"2025-06-22T10:43:53+00:00\",\"author\":{\"@id\":\"https:\\\/\\\/www.castingnews.eu\\\/magazine\\\/#\\\/schema\\\/person\\\/099d71c568c9a7e5e4037b1594108f17\"},\"description\":\"Dal 28 giugno al 5 luglio 2025 torna l\u2019Ischia Film Festival, con proiezioni, premi e ospiti internazionali al Castello Aragonese.\",\"breadcrumb\":{\"@id\":\"https:\\\/\\\/www.castingnews.eu\\\/magazine\\\/2025\\\/06\\\/22\\\/ischia-film-festival-2025-il-cinema-incontra-i-luoghi-tra-visioni-e-grandi-nomi-internazionali\\\/#breadcrumb\"},\"inLanguage\":\"it-IT\",\"potentialAction\":[{\"@type\":\"ReadAction\",\"target\":[\"https:\\\/\\\/www.castingnews.eu\\\/magazine\\\/2025\\\/06\\\/22\\\/ischia-film-festival-2025-il-cinema-incontra-i-luoghi-tra-visioni-e-grandi-nomi-internazionali\\\/\"]}]},{\"@type\":\"ImageObject\",\"inLanguage\":\"it-IT\",\"@id\":\"https:\\\/\\\/www.castingnews.eu\\\/magazine\\\/2025\\\/06\\\/22\\\/ischia-film-festival-2025-il-cinema-incontra-i-luoghi-tra-visioni-e-grandi-nomi-internazionali\\\/#primaryimage\",\"url\":\"https:\\\/\\\/www.castingnews.eu\\\/magazine\\\/wp-content\\\/uploads\\\/2025\\\/06\\\/Ischia-Film-Festival-2025.jpg\",\"contentUrl\":\"https:\\\/\\\/www.castingnews.eu\\\/magazine\\\/wp-content\\\/uploads\\\/2025\\\/06\\\/Ischia-Film-Festival-2025.jpg\",\"width\":1920,\"height\":1080,\"caption\":\"Ischia Film Festival 2025\"},{\"@type\":\"BreadcrumbList\",\"@id\":\"https:\\\/\\\/www.castingnews.eu\\\/magazine\\\/2025\\\/06\\\/22\\\/ischia-film-festival-2025-il-cinema-incontra-i-luoghi-tra-visioni-e-grandi-nomi-internazionali\\\/#breadcrumb\",\"itemListElement\":[{\"@type\":\"ListItem\",\"position\":1,\"name\":\"Home\",\"item\":\"https:\\\/\\\/www.castingnews.eu\\\/magazine\\\/\"},{\"@type\":\"ListItem\",\"position\":2,\"name\":\"Ischia Film Festival 2025: il cinema incontra i luoghi, tra visioni e grandi nomi internazionali\"}]},{\"@type\":\"WebSite\",\"@id\":\"https:\\\/\\\/www.castingnews.eu\\\/magazine\\\/#website\",\"url\":\"https:\\\/\\\/www.castingnews.eu\\\/magazine\\\/\",\"name\":\"Casting News Magazine\",\"description\":\"News e aggiornamenti sui film, serie tv, teatro e festival italiani ed internazionali\",\"potentialAction\":[{\"@type\":\"SearchAction\",\"target\":{\"@type\":\"EntryPoint\",\"urlTemplate\":\"https:\\\/\\\/www.castingnews.eu\\\/magazine\\\/?s={search_term_string}\"},\"query-input\":{\"@type\":\"PropertyValueSpecification\",\"valueRequired\":true,\"valueName\":\"search_term_string\"}}],\"inLanguage\":\"it-IT\"},{\"@type\":\"Person\",\"@id\":\"https:\\\/\\\/www.castingnews.eu\\\/magazine\\\/#\\\/schema\\\/person\\\/099d71c568c9a7e5e4037b1594108f17\",\"name\":\"Redazione\",\"image\":{\"@type\":\"ImageObject\",\"inLanguage\":\"it-IT\",\"@id\":\"https:\\\/\\\/secure.gravatar.com\\\/avatar\\\/b73a087aa3bd279fb70d24f1960a91c82cf67619395b60b564c90e9e5d5325fc?s=96&d=mm&r=g\",\"url\":\"https:\\\/\\\/secure.gravatar.com\\\/avatar\\\/b73a087aa3bd279fb70d24f1960a91c82cf67619395b60b564c90e9e5d5325fc?s=96&d=mm&r=g\",\"contentUrl\":\"https:\\\/\\\/secure.gravatar.com\\\/avatar\\\/b73a087aa3bd279fb70d24f1960a91c82cf67619395b60b564c90e9e5d5325fc?s=96&d=mm&r=g\",\"caption\":\"Redazione\"},\"description\":\"News e aggiornamenti sui film, serie tv, teatro e festival italiani ed internazionali.\",\"url\":\"https:\\\/\\\/www.castingnews.eu\\\/magazine\\\/author\\\/redazione\\\/\"}]}<\/script>\r\n<!-- \/ Yoast SEO plugin. -->","yoast_head_json":{"title":"Ischia Film Festival 2025: il cinema incontra i luoghi, tra visioni e grandi nomi internazionali - Casting News Magazine","description":"Dal 28 giugno al 5 luglio 2025 torna l\u2019Ischia Film Festival, con proiezioni, premi e ospiti internazionali al Castello Aragonese.","robots":{"index":"index","follow":"follow","max-snippet":"max-snippet:-1","max-image-preview":"max-image-preview:large","max-video-preview":"max-video-preview:-1"},"canonical":"https:\/\/www.castingnews.eu\/magazine\/2025\/06\/22\/ischia-film-festival-2025-il-cinema-incontra-i-luoghi-tra-visioni-e-grandi-nomi-internazionali\/","og_locale":"it_IT","og_type":"article","og_title":"Ischia Film Festival 2025: il cinema incontra i luoghi, tra visioni e grandi nomi internazionali - Casting News Magazine","og_description":"Dal 28 giugno al 5 luglio 2025 torna l\u2019Ischia Film Festival, con proiezioni, premi e ospiti internazionali al Castello Aragonese.","og_url":"https:\/\/www.castingnews.eu\/magazine\/2025\/06\/22\/ischia-film-festival-2025-il-cinema-incontra-i-luoghi-tra-visioni-e-grandi-nomi-internazionali\/","og_site_name":"Casting News Magazine","article_published_time":"2025-06-22T10:43:50+00:00","article_modified_time":"2025-06-22T10:43:53+00:00","og_image":[{"width":1920,"height":1080,"url":"https:\/\/www.castingnews.eu\/magazine\/wp-content\/uploads\/2025\/06\/Ischia-Film-Festival-2025.jpg","type":"image\/jpeg"}],"author":"Redazione","twitter_card":"summary_large_image","twitter_misc":{"Scritto da":"Redazione","Tempo di lettura stimato":"4 minuti"},"schema":{"@context":"https:\/\/schema.org","@graph":[{"@type":"Article","@id":"https:\/\/www.castingnews.eu\/magazine\/2025\/06\/22\/ischia-film-festival-2025-il-cinema-incontra-i-luoghi-tra-visioni-e-grandi-nomi-internazionali\/#article","isPartOf":{"@id":"https:\/\/www.castingnews.eu\/magazine\/2025\/06\/22\/ischia-film-festival-2025-il-cinema-incontra-i-luoghi-tra-visioni-e-grandi-nomi-internazionali\/"},"author":{"name":"Redazione","@id":"https:\/\/www.castingnews.eu\/magazine\/#\/schema\/person\/099d71c568c9a7e5e4037b1594108f17"},"headline":"Ischia Film Festival 2025: il cinema incontra i luoghi, tra visioni e grandi nomi internazionali","datePublished":"2025-06-22T10:43:50+00:00","dateModified":"2025-06-22T10:43:53+00:00","mainEntityOfPage":{"@id":"https:\/\/www.castingnews.eu\/magazine\/2025\/06\/22\/ischia-film-festival-2025-il-cinema-incontra-i-luoghi-tra-visioni-e-grandi-nomi-internazionali\/"},"wordCount":595,"commentCount":0,"image":{"@id":"https:\/\/www.castingnews.eu\/magazine\/2025\/06\/22\/ischia-film-festival-2025-il-cinema-incontra-i-luoghi-tra-visioni-e-grandi-nomi-internazionali\/#primaryimage"},"thumbnailUrl":"https:\/\/www.castingnews.eu\/magazine\/wp-content\/uploads\/2025\/06\/Ischia-Film-Festival-2025.jpg","keywords":["Antonio Capuano","Castello Aragonese","Casting Magazine","Casting News","Christopher Nolan","cinema e territorio","Cinema indipendente","Cinema Italiano","cultura visiva","eventi culturali estate","festival del cinema 2025","film internazionali","Francesca Comencini","Ischia Film Festival","location cinematografiche","location negata","Luca Zingaretti","Marcia Gay Harden","Paolo Sorrentino","premi alla carriera","Rashid Masharawi","registi internazionali","Toni Servillo"],"articleSection":["Campania","Festival","In primo piano","Italia","Primo piano"],"inLanguage":"it-IT","potentialAction":[{"@type":"CommentAction","name":"Comment","target":["https:\/\/www.castingnews.eu\/magazine\/2025\/06\/22\/ischia-film-festival-2025-il-cinema-incontra-i-luoghi-tra-visioni-e-grandi-nomi-internazionali\/#respond"]}]},{"@type":"WebPage","@id":"https:\/\/www.castingnews.eu\/magazine\/2025\/06\/22\/ischia-film-festival-2025-il-cinema-incontra-i-luoghi-tra-visioni-e-grandi-nomi-internazionali\/","url":"https:\/\/www.castingnews.eu\/magazine\/2025\/06\/22\/ischia-film-festival-2025-il-cinema-incontra-i-luoghi-tra-visioni-e-grandi-nomi-internazionali\/","name":"Ischia Film Festival 2025: il cinema incontra i luoghi, tra visioni e grandi nomi internazionali - Casting News Magazine","isPartOf":{"@id":"https:\/\/www.castingnews.eu\/magazine\/#website"},"primaryImageOfPage":{"@id":"https:\/\/www.castingnews.eu\/magazine\/2025\/06\/22\/ischia-film-festival-2025-il-cinema-incontra-i-luoghi-tra-visioni-e-grandi-nomi-internazionali\/#primaryimage"},"image":{"@id":"https:\/\/www.castingnews.eu\/magazine\/2025\/06\/22\/ischia-film-festival-2025-il-cinema-incontra-i-luoghi-tra-visioni-e-grandi-nomi-internazionali\/#primaryimage"},"thumbnailUrl":"https:\/\/www.castingnews.eu\/magazine\/wp-content\/uploads\/2025\/06\/Ischia-Film-Festival-2025.jpg","datePublished":"2025-06-22T10:43:50+00:00","dateModified":"2025-06-22T10:43:53+00:00","author":{"@id":"https:\/\/www.castingnews.eu\/magazine\/#\/schema\/person\/099d71c568c9a7e5e4037b1594108f17"},"description":"Dal 28 giugno al 5 luglio 2025 torna l\u2019Ischia Film Festival, con proiezioni, premi e ospiti internazionali al Castello Aragonese.","breadcrumb":{"@id":"https:\/\/www.castingnews.eu\/magazine\/2025\/06\/22\/ischia-film-festival-2025-il-cinema-incontra-i-luoghi-tra-visioni-e-grandi-nomi-internazionali\/#breadcrumb"},"inLanguage":"it-IT","potentialAction":[{"@type":"ReadAction","target":["https:\/\/www.castingnews.eu\/magazine\/2025\/06\/22\/ischia-film-festival-2025-il-cinema-incontra-i-luoghi-tra-visioni-e-grandi-nomi-internazionali\/"]}]},{"@type":"ImageObject","inLanguage":"it-IT","@id":"https:\/\/www.castingnews.eu\/magazine\/2025\/06\/22\/ischia-film-festival-2025-il-cinema-incontra-i-luoghi-tra-visioni-e-grandi-nomi-internazionali\/#primaryimage","url":"https:\/\/www.castingnews.eu\/magazine\/wp-content\/uploads\/2025\/06\/Ischia-Film-Festival-2025.jpg","contentUrl":"https:\/\/www.castingnews.eu\/magazine\/wp-content\/uploads\/2025\/06\/Ischia-Film-Festival-2025.jpg","width":1920,"height":1080,"caption":"Ischia Film Festival 2025"},{"@type":"BreadcrumbList","@id":"https:\/\/www.castingnews.eu\/magazine\/2025\/06\/22\/ischia-film-festival-2025-il-cinema-incontra-i-luoghi-tra-visioni-e-grandi-nomi-internazionali\/#breadcrumb","itemListElement":[{"@type":"ListItem","position":1,"name":"Home","item":"https:\/\/www.castingnews.eu\/magazine\/"},{"@type":"ListItem","position":2,"name":"Ischia Film Festival 2025: il cinema incontra i luoghi, tra visioni e grandi nomi internazionali"}]},{"@type":"WebSite","@id":"https:\/\/www.castingnews.eu\/magazine\/#website","url":"https:\/\/www.castingnews.eu\/magazine\/","name":"Casting News Magazine","description":"News e aggiornamenti sui film, serie tv, teatro e festival italiani ed internazionali","potentialAction":[{"@type":"SearchAction","target":{"@type":"EntryPoint","urlTemplate":"https:\/\/www.castingnews.eu\/magazine\/?s={search_term_string}"},"query-input":{"@type":"PropertyValueSpecification","valueRequired":true,"valueName":"search_term_string"}}],"inLanguage":"it-IT"},{"@type":"Person","@id":"https:\/\/www.castingnews.eu\/magazine\/#\/schema\/person\/099d71c568c9a7e5e4037b1594108f17","name":"Redazione","image":{"@type":"ImageObject","inLanguage":"it-IT","@id":"https:\/\/secure.gravatar.com\/avatar\/b73a087aa3bd279fb70d24f1960a91c82cf67619395b60b564c90e9e5d5325fc?s=96&d=mm&r=g","url":"https:\/\/secure.gravatar.com\/avatar\/b73a087aa3bd279fb70d24f1960a91c82cf67619395b60b564c90e9e5d5325fc?s=96&d=mm&r=g","contentUrl":"https:\/\/secure.gravatar.com\/avatar\/b73a087aa3bd279fb70d24f1960a91c82cf67619395b60b564c90e9e5d5325fc?s=96&d=mm&r=g","caption":"Redazione"},"description":"News e aggiornamenti sui film, serie tv, teatro e festival italiani ed internazionali.","url":"https:\/\/www.castingnews.eu\/magazine\/author\/redazione\/"}]}},"_links":{"self":[{"href":"https:\/\/www.castingnews.eu\/magazine\/wp-json\/wp\/v2\/posts\/10338","targetHints":{"allow":["GET"]}}],"collection":[{"href":"https:\/\/www.castingnews.eu\/magazine\/wp-json\/wp\/v2\/posts"}],"about":[{"href":"https:\/\/www.castingnews.eu\/magazine\/wp-json\/wp\/v2\/types\/post"}],"author":[{"embeddable":true,"href":"https:\/\/www.castingnews.eu\/magazine\/wp-json\/wp\/v2\/users\/1"}],"replies":[{"embeddable":true,"href":"https:\/\/www.castingnews.eu\/magazine\/wp-json\/wp\/v2\/comments?post=10338"}],"version-history":[{"count":1,"href":"https:\/\/www.castingnews.eu\/magazine\/wp-json\/wp\/v2\/posts\/10338\/revisions"}],"predecessor-version":[{"id":10342,"href":"https:\/\/www.castingnews.eu\/magazine\/wp-json\/wp\/v2\/posts\/10338\/revisions\/10342"}],"wp:featuredmedia":[{"embeddable":true,"href":"https:\/\/www.castingnews.eu\/magazine\/wp-json\/wp\/v2\/media\/10341"}],"wp:attachment":[{"href":"https:\/\/www.castingnews.eu\/magazine\/wp-json\/wp\/v2\/media?parent=10338"}],"wp:term":[{"taxonomy":"category","embeddable":true,"href":"https:\/\/www.castingnews.eu\/magazine\/wp-json\/wp\/v2\/categories?post=10338"},{"taxonomy":"post_tag","embeddable":true,"href":"https:\/\/www.castingnews.eu\/magazine\/wp-json\/wp\/v2\/tags?post=10338"}],"curies":[{"name":"wp","href":"https:\/\/api.w.org\/{rel}","templated":true}]}}