{"id":10255,"date":"2025-06-11T16:02:54","date_gmt":"2025-06-11T14:02:54","guid":{"rendered":"https:\/\/www.castingnews.eu\/magazine\/?p=10255"},"modified":"2025-06-12T17:00:33","modified_gmt":"2025-06-12T15:00:33","slug":"pedro-almodovar-torna-alle-origini-con-bitter-christmas-al-via-le-riprese-tra-madrid-e-le-canarie","status":"publish","type":"post","link":"https:\/\/www.castingnews.eu\/magazine\/2025\/06\/11\/pedro-almodovar-torna-alle-origini-con-bitter-christmas-al-via-le-riprese-tra-madrid-e-le-canarie\/","title":{"rendered":"Pedro Almod\u00f3var torna alle origini con \u201cBitter Christmas\u201d: al via le riprese tra Madrid e le Canarie"},"content":{"rendered":"\n<p>Pedro Almod\u00f3var \u00e8 pronto a tornare dietro la macchina da presa con <em><strong>Bitter Christmas<\/strong><\/em>, nuovo <strong>lungometraggio <\/strong>in lingua spagnola che segna un ritorno alle radici artistiche del regista dopo l\u2019esperienza internazionale con <em>The Room Next Door<\/em>. Le riprese prenderanno il via entro la fine di giugno tra <strong>Madrid <\/strong>e le suggestive <strong>Isole Canarie<\/strong>, con il sostegno di El Deseo \u2013 storica casa di produzione fondata dallo stesso cineasta \u2013 e Movistar Plus.<\/p><div class=\"6d3639e8c6ac292cde400fad8ff8a5b9\" data-index=\"1\" style=\"float: none; margin:10px 0 10px 0; text-align:center;\">\n<script async src=\"\/\/pagead2.googlesyndication.com\/pagead\/js\/adsbygoogle.js\"><\/script>\r\n<!-- Casting Bambini NEW -->\r\n<ins class=\"adsbygoogle\"\r\n     style=\"display:inline-block;width:336px;height:280px\"\r\n     data-ad-client=\"ca-pub-5538097485429833\"\r\n     data-ad-slot=\"5127154445\"><\/ins>\r\n<script>\r\n(adsbygoogle = window.adsbygoogle || []).push({});\r\n<\/script>\n<\/div>\n\n\n\n\n<p>Il film arriver\u00e0 nelle sale spagnole nel 2026 distribuito da <strong>Warner Bros. Espa\u00f1a<\/strong> e si presenta come un\u2019opera dal tono intimo e malinconico, ambientata durante un lungo inverno emotivo.<br>Protagonista della storia \u00e8 una direttrice creativa la cui vita viene sconvolta dalla morte della madre, proprio durante le festivit\u00e0 natalizie. In un disperato tentativo di sfuggire al lutto, la donna si rifugia nel lavoro, fino a quando un improvviso attacco di panico la costringe a rallentare. Inizia cos\u00ec un viaggio fisico e interiore che la porter\u00e0, accompagnata da un\u2019amica, fino a Lanzarote, mentre il suo compagno resta a Madrid ad affrontare insieme a lei la distanza e la fragilit\u00e0 emotiva.<\/p>\n\n\n\n<p>Il cast \u00e8 ricco di volti noti del cinema iberico: B\u00e1rbara Lennie, Leonardo Sbaraglia, Aitana S\u00e1nchez-Gij\u00f3n, Victoria Luengo, Patrick Criado, Milena Smit e Quim Guti\u00e9rrez interpreteranno i personaggi principali di questa nuova narrazione almodovariana.<br>Dopo il Leone d\u2019Oro ricevuto alla Mostra del Cinema di Venezia 2024 per <em>The Room Next Door<\/em> \u2013 il suo primo film interamente in inglese, con Tilda Swinton e Julianne Moore \u2013 Almod\u00f3var torna a un cinema pi\u00f9 vicino alla sua sensibilit\u00e0 narrativa e culturale. Anche in questa occasione, Movistar Plus conferma il suo ruolo di partner produttivo di primo piano.<br>Con <em>Bitter Christmas<\/em>, il regista premio Oscar promette una riflessione intensa sul dolore, sulla memoria e sul bisogno di trovare rifugio nei legami umani.<\/p>\n\n\n\n<p>Iscriviti alla&nbsp;<a href=\"https:\/\/www.castingnewsletter.eu\/CastingNewsPro\/\" target=\"_blank\" rel=\"noreferrer noopener\">newsletter giornaliera<\/a>&nbsp;di Casting News Professional per ricevere le ultime notizie sui casting aperti, provini e audizioni.<\/p>\n\n\n\n<blockquote class=\"instagram-media\" data-instgrm-captioned data-instgrm-permalink=\"https:\/\/www.instagram.com\/p\/DKw4zgXiwYk\/?utm_source=ig_embed&amp;utm_campaign=loading\" data-instgrm-version=\"14\" style=\" background:#FFF; border:0; border-radius:3px; box-shadow:0 0 1px 0 rgba(0,0,0,0.5),0 1px 10px 0 rgba(0,0,0,0.15); margin: 1px; max-width:540px; min-width:326px; padding:0; width:99.375%; width:-webkit-calc(100% - 2px); width:calc(100% - 2px);\"><div style=\"padding:16px;\"> <a href=\"https:\/\/www.instagram.com\/p\/DKw4zgXiwYk\/?utm_source=ig_embed&amp;utm_campaign=loading\" style=\" background:#FFFFFF; line-height:0; padding:0 0; text-align:center; text-decoration:none; width:100%;\" target=\"_blank\"> <div style=\" display: flex; flex-direction: row; align-items: center;\"> <div style=\"background-color: #F4F4F4; border-radius: 50%; flex-grow: 0; height: 40px; margin-right: 14px; width: 40px;\"><\/div> <div style=\"display: flex; flex-direction: column; flex-grow: 1; justify-content: center;\"> <div style=\" background-color: #F4F4F4; border-radius: 4px; flex-grow: 0; height: 14px; margin-bottom: 6px; width: 100px;\"><\/div> <div style=\" background-color: #F4F4F4; border-radius: 4px; flex-grow: 0; height: 14px; width: 60px;\"><\/div><\/div><\/div><div style=\"padding: 19% 0;\"><\/div> <div style=\"display:block; height:50px; margin:0 auto 12px; width:50px;\"><svg width=\"50px\" height=\"50px\" viewBox=\"0 0 60 60\" version=\"1.1\" xmlns=\"https:\/\/www.w3.org\/2000\/svg\" xmlns:xlink=\"https:\/\/www.w3.org\/1999\/xlink\"><g stroke=\"none\" stroke-width=\"1\" fill=\"none\" fill-rule=\"evenodd\"><g transform=\"translate(-511.000000, -20.000000)\" fill=\"#000000\"><g><path d=\"M556.869,30.41 C554.814,30.41 553.148,32.076 553.148,34.131 C553.148,36.186 554.814,37.852 556.869,37.852 C558.924,37.852 560.59,36.186 560.59,34.131 C560.59,32.076 558.924,30.41 556.869,30.41 M541,60.657 C535.114,60.657 530.342,55.887 530.342,50 C530.342,44.114 535.114,39.342 541,39.342 C546.887,39.342 551.658,44.114 551.658,50 C551.658,55.887 546.887,60.657 541,60.657 M541,33.886 C532.1,33.886 524.886,41.1 524.886,50 C524.886,58.899 532.1,66.113 541,66.113 C549.9,66.113 557.115,58.899 557.115,50 C557.115,41.1 549.9,33.886 541,33.886 M565.378,62.101 C565.244,65.022 564.756,66.606 564.346,67.663 C563.803,69.06 563.154,70.057 562.106,71.106 C561.058,72.155 560.06,72.803 558.662,73.347 C557.607,73.757 556.021,74.244 553.102,74.378 C549.944,74.521 548.997,74.552 541,74.552 C533.003,74.552 532.056,74.521 528.898,74.378 C525.979,74.244 524.393,73.757 523.338,73.347 C521.94,72.803 520.942,72.155 519.894,71.106 C518.846,70.057 518.197,69.06 517.654,67.663 C517.244,66.606 516.755,65.022 516.623,62.101 C516.479,58.943 516.448,57.996 516.448,50 C516.448,42.003 516.479,41.056 516.623,37.899 C516.755,34.978 517.244,33.391 517.654,32.338 C518.197,30.938 518.846,29.942 519.894,28.894 C520.942,27.846 521.94,27.196 523.338,26.654 C524.393,26.244 525.979,25.756 528.898,25.623 C532.057,25.479 533.004,25.448 541,25.448 C548.997,25.448 549.943,25.479 553.102,25.623 C556.021,25.756 557.607,26.244 558.662,26.654 C560.06,27.196 561.058,27.846 562.106,28.894 C563.154,29.942 563.803,30.938 564.346,32.338 C564.756,33.391 565.244,34.978 565.378,37.899 C565.522,41.056 565.552,42.003 565.552,50 C565.552,57.996 565.522,58.943 565.378,62.101 M570.82,37.631 C570.674,34.438 570.167,32.258 569.425,30.349 C568.659,28.377 567.633,26.702 565.965,25.035 C564.297,23.368 562.623,22.342 560.652,21.575 C558.743,20.834 556.562,20.326 553.369,20.18 C550.169,20.033 549.148,20 541,20 C532.853,20 531.831,20.033 528.631,20.18 C525.438,20.326 523.257,20.834 521.349,21.575 C519.376,22.342 517.703,23.368 516.035,25.035 C514.368,26.702 513.342,28.377 512.574,30.349 C511.834,32.258 511.326,34.438 511.181,37.631 C511.035,40.831 511,41.851 511,50 C511,58.147 511.035,59.17 511.181,62.369 C511.326,65.562 511.834,67.743 512.574,69.651 C513.342,71.625 514.368,73.296 516.035,74.965 C517.703,76.634 519.376,77.658 521.349,78.425 C523.257,79.167 525.438,79.673 528.631,79.82 C531.831,79.965 532.853,80.001 541,80.001 C549.148,80.001 550.169,79.965 553.369,79.82 C556.562,79.673 558.743,79.167 560.652,78.425 C562.623,77.658 564.297,76.634 565.965,74.965 C567.633,73.296 568.659,71.625 569.425,69.651 C570.167,67.743 570.674,65.562 570.82,62.369 C570.966,59.17 571,58.147 571,50 C571,41.851 570.966,40.831 570.82,37.631\"><\/path><\/g><\/g><\/g><\/svg><\/div><div style=\"padding-top: 8px;\"> <div style=\" color:#3897f0; font-family:Arial,sans-serif; font-size:14px; font-style:normal; font-weight:550; line-height:18px;\">Visualizza questo post su Instagram<\/div><\/div><div style=\"padding: 12.5% 0;\"><\/div> <div style=\"display: flex; flex-direction: row; margin-bottom: 14px; align-items: center;\"><div> <div style=\"background-color: #F4F4F4; border-radius: 50%; height: 12.5px; width: 12.5px; transform: translateX(0px) translateY(7px);\"><\/div> <div style=\"background-color: #F4F4F4; height: 12.5px; transform: rotate(-45deg) translateX(3px) translateY(1px); width: 12.5px; flex-grow: 0; margin-right: 14px; margin-left: 2px;\"><\/div> <div style=\"background-color: #F4F4F4; border-radius: 50%; height: 12.5px; width: 12.5px; transform: translateX(9px) translateY(-18px);\"><\/div><\/div><div style=\"margin-left: 8px;\"> <div style=\" background-color: #F4F4F4; border-radius: 50%; flex-grow: 0; height: 20px; width: 20px;\"><\/div> <div style=\" width: 0; height: 0; border-top: 2px solid transparent; border-left: 6px solid #f4f4f4; border-bottom: 2px solid transparent; transform: translateX(16px) translateY(-4px) rotate(30deg)\"><\/div><\/div><div style=\"margin-left: auto;\"> <div style=\" width: 0px; border-top: 8px solid #F4F4F4; border-right: 8px solid transparent; transform: translateY(16px);\"><\/div> <div style=\" background-color: #F4F4F4; flex-grow: 0; height: 12px; width: 16px; transform: translateY(-4px);\"><\/div> <div style=\" width: 0; height: 0; border-top: 8px solid #F4F4F4; border-left: 8px solid transparent; transform: translateY(-4px) translateX(8px);\"><\/div><\/div><\/div> <div style=\"display: flex; flex-direction: column; flex-grow: 1; justify-content: center; margin-bottom: 24px;\"> <div style=\" background-color: #F4F4F4; border-radius: 4px; flex-grow: 0; height: 14px; margin-bottom: 6px; width: 224px;\"><\/div> <div style=\" background-color: #F4F4F4; border-radius: 4px; flex-grow: 0; height: 14px; width: 144px;\"><\/div><\/div><\/a><p style=\" color:#c9c8cd; font-family:Arial,sans-serif; font-size:14px; line-height:17px; margin-bottom:0; margin-top:8px; overflow:hidden; padding:8px 0 7px; text-align:center; text-overflow:ellipsis; white-space:nowrap;\"><a href=\"https:\/\/www.instagram.com\/p\/DKw4zgXiwYk\/?utm_source=ig_embed&amp;utm_campaign=loading\" style=\" color:#c9c8cd; font-family:Arial,sans-serif; font-size:14px; font-style:normal; font-weight:normal; line-height:17px; text-decoration:none;\" target=\"_blank\">Un post condiviso da Casting News Professional (@castingnews.eu)<\/a><\/p><\/div><\/blockquote>\n<script async src=\"\/\/www.instagram.com\/embed.js\"><\/script>\n\n<div style=\"font-size: 0px; height: 0px; line-height: 0px; margin: 0; padding: 0; clear: both;\"><\/div>","protected":false},"excerpt":{"rendered":"<p>Pedro Almod\u00f3var \u00e8 pronto a tornare dietro la macchina da presa con Bitter Christmas, nuovo lungometraggio in lingua spagnola che segna un ritorno alle radici artistiche del regista dopo l\u2019esperienza internazionale con The Room Next Door. Le riprese prenderanno il via entro la fine di giugno tra Madrid e le suggestive Isole Canarie, con il [&hellip;]<\/p>\n","protected":false},"author":1,"featured_media":10256,"comment_status":"open","ping_status":"open","sticky":false,"template":"","format":"standard","meta":{"tdm_status":"","tdm_grid_status":"","footnotes":""},"categories":[1533,21,30,37],"tags":[7809,7810,272,273,305,7811,7813,7641,6806,2762,7817,7814,7815,7808,7820,7819,7812,7818,7816],"class_list":{"0":"post-10255","1":"post","2":"type-post","3":"status-publish","4":"format-standard","5":"has-post-thumbnail","7":"category-featured","8":"category-in-primo-piano","9":"category-progetti-cinematografici","10":"category-spagna","11":"tag-barbara-lennie","12":"tag-bitter-christmas","13":"tag-casting-magazine","14":"tag-casting-news","15":"tag-cinema-dautore","16":"tag-cinema-spagnolo","17":"tag-el-deseo","18":"tag-film-2026","19":"tag-film-drammatico","20":"tag-isole-canarie","21":"tag-leonardo-sbaraglia","22":"tag-milena-smit","23":"tag-movistar-plus","24":"tag-pedro-almodovar","25":"tag-quim-gutierrez","26":"tag-regista-premio-oscar","27":"tag-riprese-madrid","29":"tag-warner-bros-espana"},"yoast_head":"<!-- This site is optimized with the Yoast SEO plugin v27.4 - https:\/\/yoast.com\/product\/yoast-seo-wordpress\/ -->\r\n<title>Pedro Almod\u00f3var torna alle origini con \u201cBitter Christmas\u201d: al via le riprese tra Madrid e le Canarie - Casting News Magazine<\/title>\r\n<meta name=\"description\" content=\"Al via le riprese di Bitter Christmas, il nuovo film di Pedro Almod\u00f3var con un cast d\u2019eccezione e una storia intensa e personale.\" \/>\r\n<meta name=\"robots\" content=\"index, follow, max-snippet:-1, max-image-preview:large, max-video-preview:-1\" \/>\r\n<link rel=\"canonical\" href=\"https:\/\/www.castingnews.eu\/magazine\/2025\/06\/11\/pedro-almodovar-torna-alle-origini-con-bitter-christmas-al-via-le-riprese-tra-madrid-e-le-canarie\/\" \/>\r\n<meta property=\"og:locale\" content=\"it_IT\" \/>\r\n<meta property=\"og:type\" content=\"article\" \/>\r\n<meta property=\"og:title\" content=\"Pedro Almod\u00f3var torna alle origini con \u201cBitter Christmas\u201d: al via le riprese tra Madrid e le Canarie - Casting News Magazine\" \/>\r\n<meta property=\"og:description\" content=\"Al via le riprese di Bitter Christmas, il nuovo film di Pedro Almod\u00f3var con un cast d\u2019eccezione e una storia intensa e personale.\" \/>\r\n<meta property=\"og:url\" content=\"https:\/\/www.castingnews.eu\/magazine\/2025\/06\/11\/pedro-almodovar-torna-alle-origini-con-bitter-christmas-al-via-le-riprese-tra-madrid-e-le-canarie\/\" \/>\r\n<meta property=\"og:site_name\" content=\"Casting News Magazine\" \/>\r\n<meta property=\"article:published_time\" content=\"2025-06-11T14:02:54+00:00\" \/>\r\n<meta property=\"article:modified_time\" content=\"2025-06-12T15:00:33+00:00\" \/>\r\n<meta property=\"og:image\" content=\"https:\/\/www.castingnews.eu\/magazine\/wp-content\/uploads\/2025\/06\/Pedro-Almodovar.jpg\" \/>\r\n\t<meta property=\"og:image:width\" content=\"1200\" \/>\r\n\t<meta property=\"og:image:height\" content=\"718\" \/>\r\n\t<meta property=\"og:image:type\" content=\"image\/jpeg\" \/>\r\n<meta name=\"author\" content=\"Redazione\" \/>\r\n<meta name=\"twitter:card\" content=\"summary_large_image\" \/>\r\n<meta name=\"twitter:label1\" content=\"Scritto da\" \/>\n\t<meta name=\"twitter:data1\" content=\"Redazione\" \/>\n\t<meta name=\"twitter:label2\" content=\"Tempo di lettura stimato\" \/>\n\t<meta name=\"twitter:data2\" content=\"2 minuti\" \/>\r\n<script type=\"application\/ld+json\" class=\"yoast-schema-graph\">{\"@context\":\"https:\\\/\\\/schema.org\",\"@graph\":[{\"@type\":\"Article\",\"@id\":\"https:\\\/\\\/www.castingnews.eu\\\/magazine\\\/2025\\\/06\\\/11\\\/pedro-almodovar-torna-alle-origini-con-bitter-christmas-al-via-le-riprese-tra-madrid-e-le-canarie\\\/#article\",\"isPartOf\":{\"@id\":\"https:\\\/\\\/www.castingnews.eu\\\/magazine\\\/2025\\\/06\\\/11\\\/pedro-almodovar-torna-alle-origini-con-bitter-christmas-al-via-le-riprese-tra-madrid-e-le-canarie\\\/\"},\"author\":{\"name\":\"Redazione\",\"@id\":\"https:\\\/\\\/www.castingnews.eu\\\/magazine\\\/#\\\/schema\\\/person\\\/099d71c568c9a7e5e4037b1594108f17\"},\"headline\":\"Pedro Almod\u00f3var torna alle origini con \u201cBitter Christmas\u201d: al via le riprese tra Madrid e le Canarie\",\"datePublished\":\"2025-06-11T14:02:54+00:00\",\"dateModified\":\"2025-06-12T15:00:33+00:00\",\"mainEntityOfPage\":{\"@id\":\"https:\\\/\\\/www.castingnews.eu\\\/magazine\\\/2025\\\/06\\\/11\\\/pedro-almodovar-torna-alle-origini-con-bitter-christmas-al-via-le-riprese-tra-madrid-e-le-canarie\\\/\"},\"wordCount\":356,\"commentCount\":0,\"image\":{\"@id\":\"https:\\\/\\\/www.castingnews.eu\\\/magazine\\\/2025\\\/06\\\/11\\\/pedro-almodovar-torna-alle-origini-con-bitter-christmas-al-via-le-riprese-tra-madrid-e-le-canarie\\\/#primaryimage\"},\"thumbnailUrl\":\"https:\\\/\\\/www.castingnews.eu\\\/magazine\\\/wp-content\\\/uploads\\\/2025\\\/06\\\/Pedro-Almodovar.jpg\",\"keywords\":[\"B\u00e1rbara Lennie\",\"Bitter Christmas\",\"Casting Magazine\",\"Casting News\",\"Cinema d\u2019autore\",\"cinema spagnolo\",\"El Deseo\",\"film 2026\",\"film drammatico\",\"Isole Canarie\",\"Leonardo Sbaraglia\",\"Milena Smit\",\"Movistar Plus\",\"Pedro Almod\u00f3var\",\"Quim Guti\u00e9rrez\",\"regista premio Oscar\",\"riprese Madrid\",\"Victoria Luengo\",\"Warner Bros Espa\u00f1a\"],\"articleSection\":[\"In primo piano\",\"Primo piano\",\"Progetti cinematografici\",\"Spagna\"],\"inLanguage\":\"it-IT\",\"potentialAction\":[{\"@type\":\"CommentAction\",\"name\":\"Comment\",\"target\":[\"https:\\\/\\\/www.castingnews.eu\\\/magazine\\\/2025\\\/06\\\/11\\\/pedro-almodovar-torna-alle-origini-con-bitter-christmas-al-via-le-riprese-tra-madrid-e-le-canarie\\\/#respond\"]}]},{\"@type\":\"WebPage\",\"@id\":\"https:\\\/\\\/www.castingnews.eu\\\/magazine\\\/2025\\\/06\\\/11\\\/pedro-almodovar-torna-alle-origini-con-bitter-christmas-al-via-le-riprese-tra-madrid-e-le-canarie\\\/\",\"url\":\"https:\\\/\\\/www.castingnews.eu\\\/magazine\\\/2025\\\/06\\\/11\\\/pedro-almodovar-torna-alle-origini-con-bitter-christmas-al-via-le-riprese-tra-madrid-e-le-canarie\\\/\",\"name\":\"Pedro Almod\u00f3var torna alle origini con \u201cBitter Christmas\u201d: al via le riprese tra Madrid e le Canarie - Casting News Magazine\",\"isPartOf\":{\"@id\":\"https:\\\/\\\/www.castingnews.eu\\\/magazine\\\/#website\"},\"primaryImageOfPage\":{\"@id\":\"https:\\\/\\\/www.castingnews.eu\\\/magazine\\\/2025\\\/06\\\/11\\\/pedro-almodovar-torna-alle-origini-con-bitter-christmas-al-via-le-riprese-tra-madrid-e-le-canarie\\\/#primaryimage\"},\"image\":{\"@id\":\"https:\\\/\\\/www.castingnews.eu\\\/magazine\\\/2025\\\/06\\\/11\\\/pedro-almodovar-torna-alle-origini-con-bitter-christmas-al-via-le-riprese-tra-madrid-e-le-canarie\\\/#primaryimage\"},\"thumbnailUrl\":\"https:\\\/\\\/www.castingnews.eu\\\/magazine\\\/wp-content\\\/uploads\\\/2025\\\/06\\\/Pedro-Almodovar.jpg\",\"datePublished\":\"2025-06-11T14:02:54+00:00\",\"dateModified\":\"2025-06-12T15:00:33+00:00\",\"author\":{\"@id\":\"https:\\\/\\\/www.castingnews.eu\\\/magazine\\\/#\\\/schema\\\/person\\\/099d71c568c9a7e5e4037b1594108f17\"},\"description\":\"Al via le riprese di Bitter Christmas, il nuovo film di Pedro Almod\u00f3var con un cast d\u2019eccezione e una storia intensa e personale.\",\"breadcrumb\":{\"@id\":\"https:\\\/\\\/www.castingnews.eu\\\/magazine\\\/2025\\\/06\\\/11\\\/pedro-almodovar-torna-alle-origini-con-bitter-christmas-al-via-le-riprese-tra-madrid-e-le-canarie\\\/#breadcrumb\"},\"inLanguage\":\"it-IT\",\"potentialAction\":[{\"@type\":\"ReadAction\",\"target\":[\"https:\\\/\\\/www.castingnews.eu\\\/magazine\\\/2025\\\/06\\\/11\\\/pedro-almodovar-torna-alle-origini-con-bitter-christmas-al-via-le-riprese-tra-madrid-e-le-canarie\\\/\"]}]},{\"@type\":\"ImageObject\",\"inLanguage\":\"it-IT\",\"@id\":\"https:\\\/\\\/www.castingnews.eu\\\/magazine\\\/2025\\\/06\\\/11\\\/pedro-almodovar-torna-alle-origini-con-bitter-christmas-al-via-le-riprese-tra-madrid-e-le-canarie\\\/#primaryimage\",\"url\":\"https:\\\/\\\/www.castingnews.eu\\\/magazine\\\/wp-content\\\/uploads\\\/2025\\\/06\\\/Pedro-Almodovar.jpg\",\"contentUrl\":\"https:\\\/\\\/www.castingnews.eu\\\/magazine\\\/wp-content\\\/uploads\\\/2025\\\/06\\\/Pedro-Almodovar.jpg\",\"width\":1200,\"height\":718,\"caption\":\"Bitter Christmas di Pedro Almodovar\"},{\"@type\":\"BreadcrumbList\",\"@id\":\"https:\\\/\\\/www.castingnews.eu\\\/magazine\\\/2025\\\/06\\\/11\\\/pedro-almodovar-torna-alle-origini-con-bitter-christmas-al-via-le-riprese-tra-madrid-e-le-canarie\\\/#breadcrumb\",\"itemListElement\":[{\"@type\":\"ListItem\",\"position\":1,\"name\":\"Home\",\"item\":\"https:\\\/\\\/www.castingnews.eu\\\/magazine\\\/\"},{\"@type\":\"ListItem\",\"position\":2,\"name\":\"Pedro Almod\u00f3var torna alle origini con \u201cBitter Christmas\u201d: al via le riprese tra Madrid e le Canarie\"}]},{\"@type\":\"WebSite\",\"@id\":\"https:\\\/\\\/www.castingnews.eu\\\/magazine\\\/#website\",\"url\":\"https:\\\/\\\/www.castingnews.eu\\\/magazine\\\/\",\"name\":\"Casting News Magazine\",\"description\":\"News e aggiornamenti sui film, serie tv, teatro e festival italiani ed internazionali\",\"potentialAction\":[{\"@type\":\"SearchAction\",\"target\":{\"@type\":\"EntryPoint\",\"urlTemplate\":\"https:\\\/\\\/www.castingnews.eu\\\/magazine\\\/?s={search_term_string}\"},\"query-input\":{\"@type\":\"PropertyValueSpecification\",\"valueRequired\":true,\"valueName\":\"search_term_string\"}}],\"inLanguage\":\"it-IT\"},{\"@type\":\"Person\",\"@id\":\"https:\\\/\\\/www.castingnews.eu\\\/magazine\\\/#\\\/schema\\\/person\\\/099d71c568c9a7e5e4037b1594108f17\",\"name\":\"Redazione\",\"image\":{\"@type\":\"ImageObject\",\"inLanguage\":\"it-IT\",\"@id\":\"https:\\\/\\\/secure.gravatar.com\\\/avatar\\\/b73a087aa3bd279fb70d24f1960a91c82cf67619395b60b564c90e9e5d5325fc?s=96&d=mm&r=g\",\"url\":\"https:\\\/\\\/secure.gravatar.com\\\/avatar\\\/b73a087aa3bd279fb70d24f1960a91c82cf67619395b60b564c90e9e5d5325fc?s=96&d=mm&r=g\",\"contentUrl\":\"https:\\\/\\\/secure.gravatar.com\\\/avatar\\\/b73a087aa3bd279fb70d24f1960a91c82cf67619395b60b564c90e9e5d5325fc?s=96&d=mm&r=g\",\"caption\":\"Redazione\"},\"description\":\"News e aggiornamenti sui film, serie tv, teatro e festival italiani ed internazionali.\",\"url\":\"https:\\\/\\\/www.castingnews.eu\\\/magazine\\\/author\\\/redazione\\\/\"}]}<\/script>\r\n<!-- \/ Yoast SEO plugin. -->","yoast_head_json":{"title":"Pedro Almod\u00f3var torna alle origini con \u201cBitter Christmas\u201d: al via le riprese tra Madrid e le Canarie - Casting News Magazine","description":"Al via le riprese di Bitter Christmas, il nuovo film di Pedro Almod\u00f3var con un cast d\u2019eccezione e una storia intensa e personale.","robots":{"index":"index","follow":"follow","max-snippet":"max-snippet:-1","max-image-preview":"max-image-preview:large","max-video-preview":"max-video-preview:-1"},"canonical":"https:\/\/www.castingnews.eu\/magazine\/2025\/06\/11\/pedro-almodovar-torna-alle-origini-con-bitter-christmas-al-via-le-riprese-tra-madrid-e-le-canarie\/","og_locale":"it_IT","og_type":"article","og_title":"Pedro Almod\u00f3var torna alle origini con \u201cBitter Christmas\u201d: al via le riprese tra Madrid e le Canarie - Casting News Magazine","og_description":"Al via le riprese di Bitter Christmas, il nuovo film di Pedro Almod\u00f3var con un cast d\u2019eccezione e una storia intensa e personale.","og_url":"https:\/\/www.castingnews.eu\/magazine\/2025\/06\/11\/pedro-almodovar-torna-alle-origini-con-bitter-christmas-al-via-le-riprese-tra-madrid-e-le-canarie\/","og_site_name":"Casting News Magazine","article_published_time":"2025-06-11T14:02:54+00:00","article_modified_time":"2025-06-12T15:00:33+00:00","og_image":[{"width":1200,"height":718,"url":"https:\/\/www.castingnews.eu\/magazine\/wp-content\/uploads\/2025\/06\/Pedro-Almodovar.jpg","type":"image\/jpeg"}],"author":"Redazione","twitter_card":"summary_large_image","twitter_misc":{"Scritto da":"Redazione","Tempo di lettura stimato":"2 minuti"},"schema":{"@context":"https:\/\/schema.org","@graph":[{"@type":"Article","@id":"https:\/\/www.castingnews.eu\/magazine\/2025\/06\/11\/pedro-almodovar-torna-alle-origini-con-bitter-christmas-al-via-le-riprese-tra-madrid-e-le-canarie\/#article","isPartOf":{"@id":"https:\/\/www.castingnews.eu\/magazine\/2025\/06\/11\/pedro-almodovar-torna-alle-origini-con-bitter-christmas-al-via-le-riprese-tra-madrid-e-le-canarie\/"},"author":{"name":"Redazione","@id":"https:\/\/www.castingnews.eu\/magazine\/#\/schema\/person\/099d71c568c9a7e5e4037b1594108f17"},"headline":"Pedro Almod\u00f3var torna alle origini con \u201cBitter Christmas\u201d: al via le riprese tra Madrid e le Canarie","datePublished":"2025-06-11T14:02:54+00:00","dateModified":"2025-06-12T15:00:33+00:00","mainEntityOfPage":{"@id":"https:\/\/www.castingnews.eu\/magazine\/2025\/06\/11\/pedro-almodovar-torna-alle-origini-con-bitter-christmas-al-via-le-riprese-tra-madrid-e-le-canarie\/"},"wordCount":356,"commentCount":0,"image":{"@id":"https:\/\/www.castingnews.eu\/magazine\/2025\/06\/11\/pedro-almodovar-torna-alle-origini-con-bitter-christmas-al-via-le-riprese-tra-madrid-e-le-canarie\/#primaryimage"},"thumbnailUrl":"https:\/\/www.castingnews.eu\/magazine\/wp-content\/uploads\/2025\/06\/Pedro-Almodovar.jpg","keywords":["B\u00e1rbara Lennie","Bitter Christmas","Casting Magazine","Casting News","Cinema d\u2019autore","cinema spagnolo","El Deseo","film 2026","film drammatico","Isole Canarie","Leonardo Sbaraglia","Milena Smit","Movistar Plus","Pedro Almod\u00f3var","Quim Guti\u00e9rrez","regista premio Oscar","riprese Madrid","Victoria Luengo","Warner Bros Espa\u00f1a"],"articleSection":["In primo piano","Primo piano","Progetti cinematografici","Spagna"],"inLanguage":"it-IT","potentialAction":[{"@type":"CommentAction","name":"Comment","target":["https:\/\/www.castingnews.eu\/magazine\/2025\/06\/11\/pedro-almodovar-torna-alle-origini-con-bitter-christmas-al-via-le-riprese-tra-madrid-e-le-canarie\/#respond"]}]},{"@type":"WebPage","@id":"https:\/\/www.castingnews.eu\/magazine\/2025\/06\/11\/pedro-almodovar-torna-alle-origini-con-bitter-christmas-al-via-le-riprese-tra-madrid-e-le-canarie\/","url":"https:\/\/www.castingnews.eu\/magazine\/2025\/06\/11\/pedro-almodovar-torna-alle-origini-con-bitter-christmas-al-via-le-riprese-tra-madrid-e-le-canarie\/","name":"Pedro Almod\u00f3var torna alle origini con \u201cBitter Christmas\u201d: al via le riprese tra Madrid e le Canarie - Casting News Magazine","isPartOf":{"@id":"https:\/\/www.castingnews.eu\/magazine\/#website"},"primaryImageOfPage":{"@id":"https:\/\/www.castingnews.eu\/magazine\/2025\/06\/11\/pedro-almodovar-torna-alle-origini-con-bitter-christmas-al-via-le-riprese-tra-madrid-e-le-canarie\/#primaryimage"},"image":{"@id":"https:\/\/www.castingnews.eu\/magazine\/2025\/06\/11\/pedro-almodovar-torna-alle-origini-con-bitter-christmas-al-via-le-riprese-tra-madrid-e-le-canarie\/#primaryimage"},"thumbnailUrl":"https:\/\/www.castingnews.eu\/magazine\/wp-content\/uploads\/2025\/06\/Pedro-Almodovar.jpg","datePublished":"2025-06-11T14:02:54+00:00","dateModified":"2025-06-12T15:00:33+00:00","author":{"@id":"https:\/\/www.castingnews.eu\/magazine\/#\/schema\/person\/099d71c568c9a7e5e4037b1594108f17"},"description":"Al via le riprese di Bitter Christmas, il nuovo film di Pedro Almod\u00f3var con un cast d\u2019eccezione e una storia intensa e personale.","breadcrumb":{"@id":"https:\/\/www.castingnews.eu\/magazine\/2025\/06\/11\/pedro-almodovar-torna-alle-origini-con-bitter-christmas-al-via-le-riprese-tra-madrid-e-le-canarie\/#breadcrumb"},"inLanguage":"it-IT","potentialAction":[{"@type":"ReadAction","target":["https:\/\/www.castingnews.eu\/magazine\/2025\/06\/11\/pedro-almodovar-torna-alle-origini-con-bitter-christmas-al-via-le-riprese-tra-madrid-e-le-canarie\/"]}]},{"@type":"ImageObject","inLanguage":"it-IT","@id":"https:\/\/www.castingnews.eu\/magazine\/2025\/06\/11\/pedro-almodovar-torna-alle-origini-con-bitter-christmas-al-via-le-riprese-tra-madrid-e-le-canarie\/#primaryimage","url":"https:\/\/www.castingnews.eu\/magazine\/wp-content\/uploads\/2025\/06\/Pedro-Almodovar.jpg","contentUrl":"https:\/\/www.castingnews.eu\/magazine\/wp-content\/uploads\/2025\/06\/Pedro-Almodovar.jpg","width":1200,"height":718,"caption":"Bitter Christmas di Pedro Almodovar"},{"@type":"BreadcrumbList","@id":"https:\/\/www.castingnews.eu\/magazine\/2025\/06\/11\/pedro-almodovar-torna-alle-origini-con-bitter-christmas-al-via-le-riprese-tra-madrid-e-le-canarie\/#breadcrumb","itemListElement":[{"@type":"ListItem","position":1,"name":"Home","item":"https:\/\/www.castingnews.eu\/magazine\/"},{"@type":"ListItem","position":2,"name":"Pedro Almod\u00f3var torna alle origini con \u201cBitter Christmas\u201d: al via le riprese tra Madrid e le Canarie"}]},{"@type":"WebSite","@id":"https:\/\/www.castingnews.eu\/magazine\/#website","url":"https:\/\/www.castingnews.eu\/magazine\/","name":"Casting News Magazine","description":"News e aggiornamenti sui film, serie tv, teatro e festival italiani ed internazionali","potentialAction":[{"@type":"SearchAction","target":{"@type":"EntryPoint","urlTemplate":"https:\/\/www.castingnews.eu\/magazine\/?s={search_term_string}"},"query-input":{"@type":"PropertyValueSpecification","valueRequired":true,"valueName":"search_term_string"}}],"inLanguage":"it-IT"},{"@type":"Person","@id":"https:\/\/www.castingnews.eu\/magazine\/#\/schema\/person\/099d71c568c9a7e5e4037b1594108f17","name":"Redazione","image":{"@type":"ImageObject","inLanguage":"it-IT","@id":"https:\/\/secure.gravatar.com\/avatar\/b73a087aa3bd279fb70d24f1960a91c82cf67619395b60b564c90e9e5d5325fc?s=96&d=mm&r=g","url":"https:\/\/secure.gravatar.com\/avatar\/b73a087aa3bd279fb70d24f1960a91c82cf67619395b60b564c90e9e5d5325fc?s=96&d=mm&r=g","contentUrl":"https:\/\/secure.gravatar.com\/avatar\/b73a087aa3bd279fb70d24f1960a91c82cf67619395b60b564c90e9e5d5325fc?s=96&d=mm&r=g","caption":"Redazione"},"description":"News e aggiornamenti sui film, serie tv, teatro e festival italiani ed internazionali.","url":"https:\/\/www.castingnews.eu\/magazine\/author\/redazione\/"}]}},"_links":{"self":[{"href":"https:\/\/www.castingnews.eu\/magazine\/wp-json\/wp\/v2\/posts\/10255","targetHints":{"allow":["GET"]}}],"collection":[{"href":"https:\/\/www.castingnews.eu\/magazine\/wp-json\/wp\/v2\/posts"}],"about":[{"href":"https:\/\/www.castingnews.eu\/magazine\/wp-json\/wp\/v2\/types\/post"}],"author":[{"embeddable":true,"href":"https:\/\/www.castingnews.eu\/magazine\/wp-json\/wp\/v2\/users\/1"}],"replies":[{"embeddable":true,"href":"https:\/\/www.castingnews.eu\/magazine\/wp-json\/wp\/v2\/comments?post=10255"}],"version-history":[{"count":2,"href":"https:\/\/www.castingnews.eu\/magazine\/wp-json\/wp\/v2\/posts\/10255\/revisions"}],"predecessor-version":[{"id":10267,"href":"https:\/\/www.castingnews.eu\/magazine\/wp-json\/wp\/v2\/posts\/10255\/revisions\/10267"}],"wp:featuredmedia":[{"embeddable":true,"href":"https:\/\/www.castingnews.eu\/magazine\/wp-json\/wp\/v2\/media\/10256"}],"wp:attachment":[{"href":"https:\/\/www.castingnews.eu\/magazine\/wp-json\/wp\/v2\/media?parent=10255"}],"wp:term":[{"taxonomy":"category","embeddable":true,"href":"https:\/\/www.castingnews.eu\/magazine\/wp-json\/wp\/v2\/categories?post=10255"},{"taxonomy":"post_tag","embeddable":true,"href":"https:\/\/www.castingnews.eu\/magazine\/wp-json\/wp\/v2\/tags?post=10255"}],"curies":[{"name":"wp","href":"https:\/\/api.w.org\/{rel}","templated":true}]}}