{"id":10131,"date":"2025-05-25T14:09:23","date_gmt":"2025-05-25T12:09:23","guid":{"rendered":"https:\/\/www.castingnews.eu\/magazine\/?p=10131"},"modified":"2025-05-25T14:09:25","modified_gmt":"2025-05-25T12:09:25","slug":"zach-braff-torna-a-indossare-il-camice-in-arrivo-una-nuova-serie-di-scrubs","status":"publish","type":"post","link":"https:\/\/www.castingnews.eu\/magazine\/2025\/05\/25\/zach-braff-torna-a-indossare-il-camice-in-arrivo-una-nuova-serie-di-scrubs\/","title":{"rendered":"Zach Braff torna a indossare il camice: in arrivo una nuova serie di Scrubs"},"content":{"rendered":"\n<p>Il dottor <strong>John \u201cJ.D.\u201d Dorian<\/strong> \u00e8 pronto a fare il suo ritorno sul piccolo schermo. <strong>Zach Braff<\/strong>, volto simbolo della celebre <strong>sitcom <\/strong><em><strong>Scrubs<\/strong><\/em>, ha ufficializzato la sua partecipazione al nuovo progetto seriale attualmente in fase di sviluppo per <strong>ABC<\/strong>. La notizia arriva a seguito delle prime indiscrezioni emerse nei mesi scorsi sul possibile ritorno della serie, che ha segnato un\u2019intera generazione tra risate, monologhi interiori e momenti di intensa umanit\u00e0.<\/p><div class=\"6d3639e8c6ac292cde400fad8ff8a5b9\" data-index=\"1\" style=\"float: none; margin:10px 0 10px 0; text-align:center;\">\n<script async src=\"\/\/pagead2.googlesyndication.com\/pagead\/js\/adsbygoogle.js\"><\/script>\r\n<!-- Casting Bambini NEW -->\r\n<ins class=\"adsbygoogle\"\r\n     style=\"display:inline-block;width:336px;height:280px\"\r\n     data-ad-client=\"ca-pub-5538097485429833\"\r\n     data-ad-slot=\"5127154445\"><\/ins>\r\n<script>\r\n(adsbygoogle = window.adsbygoogle || []).push({});\r\n<\/script>\n<\/div>\n\n\n\n\n<p>Prodotta da 20th Television, societ\u00e0 del gruppo Disney, la nuova serie \u00e8 stata concepita come un \u201cibrido tra sequel e reboot\u201d. Dietro al progetto c\u2019\u00e8 ancora una volta Bill Lawrence, mente creativa e creatore della serie originale, che in questa occasione ricoprir\u00e0 per\u00f2 un ruolo pi\u00f9 distaccato, lasciando la guida a un nuovo team creativo. Lawrence ha ottenuto un accordo speciale con Warner Bros Television \u2014 con cui ha un contratto di esclusiva \u2014 per collaborare al progetto sviluppato da ABC.<\/p>\n\n\n\n<p>Secondo quanto riportato da Deadline, sarebbero in corso trattative per riportare in scena anche altri membri storici del cast, tra cui Sarah Chalke, Donald Faison, John C. McGinley e Judy Reyes. Nessuna conferma ufficiale, tuttavia, \u00e8 giunta da parte della rete o dello studio. La possibilit\u00e0 di ritrovare i personaggi originali \u00e8 un fattore determinante per il tono e la struttura della nuova serie, che promette di reinterpretare l\u2019universo di <em>Scrubs<\/em> con uno sguardo contemporaneo, mantenendo per\u00f2 intatta la sua identit\u00e0 comico-drammatica.<\/p>\n\n\n\n<p>Il titolo provvisorio del progetto \u00e8 stato definito da Lawrence come <em>Scrubs 2.0<\/em>, suggerendo una continuit\u00e0 narrativa, ma anche una volont\u00e0 di rinnovamento. Ancora nessuna data ufficiale per l\u2019inizio delle riprese o la messa in onda, ma la notizia del ritorno di Braff ha gi\u00e0 acceso l\u2019entusiasmo dei fan di lunga data.<br>Il camice \u00e8 pronto, la voce fuori campo anche. Non resta che attendere per scoprire se la magia di <em>Scrubs<\/em> sapr\u00e0 rivivere con la stessa forza di un tempo.<\/p>\n\n\n\n<p>Iscriviti alla\u00a0<strong><a href=\"https:\/\/www.castingnewsletter.eu\/CastingNewsPro\/\" target=\"_blank\" rel=\"noreferrer noopener\">newsletter giornaliera<\/a><\/strong>\u00a0di Casting News Professional per ricevere le ultime notizie sui casting aperti, provini e audizioni.<\/p>\n\n<div style=\"font-size: 0px; height: 0px; line-height: 0px; margin: 0; padding: 0; clear: both;\"><\/div>","protected":false},"excerpt":{"rendered":"<p>Il dottor John \u201cJ.D.\u201d Dorian \u00e8 pronto a fare il suo ritorno sul piccolo schermo. Zach Braff, volto simbolo della celebre sitcom Scrubs, ha ufficializzato la sua partecipazione al nuovo progetto seriale attualmente in fase di sviluppo per ABC. La notizia arriva a seguito delle prime indiscrezioni emerse nei mesi scorsi sul possibile ritorno della [&hellip;]<\/p>\n","protected":false},"author":1,"featured_media":10132,"comment_status":"open","ping_status":"open","sticky":false,"template":"","format":"standard","meta":{"tdm_status":"","tdm_grid_status":"","footnotes":""},"categories":[61,64,1462,1533,21,31,45],"tags":[7633,7630,7631,272,273,7634,7626,7635,7638,7637,7625,7636,7624,7627,7639,7632,7629,7628],"class_list":{"0":"post-10131","1":"post","2":"type-post","3":"status-publish","4":"format-standard","5":"has-post-thumbnail","7":"category-commedia","8":"category-drammatico","9":"category-fiction-tv","10":"category-featured","11":"category-in-primo-piano","12":"category-progetti-tv","13":"category-usa","14":"tag-20th-television","15":"tag-abc","16":"tag-bill-lawrence","17":"tag-casting-magazine","18":"tag-casting-news","19":"tag-donald-faison","20":"tag-jd-dorian","21":"tag-john-c-mcginley","22":"tag-judy-reyes","23":"tag-nuova-stagione-scrubs","24":"tag-reboot-scrubs","25":"tag-sarah-chalke","26":"tag-scrubs","27":"tag-sequel-scrubs","28":"tag-serie-cult","29":"tag-serie-tv-disney","30":"tag-sitcom-medica","31":"tag-zach-braff"},"yoast_head":"<!-- This site is optimized with the Yoast SEO plugin v27.4 - https:\/\/yoast.com\/product\/yoast-seo-wordpress\/ -->\r\n<title>Zach Braff torna a indossare il camice: in arrivo una nuova serie di Scrubs - Casting News Magazine<\/title>\r\n<meta name=\"description\" content=\"Zach Braff torner\u00e0 a interpretare il dottor JD Dorian in una nuova serie ispirata a Scrubs, attualmente in fase di sviluppo per ABC.\" \/>\r\n<meta name=\"robots\" content=\"index, follow, max-snippet:-1, max-image-preview:large, max-video-preview:-1\" \/>\r\n<link rel=\"canonical\" href=\"https:\/\/www.castingnews.eu\/magazine\/2025\/05\/25\/zach-braff-torna-a-indossare-il-camice-in-arrivo-una-nuova-serie-di-scrubs\/\" \/>\r\n<meta property=\"og:locale\" content=\"it_IT\" \/>\r\n<meta property=\"og:type\" content=\"article\" \/>\r\n<meta property=\"og:title\" content=\"Zach Braff torna a indossare il camice: in arrivo una nuova serie di Scrubs - Casting News Magazine\" \/>\r\n<meta property=\"og:description\" content=\"Zach Braff torner\u00e0 a interpretare il dottor JD Dorian in una nuova serie ispirata a Scrubs, attualmente in fase di sviluppo per ABC.\" \/>\r\n<meta property=\"og:url\" content=\"https:\/\/www.castingnews.eu\/magazine\/2025\/05\/25\/zach-braff-torna-a-indossare-il-camice-in-arrivo-una-nuova-serie-di-scrubs\/\" \/>\r\n<meta property=\"og:site_name\" content=\"Casting News Magazine\" \/>\r\n<meta property=\"article:published_time\" content=\"2025-05-25T12:09:23+00:00\" \/>\r\n<meta property=\"article:modified_time\" content=\"2025-05-25T12:09:25+00:00\" \/>\r\n<meta property=\"og:image\" content=\"https:\/\/www.castingnews.eu\/magazine\/wp-content\/uploads\/2025\/05\/Scrubs-sequel-reboot-Zach-Braff.jpg\" \/>\r\n\t<meta property=\"og:image:width\" content=\"1200\" \/>\r\n\t<meta property=\"og:image:height\" content=\"675\" \/>\r\n\t<meta property=\"og:image:type\" content=\"image\/jpeg\" \/>\r\n<meta name=\"author\" content=\"Redazione\" \/>\r\n<meta name=\"twitter:card\" content=\"summary_large_image\" \/>\r\n<meta name=\"twitter:label1\" content=\"Scritto da\" \/>\n\t<meta name=\"twitter:data1\" content=\"Redazione\" \/>\n\t<meta name=\"twitter:label2\" content=\"Tempo di lettura stimato\" \/>\n\t<meta name=\"twitter:data2\" content=\"2 minuti\" \/>\r\n<script type=\"application\/ld+json\" class=\"yoast-schema-graph\">{\"@context\":\"https:\\\/\\\/schema.org\",\"@graph\":[{\"@type\":\"Article\",\"@id\":\"https:\\\/\\\/www.castingnews.eu\\\/magazine\\\/2025\\\/05\\\/25\\\/zach-braff-torna-a-indossare-il-camice-in-arrivo-una-nuova-serie-di-scrubs\\\/#article\",\"isPartOf\":{\"@id\":\"https:\\\/\\\/www.castingnews.eu\\\/magazine\\\/2025\\\/05\\\/25\\\/zach-braff-torna-a-indossare-il-camice-in-arrivo-una-nuova-serie-di-scrubs\\\/\"},\"author\":{\"name\":\"Redazione\",\"@id\":\"https:\\\/\\\/www.castingnews.eu\\\/magazine\\\/#\\\/schema\\\/person\\\/099d71c568c9a7e5e4037b1594108f17\"},\"headline\":\"Zach Braff torna a indossare il camice: in arrivo una nuova serie di Scrubs\",\"datePublished\":\"2025-05-25T12:09:23+00:00\",\"dateModified\":\"2025-05-25T12:09:25+00:00\",\"mainEntityOfPage\":{\"@id\":\"https:\\\/\\\/www.castingnews.eu\\\/magazine\\\/2025\\\/05\\\/25\\\/zach-braff-torna-a-indossare-il-camice-in-arrivo-una-nuova-serie-di-scrubs\\\/\"},\"wordCount\":343,\"commentCount\":0,\"image\":{\"@id\":\"https:\\\/\\\/www.castingnews.eu\\\/magazine\\\/2025\\\/05\\\/25\\\/zach-braff-torna-a-indossare-il-camice-in-arrivo-una-nuova-serie-di-scrubs\\\/#primaryimage\"},\"thumbnailUrl\":\"https:\\\/\\\/www.castingnews.eu\\\/magazine\\\/wp-content\\\/uploads\\\/2025\\\/05\\\/Scrubs-sequel-reboot-Zach-Braff.jpg\",\"keywords\":[\"20th Television\",\"ABC\",\"Bill Lawrence\",\"Casting Magazine\",\"Casting News\",\"Donald Faison\",\"JD Dorian\",\"John C. McGinley\",\"Judy Reyes\",\"nuova stagione Scrubs\",\"reboot Scrubs\",\"Sarah Chalke\",\"Scrubs\",\"sequel Scrubs\",\"serie cult\",\"serie TV Disney\",\"sitcom medica\",\"Zach Braff\"],\"articleSection\":[\"Commedia\",\"Drammatico\",\"Fiction TV\",\"In primo piano\",\"Primo piano\",\"Progetti TV\",\"USA\"],\"inLanguage\":\"it-IT\",\"potentialAction\":[{\"@type\":\"CommentAction\",\"name\":\"Comment\",\"target\":[\"https:\\\/\\\/www.castingnews.eu\\\/magazine\\\/2025\\\/05\\\/25\\\/zach-braff-torna-a-indossare-il-camice-in-arrivo-una-nuova-serie-di-scrubs\\\/#respond\"]}]},{\"@type\":\"WebPage\",\"@id\":\"https:\\\/\\\/www.castingnews.eu\\\/magazine\\\/2025\\\/05\\\/25\\\/zach-braff-torna-a-indossare-il-camice-in-arrivo-una-nuova-serie-di-scrubs\\\/\",\"url\":\"https:\\\/\\\/www.castingnews.eu\\\/magazine\\\/2025\\\/05\\\/25\\\/zach-braff-torna-a-indossare-il-camice-in-arrivo-una-nuova-serie-di-scrubs\\\/\",\"name\":\"Zach Braff torna a indossare il camice: in arrivo una nuova serie di Scrubs - Casting News Magazine\",\"isPartOf\":{\"@id\":\"https:\\\/\\\/www.castingnews.eu\\\/magazine\\\/#website\"},\"primaryImageOfPage\":{\"@id\":\"https:\\\/\\\/www.castingnews.eu\\\/magazine\\\/2025\\\/05\\\/25\\\/zach-braff-torna-a-indossare-il-camice-in-arrivo-una-nuova-serie-di-scrubs\\\/#primaryimage\"},\"image\":{\"@id\":\"https:\\\/\\\/www.castingnews.eu\\\/magazine\\\/2025\\\/05\\\/25\\\/zach-braff-torna-a-indossare-il-camice-in-arrivo-una-nuova-serie-di-scrubs\\\/#primaryimage\"},\"thumbnailUrl\":\"https:\\\/\\\/www.castingnews.eu\\\/magazine\\\/wp-content\\\/uploads\\\/2025\\\/05\\\/Scrubs-sequel-reboot-Zach-Braff.jpg\",\"datePublished\":\"2025-05-25T12:09:23+00:00\",\"dateModified\":\"2025-05-25T12:09:25+00:00\",\"author\":{\"@id\":\"https:\\\/\\\/www.castingnews.eu\\\/magazine\\\/#\\\/schema\\\/person\\\/099d71c568c9a7e5e4037b1594108f17\"},\"description\":\"Zach Braff torner\u00e0 a interpretare il dottor JD Dorian in una nuova serie ispirata a Scrubs, attualmente in fase di sviluppo per ABC.\",\"breadcrumb\":{\"@id\":\"https:\\\/\\\/www.castingnews.eu\\\/magazine\\\/2025\\\/05\\\/25\\\/zach-braff-torna-a-indossare-il-camice-in-arrivo-una-nuova-serie-di-scrubs\\\/#breadcrumb\"},\"inLanguage\":\"it-IT\",\"potentialAction\":[{\"@type\":\"ReadAction\",\"target\":[\"https:\\\/\\\/www.castingnews.eu\\\/magazine\\\/2025\\\/05\\\/25\\\/zach-braff-torna-a-indossare-il-camice-in-arrivo-una-nuova-serie-di-scrubs\\\/\"]}]},{\"@type\":\"ImageObject\",\"inLanguage\":\"it-IT\",\"@id\":\"https:\\\/\\\/www.castingnews.eu\\\/magazine\\\/2025\\\/05\\\/25\\\/zach-braff-torna-a-indossare-il-camice-in-arrivo-una-nuova-serie-di-scrubs\\\/#primaryimage\",\"url\":\"https:\\\/\\\/www.castingnews.eu\\\/magazine\\\/wp-content\\\/uploads\\\/2025\\\/05\\\/Scrubs-sequel-reboot-Zach-Braff.jpg\",\"contentUrl\":\"https:\\\/\\\/www.castingnews.eu\\\/magazine\\\/wp-content\\\/uploads\\\/2025\\\/05\\\/Scrubs-sequel-reboot-Zach-Braff.jpg\",\"width\":1200,\"height\":675,\"caption\":\"Scrubs: Zach Braff torner\u00e0 a interpretare il dottor JD Dorian\"},{\"@type\":\"BreadcrumbList\",\"@id\":\"https:\\\/\\\/www.castingnews.eu\\\/magazine\\\/2025\\\/05\\\/25\\\/zach-braff-torna-a-indossare-il-camice-in-arrivo-una-nuova-serie-di-scrubs\\\/#breadcrumb\",\"itemListElement\":[{\"@type\":\"ListItem\",\"position\":1,\"name\":\"Home\",\"item\":\"https:\\\/\\\/www.castingnews.eu\\\/magazine\\\/\"},{\"@type\":\"ListItem\",\"position\":2,\"name\":\"Zach Braff torna a indossare il camice: in arrivo una nuova serie di Scrubs\"}]},{\"@type\":\"WebSite\",\"@id\":\"https:\\\/\\\/www.castingnews.eu\\\/magazine\\\/#website\",\"url\":\"https:\\\/\\\/www.castingnews.eu\\\/magazine\\\/\",\"name\":\"Casting News Magazine\",\"description\":\"News e aggiornamenti sui film, serie tv, teatro e festival italiani ed internazionali\",\"potentialAction\":[{\"@type\":\"SearchAction\",\"target\":{\"@type\":\"EntryPoint\",\"urlTemplate\":\"https:\\\/\\\/www.castingnews.eu\\\/magazine\\\/?s={search_term_string}\"},\"query-input\":{\"@type\":\"PropertyValueSpecification\",\"valueRequired\":true,\"valueName\":\"search_term_string\"}}],\"inLanguage\":\"it-IT\"},{\"@type\":\"Person\",\"@id\":\"https:\\\/\\\/www.castingnews.eu\\\/magazine\\\/#\\\/schema\\\/person\\\/099d71c568c9a7e5e4037b1594108f17\",\"name\":\"Redazione\",\"image\":{\"@type\":\"ImageObject\",\"inLanguage\":\"it-IT\",\"@id\":\"https:\\\/\\\/secure.gravatar.com\\\/avatar\\\/b73a087aa3bd279fb70d24f1960a91c82cf67619395b60b564c90e9e5d5325fc?s=96&d=mm&r=g\",\"url\":\"https:\\\/\\\/secure.gravatar.com\\\/avatar\\\/b73a087aa3bd279fb70d24f1960a91c82cf67619395b60b564c90e9e5d5325fc?s=96&d=mm&r=g\",\"contentUrl\":\"https:\\\/\\\/secure.gravatar.com\\\/avatar\\\/b73a087aa3bd279fb70d24f1960a91c82cf67619395b60b564c90e9e5d5325fc?s=96&d=mm&r=g\",\"caption\":\"Redazione\"},\"description\":\"News e aggiornamenti sui film, serie tv, teatro e festival italiani ed internazionali.\",\"url\":\"https:\\\/\\\/www.castingnews.eu\\\/magazine\\\/author\\\/redazione\\\/\"}]}<\/script>\r\n<!-- \/ Yoast SEO plugin. -->","yoast_head_json":{"title":"Zach Braff torna a indossare il camice: in arrivo una nuova serie di Scrubs - Casting News Magazine","description":"Zach Braff torner\u00e0 a interpretare il dottor JD Dorian in una nuova serie ispirata a Scrubs, attualmente in fase di sviluppo per ABC.","robots":{"index":"index","follow":"follow","max-snippet":"max-snippet:-1","max-image-preview":"max-image-preview:large","max-video-preview":"max-video-preview:-1"},"canonical":"https:\/\/www.castingnews.eu\/magazine\/2025\/05\/25\/zach-braff-torna-a-indossare-il-camice-in-arrivo-una-nuova-serie-di-scrubs\/","og_locale":"it_IT","og_type":"article","og_title":"Zach Braff torna a indossare il camice: in arrivo una nuova serie di Scrubs - Casting News Magazine","og_description":"Zach Braff torner\u00e0 a interpretare il dottor JD Dorian in una nuova serie ispirata a Scrubs, attualmente in fase di sviluppo per ABC.","og_url":"https:\/\/www.castingnews.eu\/magazine\/2025\/05\/25\/zach-braff-torna-a-indossare-il-camice-in-arrivo-una-nuova-serie-di-scrubs\/","og_site_name":"Casting News Magazine","article_published_time":"2025-05-25T12:09:23+00:00","article_modified_time":"2025-05-25T12:09:25+00:00","og_image":[{"width":1200,"height":675,"url":"https:\/\/www.castingnews.eu\/magazine\/wp-content\/uploads\/2025\/05\/Scrubs-sequel-reboot-Zach-Braff.jpg","type":"image\/jpeg"}],"author":"Redazione","twitter_card":"summary_large_image","twitter_misc":{"Scritto da":"Redazione","Tempo di lettura stimato":"2 minuti"},"schema":{"@context":"https:\/\/schema.org","@graph":[{"@type":"Article","@id":"https:\/\/www.castingnews.eu\/magazine\/2025\/05\/25\/zach-braff-torna-a-indossare-il-camice-in-arrivo-una-nuova-serie-di-scrubs\/#article","isPartOf":{"@id":"https:\/\/www.castingnews.eu\/magazine\/2025\/05\/25\/zach-braff-torna-a-indossare-il-camice-in-arrivo-una-nuova-serie-di-scrubs\/"},"author":{"name":"Redazione","@id":"https:\/\/www.castingnews.eu\/magazine\/#\/schema\/person\/099d71c568c9a7e5e4037b1594108f17"},"headline":"Zach Braff torna a indossare il camice: in arrivo una nuova serie di Scrubs","datePublished":"2025-05-25T12:09:23+00:00","dateModified":"2025-05-25T12:09:25+00:00","mainEntityOfPage":{"@id":"https:\/\/www.castingnews.eu\/magazine\/2025\/05\/25\/zach-braff-torna-a-indossare-il-camice-in-arrivo-una-nuova-serie-di-scrubs\/"},"wordCount":343,"commentCount":0,"image":{"@id":"https:\/\/www.castingnews.eu\/magazine\/2025\/05\/25\/zach-braff-torna-a-indossare-il-camice-in-arrivo-una-nuova-serie-di-scrubs\/#primaryimage"},"thumbnailUrl":"https:\/\/www.castingnews.eu\/magazine\/wp-content\/uploads\/2025\/05\/Scrubs-sequel-reboot-Zach-Braff.jpg","keywords":["20th Television","ABC","Bill Lawrence","Casting Magazine","Casting News","Donald Faison","JD Dorian","John C. McGinley","Judy Reyes","nuova stagione Scrubs","reboot Scrubs","Sarah Chalke","Scrubs","sequel Scrubs","serie cult","serie TV Disney","sitcom medica","Zach Braff"],"articleSection":["Commedia","Drammatico","Fiction TV","In primo piano","Primo piano","Progetti TV","USA"],"inLanguage":"it-IT","potentialAction":[{"@type":"CommentAction","name":"Comment","target":["https:\/\/www.castingnews.eu\/magazine\/2025\/05\/25\/zach-braff-torna-a-indossare-il-camice-in-arrivo-una-nuova-serie-di-scrubs\/#respond"]}]},{"@type":"WebPage","@id":"https:\/\/www.castingnews.eu\/magazine\/2025\/05\/25\/zach-braff-torna-a-indossare-il-camice-in-arrivo-una-nuova-serie-di-scrubs\/","url":"https:\/\/www.castingnews.eu\/magazine\/2025\/05\/25\/zach-braff-torna-a-indossare-il-camice-in-arrivo-una-nuova-serie-di-scrubs\/","name":"Zach Braff torna a indossare il camice: in arrivo una nuova serie di Scrubs - Casting News Magazine","isPartOf":{"@id":"https:\/\/www.castingnews.eu\/magazine\/#website"},"primaryImageOfPage":{"@id":"https:\/\/www.castingnews.eu\/magazine\/2025\/05\/25\/zach-braff-torna-a-indossare-il-camice-in-arrivo-una-nuova-serie-di-scrubs\/#primaryimage"},"image":{"@id":"https:\/\/www.castingnews.eu\/magazine\/2025\/05\/25\/zach-braff-torna-a-indossare-il-camice-in-arrivo-una-nuova-serie-di-scrubs\/#primaryimage"},"thumbnailUrl":"https:\/\/www.castingnews.eu\/magazine\/wp-content\/uploads\/2025\/05\/Scrubs-sequel-reboot-Zach-Braff.jpg","datePublished":"2025-05-25T12:09:23+00:00","dateModified":"2025-05-25T12:09:25+00:00","author":{"@id":"https:\/\/www.castingnews.eu\/magazine\/#\/schema\/person\/099d71c568c9a7e5e4037b1594108f17"},"description":"Zach Braff torner\u00e0 a interpretare il dottor JD Dorian in una nuova serie ispirata a Scrubs, attualmente in fase di sviluppo per ABC.","breadcrumb":{"@id":"https:\/\/www.castingnews.eu\/magazine\/2025\/05\/25\/zach-braff-torna-a-indossare-il-camice-in-arrivo-una-nuova-serie-di-scrubs\/#breadcrumb"},"inLanguage":"it-IT","potentialAction":[{"@type":"ReadAction","target":["https:\/\/www.castingnews.eu\/magazine\/2025\/05\/25\/zach-braff-torna-a-indossare-il-camice-in-arrivo-una-nuova-serie-di-scrubs\/"]}]},{"@type":"ImageObject","inLanguage":"it-IT","@id":"https:\/\/www.castingnews.eu\/magazine\/2025\/05\/25\/zach-braff-torna-a-indossare-il-camice-in-arrivo-una-nuova-serie-di-scrubs\/#primaryimage","url":"https:\/\/www.castingnews.eu\/magazine\/wp-content\/uploads\/2025\/05\/Scrubs-sequel-reboot-Zach-Braff.jpg","contentUrl":"https:\/\/www.castingnews.eu\/magazine\/wp-content\/uploads\/2025\/05\/Scrubs-sequel-reboot-Zach-Braff.jpg","width":1200,"height":675,"caption":"Scrubs: Zach Braff torner\u00e0 a interpretare il dottor JD Dorian"},{"@type":"BreadcrumbList","@id":"https:\/\/www.castingnews.eu\/magazine\/2025\/05\/25\/zach-braff-torna-a-indossare-il-camice-in-arrivo-una-nuova-serie-di-scrubs\/#breadcrumb","itemListElement":[{"@type":"ListItem","position":1,"name":"Home","item":"https:\/\/www.castingnews.eu\/magazine\/"},{"@type":"ListItem","position":2,"name":"Zach Braff torna a indossare il camice: in arrivo una nuova serie di Scrubs"}]},{"@type":"WebSite","@id":"https:\/\/www.castingnews.eu\/magazine\/#website","url":"https:\/\/www.castingnews.eu\/magazine\/","name":"Casting News Magazine","description":"News e aggiornamenti sui film, serie tv, teatro e festival italiani ed internazionali","potentialAction":[{"@type":"SearchAction","target":{"@type":"EntryPoint","urlTemplate":"https:\/\/www.castingnews.eu\/magazine\/?s={search_term_string}"},"query-input":{"@type":"PropertyValueSpecification","valueRequired":true,"valueName":"search_term_string"}}],"inLanguage":"it-IT"},{"@type":"Person","@id":"https:\/\/www.castingnews.eu\/magazine\/#\/schema\/person\/099d71c568c9a7e5e4037b1594108f17","name":"Redazione","image":{"@type":"ImageObject","inLanguage":"it-IT","@id":"https:\/\/secure.gravatar.com\/avatar\/b73a087aa3bd279fb70d24f1960a91c82cf67619395b60b564c90e9e5d5325fc?s=96&d=mm&r=g","url":"https:\/\/secure.gravatar.com\/avatar\/b73a087aa3bd279fb70d24f1960a91c82cf67619395b60b564c90e9e5d5325fc?s=96&d=mm&r=g","contentUrl":"https:\/\/secure.gravatar.com\/avatar\/b73a087aa3bd279fb70d24f1960a91c82cf67619395b60b564c90e9e5d5325fc?s=96&d=mm&r=g","caption":"Redazione"},"description":"News e aggiornamenti sui film, serie tv, teatro e festival italiani ed internazionali.","url":"https:\/\/www.castingnews.eu\/magazine\/author\/redazione\/"}]}},"_links":{"self":[{"href":"https:\/\/www.castingnews.eu\/magazine\/wp-json\/wp\/v2\/posts\/10131","targetHints":{"allow":["GET"]}}],"collection":[{"href":"https:\/\/www.castingnews.eu\/magazine\/wp-json\/wp\/v2\/posts"}],"about":[{"href":"https:\/\/www.castingnews.eu\/magazine\/wp-json\/wp\/v2\/types\/post"}],"author":[{"embeddable":true,"href":"https:\/\/www.castingnews.eu\/magazine\/wp-json\/wp\/v2\/users\/1"}],"replies":[{"embeddable":true,"href":"https:\/\/www.castingnews.eu\/magazine\/wp-json\/wp\/v2\/comments?post=10131"}],"version-history":[{"count":1,"href":"https:\/\/www.castingnews.eu\/magazine\/wp-json\/wp\/v2\/posts\/10131\/revisions"}],"predecessor-version":[{"id":10133,"href":"https:\/\/www.castingnews.eu\/magazine\/wp-json\/wp\/v2\/posts\/10131\/revisions\/10133"}],"wp:featuredmedia":[{"embeddable":true,"href":"https:\/\/www.castingnews.eu\/magazine\/wp-json\/wp\/v2\/media\/10132"}],"wp:attachment":[{"href":"https:\/\/www.castingnews.eu\/magazine\/wp-json\/wp\/v2\/media?parent=10131"}],"wp:term":[{"taxonomy":"category","embeddable":true,"href":"https:\/\/www.castingnews.eu\/magazine\/wp-json\/wp\/v2\/categories?post=10131"},{"taxonomy":"post_tag","embeddable":true,"href":"https:\/\/www.castingnews.eu\/magazine\/wp-json\/wp\/v2\/tags?post=10131"}],"curies":[{"name":"wp","href":"https:\/\/api.w.org\/{rel}","templated":true}]}}