{"id":10120,"date":"2025-05-24T20:47:08","date_gmt":"2025-05-24T18:47:08","guid":{"rendered":"https:\/\/www.castingnews.eu\/magazine\/?p=10120"},"modified":"2025-05-24T21:48:35","modified_gmt":"2025-05-24T19:48:35","slug":"the-chosen-la-sesta-stagione-si-gira-a-giugno-nei-sassi-di-matera","status":"publish","type":"post","link":"https:\/\/www.castingnews.eu\/magazine\/2025\/05\/24\/the-chosen-la-sesta-stagione-si-gira-a-giugno-nei-sassi-di-matera\/","title":{"rendered":"The Chosen, la sesta stagione si gira a giugno nei Sassi di Matera"},"content":{"rendered":"\n<p>Matera si prepara a trasformarsi ancora una volta in un grande set cinematografico. Dal 3 al 23 giugno 2025, i celebri Sassi e il Parco della Murgia Materana faranno da sfondo alle riprese della <strong>sesta stagione <\/strong>di <em><strong>The Chosen<\/strong><\/em>, la <strong>serie televisiva internazionale<\/strong> dedicata alla vita di Ges\u00f9 e dei suoi discepoli, creata e diretta da Dallas Jenkins.<br>&#8212;&#8212;&#8212;&#8212;&#8212;&#8212;&#8211;<br><strong>Casting per comparse e figurazioni speciali in una serie TV di ambientazione biblica<\/strong><br>La suggestiva cornice della&nbsp;<strong>Basilicata&nbsp;<\/strong>si prepara ad accogliere le riprese della&nbsp;<strong>sesta stagione&nbsp;<\/strong>di&nbsp;<strong><em>The Chosen<\/em><\/strong>, la&nbsp;<strong>serie televisiva<\/strong>&nbsp;a&nbsp;<strong>tema biblico<\/strong>, che sar\u00e0 girata a&nbsp;<strong>Matera&nbsp;<\/strong>dal 3 al 23 giugno 2025.<br><strong>CASTING NEWS: <a href=\"https:\/\/www.castingnews.eu\/news\/news.asp?id_news=11810&amp;id_cat=1\" target=\"_blank\" rel=\"noreferrer noopener\">Casting per una serie TV a Matera<\/a><\/strong><\/p><div class=\"6d3639e8c6ac292cde400fad8ff8a5b9\" data-index=\"1\" style=\"float: none; margin:10px 0 10px 0; text-align:center;\">\n<script async src=\"\/\/pagead2.googlesyndication.com\/pagead\/js\/adsbygoogle.js\"><\/script>\r\n<!-- Casting Bambini NEW -->\r\n<ins class=\"adsbygoogle\"\r\n     style=\"display:inline-block;width:336px;height:280px\"\r\n     data-ad-client=\"ca-pub-5538097485429833\"\r\n     data-ad-slot=\"5127154445\"><\/ins>\r\n<script>\r\n(adsbygoogle = window.adsbygoogle || []).push({});\r\n<\/script>\n<\/div>\n\n\n\n\n<p>Il progetto, che ha gi\u00e0 riscosso un enorme successo a livello globale con oltre 430 milioni di visualizzazioni, si distingue per l\u2019approccio intimo e umano al racconto evangelico, offrendo una narrazione coinvolgente e profondamente emozionale. Dopo aver conquistato il pubblico su Amazon Prime con le prime quattro stagioni e su Netflix con la quinta, <em>The Chosen<\/em> si appresta a tornare con un nuovo capitolo ambientato in uno degli scenari pi\u00f9 iconici del Sud Italia.<\/p>\n\n\n\n<p>Le riprese interesseranno alcune delle aree pi\u00f9 suggestive del centro storico materano, patrimonio UNESCO, e si concluderanno il 24 giugno. Il nuovo capitolo della serie, strutturato come un film di circa 120 minuti, sar\u00e0 distribuito sulle principali piattaforme digitali.<br>La fase organizzativa \u00e8 gi\u00e0 in corso e nelle prossime settimane si intensificheranno i preparativi per accogliere il cast, la troupe e le attrezzature, confermando ancora una volta Matera come una delle location pi\u00f9 ambite dal cinema internazionale.<\/p>\n\n\n\n<p>Iscriviti alla&nbsp;<strong><a href=\"https:\/\/www.castingnewsletter.eu\/CastingNewsPro\/\" target=\"_blank\" rel=\"noreferrer noopener\">newsletter giornaliera<\/a><\/strong>&nbsp;di Casting News Professional per ricevere le ultime notizie sui casting aperti, provini e audizioni.<\/p>\n\n\n\n<figure class=\"wp-block-embed is-type-wp-embed is-provider-casting-news-magazine wp-block-embed-casting-news-magazine\"><div class=\"wp-block-embed__wrapper\">\n<blockquote class=\"wp-embedded-content\" data-secret=\"FubBiOsFFt\"><a href=\"https:\/\/www.castingnews.eu\/magazine\/2025\/04\/18\/casting-per-film-biblico-cercasi-comparse-e-figurazioni-speciali\/\">Casting per film biblico: cercasi comparse e figurazioni speciali<\/a><\/blockquote><iframe loading=\"lazy\" class=\"wp-embedded-content\" sandbox=\"allow-scripts\" security=\"restricted\" style=\"position: absolute; visibility: hidden;\" title=\"&#8220;Casting per film biblico: cercasi comparse e figurazioni speciali&#8221; &#8212; Casting News Magazine\" src=\"https:\/\/www.castingnews.eu\/magazine\/2025\/04\/18\/casting-per-film-biblico-cercasi-comparse-e-figurazioni-speciali\/embed\/#?secret=zn9MVhdOvF#?secret=FubBiOsFFt\" data-secret=\"FubBiOsFFt\" width=\"600\" height=\"338\" frameborder=\"0\" marginwidth=\"0\" marginheight=\"0\" scrolling=\"no\"><\/iframe>\n<\/div><\/figure>\n\n<div style=\"font-size: 0px; height: 0px; line-height: 0px; margin: 0; padding: 0; clear: both;\"><\/div>","protected":false},"excerpt":{"rendered":"<p>Matera si prepara a trasformarsi ancora una volta in un grande set cinematografico. Dal 3 al 23 giugno 2025, i celebri Sassi e il Parco della Murgia Materana faranno da sfondo alle riprese della sesta stagione di The Chosen, la serie televisiva internazionale dedicata alla vita di Ges\u00f9 e dei suoi discepoli, creata e diretta [&hellip;]<\/p>\n","protected":false},"author":1,"featured_media":10121,"comment_status":"open","ping_status":"open","sticky":false,"template":"","format":"standard","meta":{"tdm_status":"","tdm_grid_status":"","footnotes":""},"categories":[3953,1462,1463,1533,71,21,31,38],"tags":[3763,3586,272,273,7605,7479,2074,1819,7608,7609,6733,7230,7607,7610,7604,7606,7603],"class_list":{"0":"post-10120","1":"post","2":"type-post","3":"status-publish","4":"format-standard","5":"has-post-thumbnail","7":"category-basilicata","8":"category-fiction-tv","9":"category-fiction-tv-casting-provini","10":"category-featured","11":"category-italia-paese","12":"category-in-primo-piano","13":"category-progetti-tv","14":"category-storico","15":"tag-amazon-prime","16":"tag-casting-aperti","17":"tag-casting-magazine","18":"tag-casting-news","19":"tag-dallas-jenkins","20":"tag-location-cinematografiche","21":"tag-matera","22":"tag-netflix","23":"tag-parco-della-murgia","24":"tag-piattaforme-streaming","25":"tag-produzione-internazionale","26":"tag-riprese-giugno-2025","27":"tag-sassi-di-matera","28":"tag-serie-religiosa","29":"tag-serie-tv-biblica","30":"tag-sesta-stagione","31":"tag-the-chosen"},"yoast_head":"<!-- This site is optimized with the Yoast SEO plugin v27.4 - https:\/\/yoast.com\/product\/yoast-seo-wordpress\/ -->\r\n<title>The Chosen, la sesta stagione si gira a giugno nei Sassi di Matera - Casting News Magazine<\/title>\r\n<meta name=\"description\" content=\"Dal 3 al 23 giugno 2025, Matera ospiter\u00e0 le riprese della sesta stagione di The Chosen, la serie internazionale diretta da Dallas Jenkins.\" \/>\r\n<meta name=\"robots\" content=\"index, follow, max-snippet:-1, max-image-preview:large, max-video-preview:-1\" \/>\r\n<link rel=\"canonical\" href=\"https:\/\/www.castingnews.eu\/magazine\/2025\/05\/24\/the-chosen-la-sesta-stagione-si-gira-a-giugno-nei-sassi-di-matera\/\" \/>\r\n<meta property=\"og:locale\" content=\"it_IT\" \/>\r\n<meta property=\"og:type\" content=\"article\" \/>\r\n<meta property=\"og:title\" content=\"The Chosen, la sesta stagione si gira a giugno nei Sassi di Matera - Casting News Magazine\" \/>\r\n<meta property=\"og:description\" content=\"Dal 3 al 23 giugno 2025, Matera ospiter\u00e0 le riprese della sesta stagione di The Chosen, la serie internazionale diretta da Dallas Jenkins.\" \/>\r\n<meta property=\"og:url\" content=\"https:\/\/www.castingnews.eu\/magazine\/2025\/05\/24\/the-chosen-la-sesta-stagione-si-gira-a-giugno-nei-sassi-di-matera\/\" \/>\r\n<meta property=\"og:site_name\" content=\"Casting News Magazine\" \/>\r\n<meta property=\"article:published_time\" content=\"2025-05-24T18:47:08+00:00\" \/>\r\n<meta property=\"article:modified_time\" content=\"2025-05-24T19:48:35+00:00\" \/>\r\n<meta property=\"og:image\" content=\"https:\/\/www.castingnews.eu\/magazine\/wp-content\/uploads\/2025\/05\/The-Chosen-6-Matera-riprese.jpg\" \/>\r\n\t<meta property=\"og:image:width\" content=\"1200\" \/>\r\n\t<meta property=\"og:image:height\" content=\"804\" \/>\r\n\t<meta property=\"og:image:type\" content=\"image\/jpeg\" \/>\r\n<meta name=\"author\" content=\"Redazione\" \/>\r\n<meta name=\"twitter:card\" content=\"summary_large_image\" \/>\r\n<meta name=\"twitter:label1\" content=\"Scritto da\" \/>\n\t<meta name=\"twitter:data1\" content=\"Redazione\" \/>\n\t<meta name=\"twitter:label2\" content=\"Tempo di lettura stimato\" \/>\n\t<meta name=\"twitter:data2\" content=\"2 minuti\" \/>\r\n<script type=\"application\/ld+json\" class=\"yoast-schema-graph\">{\"@context\":\"https:\\\/\\\/schema.org\",\"@graph\":[{\"@type\":\"Article\",\"@id\":\"https:\\\/\\\/www.castingnews.eu\\\/magazine\\\/2025\\\/05\\\/24\\\/the-chosen-la-sesta-stagione-si-gira-a-giugno-nei-sassi-di-matera\\\/#article\",\"isPartOf\":{\"@id\":\"https:\\\/\\\/www.castingnews.eu\\\/magazine\\\/2025\\\/05\\\/24\\\/the-chosen-la-sesta-stagione-si-gira-a-giugno-nei-sassi-di-matera\\\/\"},\"author\":{\"name\":\"Redazione\",\"@id\":\"https:\\\/\\\/www.castingnews.eu\\\/magazine\\\/#\\\/schema\\\/person\\\/099d71c568c9a7e5e4037b1594108f17\"},\"headline\":\"The Chosen, la sesta stagione si gira a giugno nei Sassi di Matera\",\"datePublished\":\"2025-05-24T18:47:08+00:00\",\"dateModified\":\"2025-05-24T19:48:35+00:00\",\"mainEntityOfPage\":{\"@id\":\"https:\\\/\\\/www.castingnews.eu\\\/magazine\\\/2025\\\/05\\\/24\\\/the-chosen-la-sesta-stagione-si-gira-a-giugno-nei-sassi-di-matera\\\/\"},\"wordCount\":307,\"commentCount\":1,\"image\":{\"@id\":\"https:\\\/\\\/www.castingnews.eu\\\/magazine\\\/2025\\\/05\\\/24\\\/the-chosen-la-sesta-stagione-si-gira-a-giugno-nei-sassi-di-matera\\\/#primaryimage\"},\"thumbnailUrl\":\"https:\\\/\\\/www.castingnews.eu\\\/magazine\\\/wp-content\\\/uploads\\\/2025\\\/05\\\/The-Chosen-6-Matera-riprese.jpg\",\"keywords\":[\"Amazon Prime\",\"casting aperti\",\"Casting Magazine\",\"Casting News\",\"Dallas Jenkins\",\"location cinematografiche\",\"Matera\",\"Netflix\",\"Parco della Murgia\",\"piattaforme streaming\",\"produzione internazionale\",\"riprese giugno 2025\",\"Sassi di Matera\",\"serie religiosa\",\"serie tv biblica\",\"sesta stagione\",\"The Chosen\"],\"articleSection\":[\"Basilicata\",\"Fiction TV\",\"Fiction TV\",\"In primo piano\",\"Italia\",\"Primo piano\",\"Progetti TV\",\"Storico\"],\"inLanguage\":\"it-IT\",\"potentialAction\":[{\"@type\":\"CommentAction\",\"name\":\"Comment\",\"target\":[\"https:\\\/\\\/www.castingnews.eu\\\/magazine\\\/2025\\\/05\\\/24\\\/the-chosen-la-sesta-stagione-si-gira-a-giugno-nei-sassi-di-matera\\\/#respond\"]}]},{\"@type\":\"WebPage\",\"@id\":\"https:\\\/\\\/www.castingnews.eu\\\/magazine\\\/2025\\\/05\\\/24\\\/the-chosen-la-sesta-stagione-si-gira-a-giugno-nei-sassi-di-matera\\\/\",\"url\":\"https:\\\/\\\/www.castingnews.eu\\\/magazine\\\/2025\\\/05\\\/24\\\/the-chosen-la-sesta-stagione-si-gira-a-giugno-nei-sassi-di-matera\\\/\",\"name\":\"The Chosen, la sesta stagione si gira a giugno nei Sassi di Matera - Casting News Magazine\",\"isPartOf\":{\"@id\":\"https:\\\/\\\/www.castingnews.eu\\\/magazine\\\/#website\"},\"primaryImageOfPage\":{\"@id\":\"https:\\\/\\\/www.castingnews.eu\\\/magazine\\\/2025\\\/05\\\/24\\\/the-chosen-la-sesta-stagione-si-gira-a-giugno-nei-sassi-di-matera\\\/#primaryimage\"},\"image\":{\"@id\":\"https:\\\/\\\/www.castingnews.eu\\\/magazine\\\/2025\\\/05\\\/24\\\/the-chosen-la-sesta-stagione-si-gira-a-giugno-nei-sassi-di-matera\\\/#primaryimage\"},\"thumbnailUrl\":\"https:\\\/\\\/www.castingnews.eu\\\/magazine\\\/wp-content\\\/uploads\\\/2025\\\/05\\\/The-Chosen-6-Matera-riprese.jpg\",\"datePublished\":\"2025-05-24T18:47:08+00:00\",\"dateModified\":\"2025-05-24T19:48:35+00:00\",\"author\":{\"@id\":\"https:\\\/\\\/www.castingnews.eu\\\/magazine\\\/#\\\/schema\\\/person\\\/099d71c568c9a7e5e4037b1594108f17\"},\"description\":\"Dal 3 al 23 giugno 2025, Matera ospiter\u00e0 le riprese della sesta stagione di The Chosen, la serie internazionale diretta da Dallas Jenkins.\",\"breadcrumb\":{\"@id\":\"https:\\\/\\\/www.castingnews.eu\\\/magazine\\\/2025\\\/05\\\/24\\\/the-chosen-la-sesta-stagione-si-gira-a-giugno-nei-sassi-di-matera\\\/#breadcrumb\"},\"inLanguage\":\"it-IT\",\"potentialAction\":[{\"@type\":\"ReadAction\",\"target\":[\"https:\\\/\\\/www.castingnews.eu\\\/magazine\\\/2025\\\/05\\\/24\\\/the-chosen-la-sesta-stagione-si-gira-a-giugno-nei-sassi-di-matera\\\/\"]}]},{\"@type\":\"ImageObject\",\"inLanguage\":\"it-IT\",\"@id\":\"https:\\\/\\\/www.castingnews.eu\\\/magazine\\\/2025\\\/05\\\/24\\\/the-chosen-la-sesta-stagione-si-gira-a-giugno-nei-sassi-di-matera\\\/#primaryimage\",\"url\":\"https:\\\/\\\/www.castingnews.eu\\\/magazine\\\/wp-content\\\/uploads\\\/2025\\\/05\\\/The-Chosen-6-Matera-riprese.jpg\",\"contentUrl\":\"https:\\\/\\\/www.castingnews.eu\\\/magazine\\\/wp-content\\\/uploads\\\/2025\\\/05\\\/The-Chosen-6-Matera-riprese.jpg\",\"width\":1200,\"height\":804,\"caption\":\"The Chosen\"},{\"@type\":\"BreadcrumbList\",\"@id\":\"https:\\\/\\\/www.castingnews.eu\\\/magazine\\\/2025\\\/05\\\/24\\\/the-chosen-la-sesta-stagione-si-gira-a-giugno-nei-sassi-di-matera\\\/#breadcrumb\",\"itemListElement\":[{\"@type\":\"ListItem\",\"position\":1,\"name\":\"Home\",\"item\":\"https:\\\/\\\/www.castingnews.eu\\\/magazine\\\/\"},{\"@type\":\"ListItem\",\"position\":2,\"name\":\"The Chosen, la sesta stagione si gira a giugno nei Sassi di Matera\"}]},{\"@type\":\"WebSite\",\"@id\":\"https:\\\/\\\/www.castingnews.eu\\\/magazine\\\/#website\",\"url\":\"https:\\\/\\\/www.castingnews.eu\\\/magazine\\\/\",\"name\":\"Casting News Magazine\",\"description\":\"News e aggiornamenti sui film, serie tv, teatro e festival italiani ed internazionali\",\"potentialAction\":[{\"@type\":\"SearchAction\",\"target\":{\"@type\":\"EntryPoint\",\"urlTemplate\":\"https:\\\/\\\/www.castingnews.eu\\\/magazine\\\/?s={search_term_string}\"},\"query-input\":{\"@type\":\"PropertyValueSpecification\",\"valueRequired\":true,\"valueName\":\"search_term_string\"}}],\"inLanguage\":\"it-IT\"},{\"@type\":\"Person\",\"@id\":\"https:\\\/\\\/www.castingnews.eu\\\/magazine\\\/#\\\/schema\\\/person\\\/099d71c568c9a7e5e4037b1594108f17\",\"name\":\"Redazione\",\"image\":{\"@type\":\"ImageObject\",\"inLanguage\":\"it-IT\",\"@id\":\"https:\\\/\\\/secure.gravatar.com\\\/avatar\\\/b73a087aa3bd279fb70d24f1960a91c82cf67619395b60b564c90e9e5d5325fc?s=96&d=mm&r=g\",\"url\":\"https:\\\/\\\/secure.gravatar.com\\\/avatar\\\/b73a087aa3bd279fb70d24f1960a91c82cf67619395b60b564c90e9e5d5325fc?s=96&d=mm&r=g\",\"contentUrl\":\"https:\\\/\\\/secure.gravatar.com\\\/avatar\\\/b73a087aa3bd279fb70d24f1960a91c82cf67619395b60b564c90e9e5d5325fc?s=96&d=mm&r=g\",\"caption\":\"Redazione\"},\"description\":\"News e aggiornamenti sui film, serie tv, teatro e festival italiani ed internazionali.\",\"url\":\"https:\\\/\\\/www.castingnews.eu\\\/magazine\\\/author\\\/redazione\\\/\"}]}<\/script>\r\n<!-- \/ Yoast SEO plugin. -->","yoast_head_json":{"title":"The Chosen, la sesta stagione si gira a giugno nei Sassi di Matera - Casting News Magazine","description":"Dal 3 al 23 giugno 2025, Matera ospiter\u00e0 le riprese della sesta stagione di The Chosen, la serie internazionale diretta da Dallas Jenkins.","robots":{"index":"index","follow":"follow","max-snippet":"max-snippet:-1","max-image-preview":"max-image-preview:large","max-video-preview":"max-video-preview:-1"},"canonical":"https:\/\/www.castingnews.eu\/magazine\/2025\/05\/24\/the-chosen-la-sesta-stagione-si-gira-a-giugno-nei-sassi-di-matera\/","og_locale":"it_IT","og_type":"article","og_title":"The Chosen, la sesta stagione si gira a giugno nei Sassi di Matera - Casting News Magazine","og_description":"Dal 3 al 23 giugno 2025, Matera ospiter\u00e0 le riprese della sesta stagione di The Chosen, la serie internazionale diretta da Dallas Jenkins.","og_url":"https:\/\/www.castingnews.eu\/magazine\/2025\/05\/24\/the-chosen-la-sesta-stagione-si-gira-a-giugno-nei-sassi-di-matera\/","og_site_name":"Casting News Magazine","article_published_time":"2025-05-24T18:47:08+00:00","article_modified_time":"2025-05-24T19:48:35+00:00","og_image":[{"width":1200,"height":804,"url":"https:\/\/www.castingnews.eu\/magazine\/wp-content\/uploads\/2025\/05\/The-Chosen-6-Matera-riprese.jpg","type":"image\/jpeg"}],"author":"Redazione","twitter_card":"summary_large_image","twitter_misc":{"Scritto da":"Redazione","Tempo di lettura stimato":"2 minuti"},"schema":{"@context":"https:\/\/schema.org","@graph":[{"@type":"Article","@id":"https:\/\/www.castingnews.eu\/magazine\/2025\/05\/24\/the-chosen-la-sesta-stagione-si-gira-a-giugno-nei-sassi-di-matera\/#article","isPartOf":{"@id":"https:\/\/www.castingnews.eu\/magazine\/2025\/05\/24\/the-chosen-la-sesta-stagione-si-gira-a-giugno-nei-sassi-di-matera\/"},"author":{"name":"Redazione","@id":"https:\/\/www.castingnews.eu\/magazine\/#\/schema\/person\/099d71c568c9a7e5e4037b1594108f17"},"headline":"The Chosen, la sesta stagione si gira a giugno nei Sassi di Matera","datePublished":"2025-05-24T18:47:08+00:00","dateModified":"2025-05-24T19:48:35+00:00","mainEntityOfPage":{"@id":"https:\/\/www.castingnews.eu\/magazine\/2025\/05\/24\/the-chosen-la-sesta-stagione-si-gira-a-giugno-nei-sassi-di-matera\/"},"wordCount":307,"commentCount":1,"image":{"@id":"https:\/\/www.castingnews.eu\/magazine\/2025\/05\/24\/the-chosen-la-sesta-stagione-si-gira-a-giugno-nei-sassi-di-matera\/#primaryimage"},"thumbnailUrl":"https:\/\/www.castingnews.eu\/magazine\/wp-content\/uploads\/2025\/05\/The-Chosen-6-Matera-riprese.jpg","keywords":["Amazon Prime","casting aperti","Casting Magazine","Casting News","Dallas Jenkins","location cinematografiche","Matera","Netflix","Parco della Murgia","piattaforme streaming","produzione internazionale","riprese giugno 2025","Sassi di Matera","serie religiosa","serie tv biblica","sesta stagione","The Chosen"],"articleSection":["Basilicata","Fiction TV","Fiction TV","In primo piano","Italia","Primo piano","Progetti TV","Storico"],"inLanguage":"it-IT","potentialAction":[{"@type":"CommentAction","name":"Comment","target":["https:\/\/www.castingnews.eu\/magazine\/2025\/05\/24\/the-chosen-la-sesta-stagione-si-gira-a-giugno-nei-sassi-di-matera\/#respond"]}]},{"@type":"WebPage","@id":"https:\/\/www.castingnews.eu\/magazine\/2025\/05\/24\/the-chosen-la-sesta-stagione-si-gira-a-giugno-nei-sassi-di-matera\/","url":"https:\/\/www.castingnews.eu\/magazine\/2025\/05\/24\/the-chosen-la-sesta-stagione-si-gira-a-giugno-nei-sassi-di-matera\/","name":"The Chosen, la sesta stagione si gira a giugno nei Sassi di Matera - Casting News Magazine","isPartOf":{"@id":"https:\/\/www.castingnews.eu\/magazine\/#website"},"primaryImageOfPage":{"@id":"https:\/\/www.castingnews.eu\/magazine\/2025\/05\/24\/the-chosen-la-sesta-stagione-si-gira-a-giugno-nei-sassi-di-matera\/#primaryimage"},"image":{"@id":"https:\/\/www.castingnews.eu\/magazine\/2025\/05\/24\/the-chosen-la-sesta-stagione-si-gira-a-giugno-nei-sassi-di-matera\/#primaryimage"},"thumbnailUrl":"https:\/\/www.castingnews.eu\/magazine\/wp-content\/uploads\/2025\/05\/The-Chosen-6-Matera-riprese.jpg","datePublished":"2025-05-24T18:47:08+00:00","dateModified":"2025-05-24T19:48:35+00:00","author":{"@id":"https:\/\/www.castingnews.eu\/magazine\/#\/schema\/person\/099d71c568c9a7e5e4037b1594108f17"},"description":"Dal 3 al 23 giugno 2025, Matera ospiter\u00e0 le riprese della sesta stagione di The Chosen, la serie internazionale diretta da Dallas Jenkins.","breadcrumb":{"@id":"https:\/\/www.castingnews.eu\/magazine\/2025\/05\/24\/the-chosen-la-sesta-stagione-si-gira-a-giugno-nei-sassi-di-matera\/#breadcrumb"},"inLanguage":"it-IT","potentialAction":[{"@type":"ReadAction","target":["https:\/\/www.castingnews.eu\/magazine\/2025\/05\/24\/the-chosen-la-sesta-stagione-si-gira-a-giugno-nei-sassi-di-matera\/"]}]},{"@type":"ImageObject","inLanguage":"it-IT","@id":"https:\/\/www.castingnews.eu\/magazine\/2025\/05\/24\/the-chosen-la-sesta-stagione-si-gira-a-giugno-nei-sassi-di-matera\/#primaryimage","url":"https:\/\/www.castingnews.eu\/magazine\/wp-content\/uploads\/2025\/05\/The-Chosen-6-Matera-riprese.jpg","contentUrl":"https:\/\/www.castingnews.eu\/magazine\/wp-content\/uploads\/2025\/05\/The-Chosen-6-Matera-riprese.jpg","width":1200,"height":804,"caption":"The Chosen"},{"@type":"BreadcrumbList","@id":"https:\/\/www.castingnews.eu\/magazine\/2025\/05\/24\/the-chosen-la-sesta-stagione-si-gira-a-giugno-nei-sassi-di-matera\/#breadcrumb","itemListElement":[{"@type":"ListItem","position":1,"name":"Home","item":"https:\/\/www.castingnews.eu\/magazine\/"},{"@type":"ListItem","position":2,"name":"The Chosen, la sesta stagione si gira a giugno nei Sassi di Matera"}]},{"@type":"WebSite","@id":"https:\/\/www.castingnews.eu\/magazine\/#website","url":"https:\/\/www.castingnews.eu\/magazine\/","name":"Casting News Magazine","description":"News e aggiornamenti sui film, serie tv, teatro e festival italiani ed internazionali","potentialAction":[{"@type":"SearchAction","target":{"@type":"EntryPoint","urlTemplate":"https:\/\/www.castingnews.eu\/magazine\/?s={search_term_string}"},"query-input":{"@type":"PropertyValueSpecification","valueRequired":true,"valueName":"search_term_string"}}],"inLanguage":"it-IT"},{"@type":"Person","@id":"https:\/\/www.castingnews.eu\/magazine\/#\/schema\/person\/099d71c568c9a7e5e4037b1594108f17","name":"Redazione","image":{"@type":"ImageObject","inLanguage":"it-IT","@id":"https:\/\/secure.gravatar.com\/avatar\/b73a087aa3bd279fb70d24f1960a91c82cf67619395b60b564c90e9e5d5325fc?s=96&d=mm&r=g","url":"https:\/\/secure.gravatar.com\/avatar\/b73a087aa3bd279fb70d24f1960a91c82cf67619395b60b564c90e9e5d5325fc?s=96&d=mm&r=g","contentUrl":"https:\/\/secure.gravatar.com\/avatar\/b73a087aa3bd279fb70d24f1960a91c82cf67619395b60b564c90e9e5d5325fc?s=96&d=mm&r=g","caption":"Redazione"},"description":"News e aggiornamenti sui film, serie tv, teatro e festival italiani ed internazionali.","url":"https:\/\/www.castingnews.eu\/magazine\/author\/redazione\/"}]}},"_links":{"self":[{"href":"https:\/\/www.castingnews.eu\/magazine\/wp-json\/wp\/v2\/posts\/10120","targetHints":{"allow":["GET"]}}],"collection":[{"href":"https:\/\/www.castingnews.eu\/magazine\/wp-json\/wp\/v2\/posts"}],"about":[{"href":"https:\/\/www.castingnews.eu\/magazine\/wp-json\/wp\/v2\/types\/post"}],"author":[{"embeddable":true,"href":"https:\/\/www.castingnews.eu\/magazine\/wp-json\/wp\/v2\/users\/1"}],"replies":[{"embeddable":true,"href":"https:\/\/www.castingnews.eu\/magazine\/wp-json\/wp\/v2\/comments?post=10120"}],"version-history":[{"count":2,"href":"https:\/\/www.castingnews.eu\/magazine\/wp-json\/wp\/v2\/posts\/10120\/revisions"}],"predecessor-version":[{"id":10125,"href":"https:\/\/www.castingnews.eu\/magazine\/wp-json\/wp\/v2\/posts\/10120\/revisions\/10125"}],"wp:featuredmedia":[{"embeddable":true,"href":"https:\/\/www.castingnews.eu\/magazine\/wp-json\/wp\/v2\/media\/10121"}],"wp:attachment":[{"href":"https:\/\/www.castingnews.eu\/magazine\/wp-json\/wp\/v2\/media?parent=10120"}],"wp:term":[{"taxonomy":"category","embeddable":true,"href":"https:\/\/www.castingnews.eu\/magazine\/wp-json\/wp\/v2\/categories?post=10120"},{"taxonomy":"post_tag","embeddable":true,"href":"https:\/\/www.castingnews.eu\/magazine\/wp-json\/wp\/v2\/tags?post=10120"}],"curies":[{"name":"wp","href":"https:\/\/api.w.org\/{rel}","templated":true}]}}