{"id":10083,"date":"2025-05-22T14:05:37","date_gmt":"2025-05-22T12:05:37","guid":{"rendered":"https:\/\/www.castingnews.eu\/magazine\/?p=10083"},"modified":"2025-05-22T14:05:39","modified_gmt":"2025-05-22T12:05:39","slug":"al-via-i-casting-a-verbania-per-una-nuova-serie-internazionale-si-cercano-comparse-e-figurazioni-speciali","status":"publish","type":"post","link":"https:\/\/www.castingnews.eu\/magazine\/2025\/05\/22\/al-via-i-casting-a-verbania-per-una-nuova-serie-internazionale-si-cercano-comparse-e-figurazioni-speciali\/","title":{"rendered":"Al via i casting a Verbania per una nuova serie internazionale: si cercano comparse e figurazioni speciali"},"content":{"rendered":"\n<p>Verbania si prepara a diventare set di una nuova<strong> <a href=\"https:\/\/www.castingnews.eu\/news\/news.asp?id_news=11876&amp;id_cat=1\" target=\"_blank\" rel=\"noreferrer noopener\">produzione internazionale<\/a><\/strong> firmata <strong>Indiana Production<\/strong>. Le riprese si svolgeranno tra la seconda met\u00e0 di giugno e la prima settimana di luglio 2025, coinvolgendo il territorio del <strong>Verbano <\/strong>in un progetto di respiro globale.<br>La casa di produzione ha aperto le selezioni per la ricerca di <strong>comparse <\/strong>e <strong>figurazioni speciali<\/strong>, destinate a pi\u00f9 giornate di lavorazione. Il casting si rivolge a uomini e donne tra i 18 e i 60 anni, di qualsiasi etnia e di bella presenza, con un focus su alcune figure professionali e profili specifici in grado di rispondere a esigenze narrative precise.<\/p><div class=\"6d3639e8c6ac292cde400fad8ff8a5b9\" data-index=\"1\" style=\"float: none; margin:10px 0 10px 0; text-align:center;\">\n<script async src=\"\/\/pagead2.googlesyndication.com\/pagead\/js\/adsbygoogle.js\"><\/script>\r\n<!-- Casting Bambini NEW -->\r\n<ins class=\"adsbygoogle\"\r\n     style=\"display:inline-block;width:336px;height:280px\"\r\n     data-ad-client=\"ca-pub-5538097485429833\"\r\n     data-ad-slot=\"5127154445\"><\/ins>\r\n<script>\r\n(adsbygoogle = window.adsbygoogle || []).push({});\r\n<\/script>\n<\/div>\n\n\n\n\n<p>Tra i ruoli richiesti figurano uomini con esperienza reale nel campo della sicurezza, inclusi bodyguard e addetti alla vigilanza, professionisti del settore della ristorazione come camerieri e baristi, nonch\u00e9 uomini di statura pari o superiore a 1,80-1,85 metri. Particolare attenzione \u00e8 riservata anche a figure specializzate come bartender esperti, organisti liturgici, DJ di entrambi i sessi (et\u00e0 tra i 18 e i 40 anni), uomini tra i 40 e i 60 anni con ottima conoscenza dell\u2019inglese e di una seconda lingua straniera (francese o tedesco), e donne anziane tra i 65 e gli 80 anni.<\/p>\n\n\n\n<p>La produzione d\u00e0 priorit\u00e0 ai candidati residenti nelle province di <strong>Verbania<\/strong>, <strong>Novara <\/strong>e <strong>Vercelli<\/strong>. I partecipanti dovranno, ove possibile, presentarsi al casting muniti di due o tre cambi d\u2019abito adatti a una cerimonia nuziale diurna; per chi ne fosse sprovvisto, le misure verranno raccolte in sede.<br>Il casting si terr\u00e0 in presenza domenica 25 maggio 2025 e luned\u00ec 26 maggio.<br><strong>Ulteriori dettagli sul casting sono disponibili sul sito di <a href=\"https:\/\/www.castingnews.eu\/\" target=\"_blank\" rel=\"noreferrer noopener\">Casting News<\/a> al seguente link: <a href=\"https:\/\/www.castingnews.eu\/news\/news.asp?id_news=11876&amp;id_cat=1\" target=\"_blank\" rel=\"noreferrer noopener\">Casting per una serie internazionale<\/a><\/strong><\/p>\n\n\n\n<p>Iscriviti alla\u00a0<strong><a href=\"https:\/\/www.castingnewsletter.eu\/CastingNewsPro\/\" target=\"_blank\" rel=\"noreferrer noopener\">newsletter giornaliera<\/a><\/strong>\u00a0di Casting News Professional per ricevere le ultime notizie sui casting aperti, provini e audizioni.<\/p>\n\n<div style=\"font-size: 0px; height: 0px; line-height: 0px; margin: 0; padding: 0; clear: both;\"><\/div>","protected":false},"excerpt":{"rendered":"<p>Verbania si prepara a diventare set di una nuova produzione internazionale firmata Indiana Production. Le riprese si svolgeranno tra la seconda met\u00e0 di giugno e la prima settimana di luglio 2025, coinvolgendo il territorio del Verbano in un progetto di respiro globale.La casa di produzione ha aperto le selezioni per la ricerca di comparse e [&hellip;]<\/p>\n","protected":false},"author":1,"featured_media":10084,"comment_status":"open","ping_status":"open","sticky":false,"template":"","format":"standard","meta":{"tdm_status":"","tdm_grid_status":"","footnotes":""},"categories":[1462,1463,1533,71,3963,21,31],"tags":[5014,3661,7541,7540,272,273,3940,7538,337,7537,1815,4056,7542,6478,7539,7536],"class_list":{"0":"post-10083","1":"post","2":"type-post","3":"status-publish","4":"format-standard","5":"has-post-thumbnail","7":"category-fiction-tv","8":"category-fiction-tv-casting-provini","9":"category-featured","10":"category-italia-paese","11":"category-piemonte","12":"category-in-primo-piano","13":"category-progetti-tv","14":"tag-bartender","15":"tag-bodyguard","16":"tag-camerieri","17":"tag-casting-in-presenza","18":"tag-casting-magazine","19":"tag-casting-news","20":"tag-casting-piemonte","21":"tag-casting-verbania","22":"tag-comparse","23":"tag-dj","24":"tag-figurazioni-speciali","25":"tag-indiana-production","26":"tag-organisti-liturgici","27":"tag-produzione-televisiva","28":"tag-riprese-giugno-luglio-2025","29":"tag-serie-tv-internazionale"},"yoast_head":"<!-- This site is optimized with the Yoast SEO plugin v27.4 - https:\/\/yoast.com\/product\/yoast-seo-wordpress\/ -->\r\n<title>Al via i casting a Verbania per una nuova serie internazionale: si cercano comparse e figurazioni speciali - Casting News Magazine<\/title>\r\n<meta name=\"description\" content=\"Indiana Production cerca comparse e figurazioni speciali per le riprese previste tra giugno e luglio 2025. Casting il 25 e 26 maggio.\" \/>\r\n<meta name=\"robots\" content=\"index, follow, max-snippet:-1, max-image-preview:large, max-video-preview:-1\" \/>\r\n<link rel=\"canonical\" href=\"https:\/\/www.castingnews.eu\/magazine\/2025\/05\/22\/al-via-i-casting-a-verbania-per-una-nuova-serie-internazionale-si-cercano-comparse-e-figurazioni-speciali\/\" \/>\r\n<meta property=\"og:locale\" content=\"it_IT\" \/>\r\n<meta property=\"og:type\" content=\"article\" \/>\r\n<meta property=\"og:title\" content=\"Al via i casting a Verbania per una nuova serie internazionale: si cercano comparse e figurazioni speciali - Casting News Magazine\" \/>\r\n<meta property=\"og:description\" content=\"Indiana Production cerca comparse e figurazioni speciali per le riprese previste tra giugno e luglio 2025. Casting il 25 e 26 maggio.\" \/>\r\n<meta property=\"og:url\" content=\"https:\/\/www.castingnews.eu\/magazine\/2025\/05\/22\/al-via-i-casting-a-verbania-per-una-nuova-serie-internazionale-si-cercano-comparse-e-figurazioni-speciali\/\" \/>\r\n<meta property=\"og:site_name\" content=\"Casting News Magazine\" \/>\r\n<meta property=\"article:published_time\" content=\"2025-05-22T12:05:37+00:00\" \/>\r\n<meta property=\"article:modified_time\" content=\"2025-05-22T12:05:39+00:00\" \/>\r\n<meta property=\"og:image\" content=\"https:\/\/www.castingnews.eu\/magazine\/wp-content\/uploads\/2025\/05\/verbania-piemonte-set-film-castingnews.jpg\" \/>\r\n\t<meta property=\"og:image:width\" content=\"1200\" \/>\r\n\t<meta property=\"og:image:height\" content=\"670\" \/>\r\n\t<meta property=\"og:image:type\" content=\"image\/jpeg\" \/>\r\n<meta name=\"author\" content=\"Redazione\" \/>\r\n<meta name=\"twitter:card\" content=\"summary_large_image\" \/>\r\n<meta name=\"twitter:label1\" content=\"Scritto da\" \/>\n\t<meta name=\"twitter:data1\" content=\"Redazione\" \/>\n\t<meta name=\"twitter:label2\" content=\"Tempo di lettura stimato\" \/>\n\t<meta name=\"twitter:data2\" content=\"2 minuti\" \/>\r\n<script type=\"application\/ld+json\" class=\"yoast-schema-graph\">{\"@context\":\"https:\\\/\\\/schema.org\",\"@graph\":[{\"@type\":\"Article\",\"@id\":\"https:\\\/\\\/www.castingnews.eu\\\/magazine\\\/2025\\\/05\\\/22\\\/al-via-i-casting-a-verbania-per-una-nuova-serie-internazionale-si-cercano-comparse-e-figurazioni-speciali\\\/#article\",\"isPartOf\":{\"@id\":\"https:\\\/\\\/www.castingnews.eu\\\/magazine\\\/2025\\\/05\\\/22\\\/al-via-i-casting-a-verbania-per-una-nuova-serie-internazionale-si-cercano-comparse-e-figurazioni-speciali\\\/\"},\"author\":{\"name\":\"Redazione\",\"@id\":\"https:\\\/\\\/www.castingnews.eu\\\/magazine\\\/#\\\/schema\\\/person\\\/099d71c568c9a7e5e4037b1594108f17\"},\"headline\":\"Al via i casting a Verbania per una nuova serie internazionale: si cercano comparse e figurazioni speciali\",\"datePublished\":\"2025-05-22T12:05:37+00:00\",\"dateModified\":\"2025-05-22T12:05:39+00:00\",\"mainEntityOfPage\":{\"@id\":\"https:\\\/\\\/www.castingnews.eu\\\/magazine\\\/2025\\\/05\\\/22\\\/al-via-i-casting-a-verbania-per-una-nuova-serie-internazionale-si-cercano-comparse-e-figurazioni-speciali\\\/\"},\"wordCount\":303,\"commentCount\":0,\"image\":{\"@id\":\"https:\\\/\\\/www.castingnews.eu\\\/magazine\\\/2025\\\/05\\\/22\\\/al-via-i-casting-a-verbania-per-una-nuova-serie-internazionale-si-cercano-comparse-e-figurazioni-speciali\\\/#primaryimage\"},\"thumbnailUrl\":\"https:\\\/\\\/www.castingnews.eu\\\/magazine\\\/wp-content\\\/uploads\\\/2025\\\/05\\\/verbania-piemonte-set-film-castingnews.jpg\",\"keywords\":[\"bartender\",\"bodyguard\",\"camerieri\",\"casting in presenza\",\"Casting Magazine\",\"Casting News\",\"Casting Piemonte\",\"casting Verbania\",\"comparse\",\"DJ\",\"figurazioni speciali\",\"Indiana Production\",\"organisti liturgici\",\"produzione televisiva\",\"riprese giugno luglio 2025\",\"serie TV internazionale\"],\"articleSection\":[\"Fiction TV\",\"Fiction TV\",\"In primo piano\",\"Italia\",\"Piemonte\",\"Primo piano\",\"Progetti TV\"],\"inLanguage\":\"it-IT\",\"potentialAction\":[{\"@type\":\"CommentAction\",\"name\":\"Comment\",\"target\":[\"https:\\\/\\\/www.castingnews.eu\\\/magazine\\\/2025\\\/05\\\/22\\\/al-via-i-casting-a-verbania-per-una-nuova-serie-internazionale-si-cercano-comparse-e-figurazioni-speciali\\\/#respond\"]}]},{\"@type\":\"WebPage\",\"@id\":\"https:\\\/\\\/www.castingnews.eu\\\/magazine\\\/2025\\\/05\\\/22\\\/al-via-i-casting-a-verbania-per-una-nuova-serie-internazionale-si-cercano-comparse-e-figurazioni-speciali\\\/\",\"url\":\"https:\\\/\\\/www.castingnews.eu\\\/magazine\\\/2025\\\/05\\\/22\\\/al-via-i-casting-a-verbania-per-una-nuova-serie-internazionale-si-cercano-comparse-e-figurazioni-speciali\\\/\",\"name\":\"Al via i casting a Verbania per una nuova serie internazionale: si cercano comparse e figurazioni speciali - Casting News Magazine\",\"isPartOf\":{\"@id\":\"https:\\\/\\\/www.castingnews.eu\\\/magazine\\\/#website\"},\"primaryImageOfPage\":{\"@id\":\"https:\\\/\\\/www.castingnews.eu\\\/magazine\\\/2025\\\/05\\\/22\\\/al-via-i-casting-a-verbania-per-una-nuova-serie-internazionale-si-cercano-comparse-e-figurazioni-speciali\\\/#primaryimage\"},\"image\":{\"@id\":\"https:\\\/\\\/www.castingnews.eu\\\/magazine\\\/2025\\\/05\\\/22\\\/al-via-i-casting-a-verbania-per-una-nuova-serie-internazionale-si-cercano-comparse-e-figurazioni-speciali\\\/#primaryimage\"},\"thumbnailUrl\":\"https:\\\/\\\/www.castingnews.eu\\\/magazine\\\/wp-content\\\/uploads\\\/2025\\\/05\\\/verbania-piemonte-set-film-castingnews.jpg\",\"datePublished\":\"2025-05-22T12:05:37+00:00\",\"dateModified\":\"2025-05-22T12:05:39+00:00\",\"author\":{\"@id\":\"https:\\\/\\\/www.castingnews.eu\\\/magazine\\\/#\\\/schema\\\/person\\\/099d71c568c9a7e5e4037b1594108f17\"},\"description\":\"Indiana Production cerca comparse e figurazioni speciali per le riprese previste tra giugno e luglio 2025. Casting il 25 e 26 maggio.\",\"breadcrumb\":{\"@id\":\"https:\\\/\\\/www.castingnews.eu\\\/magazine\\\/2025\\\/05\\\/22\\\/al-via-i-casting-a-verbania-per-una-nuova-serie-internazionale-si-cercano-comparse-e-figurazioni-speciali\\\/#breadcrumb\"},\"inLanguage\":\"it-IT\",\"potentialAction\":[{\"@type\":\"ReadAction\",\"target\":[\"https:\\\/\\\/www.castingnews.eu\\\/magazine\\\/2025\\\/05\\\/22\\\/al-via-i-casting-a-verbania-per-una-nuova-serie-internazionale-si-cercano-comparse-e-figurazioni-speciali\\\/\"]}]},{\"@type\":\"ImageObject\",\"inLanguage\":\"it-IT\",\"@id\":\"https:\\\/\\\/www.castingnews.eu\\\/magazine\\\/2025\\\/05\\\/22\\\/al-via-i-casting-a-verbania-per-una-nuova-serie-internazionale-si-cercano-comparse-e-figurazioni-speciali\\\/#primaryimage\",\"url\":\"https:\\\/\\\/www.castingnews.eu\\\/magazine\\\/wp-content\\\/uploads\\\/2025\\\/05\\\/verbania-piemonte-set-film-castingnews.jpg\",\"contentUrl\":\"https:\\\/\\\/www.castingnews.eu\\\/magazine\\\/wp-content\\\/uploads\\\/2025\\\/05\\\/verbania-piemonte-set-film-castingnews.jpg\",\"width\":1200,\"height\":670,\"caption\":\"Al via i casting a Verbania per una serie internazionale\"},{\"@type\":\"BreadcrumbList\",\"@id\":\"https:\\\/\\\/www.castingnews.eu\\\/magazine\\\/2025\\\/05\\\/22\\\/al-via-i-casting-a-verbania-per-una-nuova-serie-internazionale-si-cercano-comparse-e-figurazioni-speciali\\\/#breadcrumb\",\"itemListElement\":[{\"@type\":\"ListItem\",\"position\":1,\"name\":\"Home\",\"item\":\"https:\\\/\\\/www.castingnews.eu\\\/magazine\\\/\"},{\"@type\":\"ListItem\",\"position\":2,\"name\":\"Al via i casting a Verbania per una nuova serie internazionale: si cercano comparse e figurazioni speciali\"}]},{\"@type\":\"WebSite\",\"@id\":\"https:\\\/\\\/www.castingnews.eu\\\/magazine\\\/#website\",\"url\":\"https:\\\/\\\/www.castingnews.eu\\\/magazine\\\/\",\"name\":\"Casting News Magazine\",\"description\":\"News e aggiornamenti sui film, serie tv, teatro e festival italiani ed internazionali\",\"potentialAction\":[{\"@type\":\"SearchAction\",\"target\":{\"@type\":\"EntryPoint\",\"urlTemplate\":\"https:\\\/\\\/www.castingnews.eu\\\/magazine\\\/?s={search_term_string}\"},\"query-input\":{\"@type\":\"PropertyValueSpecification\",\"valueRequired\":true,\"valueName\":\"search_term_string\"}}],\"inLanguage\":\"it-IT\"},{\"@type\":\"Person\",\"@id\":\"https:\\\/\\\/www.castingnews.eu\\\/magazine\\\/#\\\/schema\\\/person\\\/099d71c568c9a7e5e4037b1594108f17\",\"name\":\"Redazione\",\"image\":{\"@type\":\"ImageObject\",\"inLanguage\":\"it-IT\",\"@id\":\"https:\\\/\\\/secure.gravatar.com\\\/avatar\\\/b73a087aa3bd279fb70d24f1960a91c82cf67619395b60b564c90e9e5d5325fc?s=96&d=mm&r=g\",\"url\":\"https:\\\/\\\/secure.gravatar.com\\\/avatar\\\/b73a087aa3bd279fb70d24f1960a91c82cf67619395b60b564c90e9e5d5325fc?s=96&d=mm&r=g\",\"contentUrl\":\"https:\\\/\\\/secure.gravatar.com\\\/avatar\\\/b73a087aa3bd279fb70d24f1960a91c82cf67619395b60b564c90e9e5d5325fc?s=96&d=mm&r=g\",\"caption\":\"Redazione\"},\"description\":\"News e aggiornamenti sui film, serie tv, teatro e festival italiani ed internazionali.\",\"url\":\"https:\\\/\\\/www.castingnews.eu\\\/magazine\\\/author\\\/redazione\\\/\"}]}<\/script>\r\n<!-- \/ Yoast SEO plugin. -->","yoast_head_json":{"title":"Al via i casting a Verbania per una nuova serie internazionale: si cercano comparse e figurazioni speciali - Casting News Magazine","description":"Indiana Production cerca comparse e figurazioni speciali per le riprese previste tra giugno e luglio 2025. Casting il 25 e 26 maggio.","robots":{"index":"index","follow":"follow","max-snippet":"max-snippet:-1","max-image-preview":"max-image-preview:large","max-video-preview":"max-video-preview:-1"},"canonical":"https:\/\/www.castingnews.eu\/magazine\/2025\/05\/22\/al-via-i-casting-a-verbania-per-una-nuova-serie-internazionale-si-cercano-comparse-e-figurazioni-speciali\/","og_locale":"it_IT","og_type":"article","og_title":"Al via i casting a Verbania per una nuova serie internazionale: si cercano comparse e figurazioni speciali - Casting News Magazine","og_description":"Indiana Production cerca comparse e figurazioni speciali per le riprese previste tra giugno e luglio 2025. Casting il 25 e 26 maggio.","og_url":"https:\/\/www.castingnews.eu\/magazine\/2025\/05\/22\/al-via-i-casting-a-verbania-per-una-nuova-serie-internazionale-si-cercano-comparse-e-figurazioni-speciali\/","og_site_name":"Casting News Magazine","article_published_time":"2025-05-22T12:05:37+00:00","article_modified_time":"2025-05-22T12:05:39+00:00","og_image":[{"width":1200,"height":670,"url":"https:\/\/www.castingnews.eu\/magazine\/wp-content\/uploads\/2025\/05\/verbania-piemonte-set-film-castingnews.jpg","type":"image\/jpeg"}],"author":"Redazione","twitter_card":"summary_large_image","twitter_misc":{"Scritto da":"Redazione","Tempo di lettura stimato":"2 minuti"},"schema":{"@context":"https:\/\/schema.org","@graph":[{"@type":"Article","@id":"https:\/\/www.castingnews.eu\/magazine\/2025\/05\/22\/al-via-i-casting-a-verbania-per-una-nuova-serie-internazionale-si-cercano-comparse-e-figurazioni-speciali\/#article","isPartOf":{"@id":"https:\/\/www.castingnews.eu\/magazine\/2025\/05\/22\/al-via-i-casting-a-verbania-per-una-nuova-serie-internazionale-si-cercano-comparse-e-figurazioni-speciali\/"},"author":{"name":"Redazione","@id":"https:\/\/www.castingnews.eu\/magazine\/#\/schema\/person\/099d71c568c9a7e5e4037b1594108f17"},"headline":"Al via i casting a Verbania per una nuova serie internazionale: si cercano comparse e figurazioni speciali","datePublished":"2025-05-22T12:05:37+00:00","dateModified":"2025-05-22T12:05:39+00:00","mainEntityOfPage":{"@id":"https:\/\/www.castingnews.eu\/magazine\/2025\/05\/22\/al-via-i-casting-a-verbania-per-una-nuova-serie-internazionale-si-cercano-comparse-e-figurazioni-speciali\/"},"wordCount":303,"commentCount":0,"image":{"@id":"https:\/\/www.castingnews.eu\/magazine\/2025\/05\/22\/al-via-i-casting-a-verbania-per-una-nuova-serie-internazionale-si-cercano-comparse-e-figurazioni-speciali\/#primaryimage"},"thumbnailUrl":"https:\/\/www.castingnews.eu\/magazine\/wp-content\/uploads\/2025\/05\/verbania-piemonte-set-film-castingnews.jpg","keywords":["bartender","bodyguard","camerieri","casting in presenza","Casting Magazine","Casting News","Casting Piemonte","casting Verbania","comparse","DJ","figurazioni speciali","Indiana Production","organisti liturgici","produzione televisiva","riprese giugno luglio 2025","serie TV internazionale"],"articleSection":["Fiction TV","Fiction TV","In primo piano","Italia","Piemonte","Primo piano","Progetti TV"],"inLanguage":"it-IT","potentialAction":[{"@type":"CommentAction","name":"Comment","target":["https:\/\/www.castingnews.eu\/magazine\/2025\/05\/22\/al-via-i-casting-a-verbania-per-una-nuova-serie-internazionale-si-cercano-comparse-e-figurazioni-speciali\/#respond"]}]},{"@type":"WebPage","@id":"https:\/\/www.castingnews.eu\/magazine\/2025\/05\/22\/al-via-i-casting-a-verbania-per-una-nuova-serie-internazionale-si-cercano-comparse-e-figurazioni-speciali\/","url":"https:\/\/www.castingnews.eu\/magazine\/2025\/05\/22\/al-via-i-casting-a-verbania-per-una-nuova-serie-internazionale-si-cercano-comparse-e-figurazioni-speciali\/","name":"Al via i casting a Verbania per una nuova serie internazionale: si cercano comparse e figurazioni speciali - Casting News Magazine","isPartOf":{"@id":"https:\/\/www.castingnews.eu\/magazine\/#website"},"primaryImageOfPage":{"@id":"https:\/\/www.castingnews.eu\/magazine\/2025\/05\/22\/al-via-i-casting-a-verbania-per-una-nuova-serie-internazionale-si-cercano-comparse-e-figurazioni-speciali\/#primaryimage"},"image":{"@id":"https:\/\/www.castingnews.eu\/magazine\/2025\/05\/22\/al-via-i-casting-a-verbania-per-una-nuova-serie-internazionale-si-cercano-comparse-e-figurazioni-speciali\/#primaryimage"},"thumbnailUrl":"https:\/\/www.castingnews.eu\/magazine\/wp-content\/uploads\/2025\/05\/verbania-piemonte-set-film-castingnews.jpg","datePublished":"2025-05-22T12:05:37+00:00","dateModified":"2025-05-22T12:05:39+00:00","author":{"@id":"https:\/\/www.castingnews.eu\/magazine\/#\/schema\/person\/099d71c568c9a7e5e4037b1594108f17"},"description":"Indiana Production cerca comparse e figurazioni speciali per le riprese previste tra giugno e luglio 2025. Casting il 25 e 26 maggio.","breadcrumb":{"@id":"https:\/\/www.castingnews.eu\/magazine\/2025\/05\/22\/al-via-i-casting-a-verbania-per-una-nuova-serie-internazionale-si-cercano-comparse-e-figurazioni-speciali\/#breadcrumb"},"inLanguage":"it-IT","potentialAction":[{"@type":"ReadAction","target":["https:\/\/www.castingnews.eu\/magazine\/2025\/05\/22\/al-via-i-casting-a-verbania-per-una-nuova-serie-internazionale-si-cercano-comparse-e-figurazioni-speciali\/"]}]},{"@type":"ImageObject","inLanguage":"it-IT","@id":"https:\/\/www.castingnews.eu\/magazine\/2025\/05\/22\/al-via-i-casting-a-verbania-per-una-nuova-serie-internazionale-si-cercano-comparse-e-figurazioni-speciali\/#primaryimage","url":"https:\/\/www.castingnews.eu\/magazine\/wp-content\/uploads\/2025\/05\/verbania-piemonte-set-film-castingnews.jpg","contentUrl":"https:\/\/www.castingnews.eu\/magazine\/wp-content\/uploads\/2025\/05\/verbania-piemonte-set-film-castingnews.jpg","width":1200,"height":670,"caption":"Al via i casting a Verbania per una serie internazionale"},{"@type":"BreadcrumbList","@id":"https:\/\/www.castingnews.eu\/magazine\/2025\/05\/22\/al-via-i-casting-a-verbania-per-una-nuova-serie-internazionale-si-cercano-comparse-e-figurazioni-speciali\/#breadcrumb","itemListElement":[{"@type":"ListItem","position":1,"name":"Home","item":"https:\/\/www.castingnews.eu\/magazine\/"},{"@type":"ListItem","position":2,"name":"Al via i casting a Verbania per una nuova serie internazionale: si cercano comparse e figurazioni speciali"}]},{"@type":"WebSite","@id":"https:\/\/www.castingnews.eu\/magazine\/#website","url":"https:\/\/www.castingnews.eu\/magazine\/","name":"Casting News Magazine","description":"News e aggiornamenti sui film, serie tv, teatro e festival italiani ed internazionali","potentialAction":[{"@type":"SearchAction","target":{"@type":"EntryPoint","urlTemplate":"https:\/\/www.castingnews.eu\/magazine\/?s={search_term_string}"},"query-input":{"@type":"PropertyValueSpecification","valueRequired":true,"valueName":"search_term_string"}}],"inLanguage":"it-IT"},{"@type":"Person","@id":"https:\/\/www.castingnews.eu\/magazine\/#\/schema\/person\/099d71c568c9a7e5e4037b1594108f17","name":"Redazione","image":{"@type":"ImageObject","inLanguage":"it-IT","@id":"https:\/\/secure.gravatar.com\/avatar\/b73a087aa3bd279fb70d24f1960a91c82cf67619395b60b564c90e9e5d5325fc?s=96&d=mm&r=g","url":"https:\/\/secure.gravatar.com\/avatar\/b73a087aa3bd279fb70d24f1960a91c82cf67619395b60b564c90e9e5d5325fc?s=96&d=mm&r=g","contentUrl":"https:\/\/secure.gravatar.com\/avatar\/b73a087aa3bd279fb70d24f1960a91c82cf67619395b60b564c90e9e5d5325fc?s=96&d=mm&r=g","caption":"Redazione"},"description":"News e aggiornamenti sui film, serie tv, teatro e festival italiani ed internazionali.","url":"https:\/\/www.castingnews.eu\/magazine\/author\/redazione\/"}]}},"_links":{"self":[{"href":"https:\/\/www.castingnews.eu\/magazine\/wp-json\/wp\/v2\/posts\/10083","targetHints":{"allow":["GET"]}}],"collection":[{"href":"https:\/\/www.castingnews.eu\/magazine\/wp-json\/wp\/v2\/posts"}],"about":[{"href":"https:\/\/www.castingnews.eu\/magazine\/wp-json\/wp\/v2\/types\/post"}],"author":[{"embeddable":true,"href":"https:\/\/www.castingnews.eu\/magazine\/wp-json\/wp\/v2\/users\/1"}],"replies":[{"embeddable":true,"href":"https:\/\/www.castingnews.eu\/magazine\/wp-json\/wp\/v2\/comments?post=10083"}],"version-history":[{"count":1,"href":"https:\/\/www.castingnews.eu\/magazine\/wp-json\/wp\/v2\/posts\/10083\/revisions"}],"predecessor-version":[{"id":10085,"href":"https:\/\/www.castingnews.eu\/magazine\/wp-json\/wp\/v2\/posts\/10083\/revisions\/10085"}],"wp:featuredmedia":[{"embeddable":true,"href":"https:\/\/www.castingnews.eu\/magazine\/wp-json\/wp\/v2\/media\/10084"}],"wp:attachment":[{"href":"https:\/\/www.castingnews.eu\/magazine\/wp-json\/wp\/v2\/media?parent=10083"}],"wp:term":[{"taxonomy":"category","embeddable":true,"href":"https:\/\/www.castingnews.eu\/magazine\/wp-json\/wp\/v2\/categories?post=10083"},{"taxonomy":"post_tag","embeddable":true,"href":"https:\/\/www.castingnews.eu\/magazine\/wp-json\/wp\/v2\/tags?post=10083"}],"curies":[{"name":"wp","href":"https:\/\/api.w.org\/{rel}","templated":true}]}}